{"id":399,"date":"2021-03-23T14:24:31","date_gmt":"2021-03-23T17:24:31","guid":{"rendered":"https:\/\/publikaai.com.br\/?p=399"},"modified":"2023-03-10T13:40:36","modified_gmt":"2023-03-10T16:40:36","slug":"assessor-de-imprensa","status":"publish","type":"post","link":"https:\/\/publikaai.com.br\/?p=399","title":{"rendered":"O que faz um assessor de imprensa?"},"content":{"rendered":"\t\t<div data-elementor-type=\"wp-post\" data-elementor-id=\"399\" class=\"elementor elementor-399\" data-elementor-post-type=\"post\">\n\t\t\t\t\t\t<section class=\"elementor-section elementor-top-section elementor-element elementor-element-4d3ebbd2 elementor-section-boxed elementor-section-height-default elementor-section-height-default\" data-id=\"4d3ebbd2\" data-element_type=\"section\">\n\t\t\t\t\t\t<div class=\"elementor-container elementor-column-gap-default\">\n\t\t\t\t\t<div class=\"elementor-column elementor-col-100 elementor-top-column elementor-element elementor-element-1fb51a1f\" data-id=\"1fb51a1f\" data-element_type=\"column\">\n\t\t\t<div class=\"elementor-widget-wrap elementor-element-populated\">\n\t\t\t\t\t\t<div class=\"elementor-element elementor-element-57a71014 elementor-widget elementor-widget-text-editor\" data-id=\"57a71014\" data-element_type=\"widget\" data-widget_type=\"text-editor.default\">\n\t\t\t\t<div class=\"elementor-widget-container\">\n\t\t\t\t\t\t\t\t\t<strong>Assessores de imprensa s\u00e3o fofoqueiros de plant\u00e3o<\/strong>! Parece estranho dizer isso, mas pensa comigo: o que faz um fofoqueiro? Ele re\u00fane e propaga informa\u00e7\u00f5es, certo? Quanto melhor o fofoqueiro, mais longe ele faz chegar a informa\u00e7\u00e3o e mais pessoas ficam sabendo sobre o que ele trouxe \u00e0 tona. E sabe o que eu fa\u00e7o todos os dias, h\u00e1 15 anos? <strong>A mesma coisa!<\/strong>\n\nFa\u00e7o com que pessoas comuns virem not\u00edcias! Coloco produtos, servi\u00e7os e empres\u00e1rios na boca dos outros. Mas, diferente do fofoqueiro, as informa\u00e7\u00f5es que levo de uma ponta para a outra s\u00e3o verdadeiras.\n\nFofoqueiros trabalham com hip\u00f3teses, assessores de imprensa trabalham com fatos.\n\nFofoqueiros falam por falar, assessores de imprensa tra\u00e7am estrat\u00e9gias.\n\nFofoqueiros n\u00e3o se preocupam com a repercuss\u00e3o da not\u00edcia, <strong>assessores de imprensa analisam<\/strong> cada evolu\u00e7\u00e3o e preveem cen\u00e1rios\n\nEnt\u00e3o, se voc\u00ea quiser que mais pessoas conhe\u00e7am a sua empresa, os seus produtos e servi\u00e7os, voc\u00ea precisa de um fofoqueiro profissional, ou melhor, um assessor de imprensa, trabalhando em prol da sua marca. E pode apostar que vamos reunir todas as informa\u00e7\u00f5es do seu neg\u00f3cio, vamos desenhar a melhor estrat\u00e9gia para que voc\u00ea comece a ser visto e a ser lembrado por potenciais clientes. De maneira objetiva e eficaz vamos despertar o interesse de outras pessoas pelo seu neg\u00f3cio.<b>\u00a0<\/b>\n<h2><b>Qualquer empresa pode ter uma assessoria de imprensa?<\/b><\/h2>\nManter um relacionamento constante com os jornalistas de diversas m\u00eddias \u00e9 uma importante estrat\u00e9gia para empresas, profissionais liberais, personalidades p\u00fablicas e at\u00e9 \u00f3rg\u00e3os do governo para que assuntos relevantes tenham grande divulga\u00e7\u00e3o e at\u00e9 mesmo para passar a vers\u00e3o institucional sobre determinado acontecimento.\n\nOuso dizer que os assessores de imprensa s\u00e3o essenciais para todos os tipos de organiza\u00e7\u00f5es. Gra\u00e7as ao trabalho destes profissionais, que podem ser formados em jornalismo (que \u00e9 o meu caso) ou rela\u00e7\u00f5es p\u00fablicas, relat\u00f3rios complexos s\u00e3o traduzidos para a linguagem de not\u00edcia, exposi\u00e7\u00f5es neutras s\u00e3o feitas, bem como a\u00e7\u00f5es que tenham objetivo neutralizar alguma crise em que a organiza\u00e7\u00e3o est\u00e1 envolvida.\n\nO assessor atua como um representante oficial e lida, quase que diariamente, com a imprensa, seja ela radiof\u00f4nica, televisiva, impressa ou online, de forma proativa ou reativa, para ampliar a exposi\u00e7\u00e3o da marca em que atua.\n\nInclusive, aqui na Publika\u00ed, uma ag\u00eancia de comunica\u00e7\u00e3o, atuamos como assessor de imprensa para diversos clientes. E, na verdade, n\u00e3o importa se \u00e9 um <a href=\"https:\/\/publikaai.com.br\/marketing\/como-divulgar-escritorio-advocacia\/\">escrit\u00f3rio de advocacia<\/a>, um <a href=\"https:\/\/publikaai.com.br\/marketing\/papel-influenciador-digital\/\">influencer<\/a> ou mesmo empresas de outros segmentos, todos voc\u00eas podem se beneficiar de uma constante exposi\u00e7\u00e3o na imprensa.\n<h2>O que faz um assessor de imprensa?<\/h2>\nComo j\u00e1 dito, esse profissional \u00e9 o representante de uma empresa, pessoa f\u00edsica ou figura p\u00fablica em quaisquer quest\u00f5es relacionadas \u00e0 imprensa. Ele pode ser um trabalhador incorporado \u00e0 organiza\u00e7\u00e3o ou atuar por interm\u00e9dio de uma ag\u00eancia de comunica\u00e7\u00f5es ou rela\u00e7\u00f5es p\u00fablicas, como \u00e9 o nosso caso aqui na Publika\u00ed.\n\nMas quais s\u00e3o as suas fun\u00e7\u00f5es e atividades? Aqui est\u00e1 uma lista de atividades para que voc\u00ea entenda o que faz um assessor de imprensa:\n<ul>\n \t<li aria-level=\"1\">Responder a perguntas e consultas de jornalistas;<\/li>\n \t<li aria-level=\"1\">Redigir e emitir comunicados de imprensa e outros materiais informativos;<\/li>\n \t<li aria-level=\"1\">Gerar interesse nas hist\u00f3rias e campanhas de quem representa;<\/li>\n \t<li aria-level=\"1\">Marcar e coordenar entrevistas com porta-vozes e outros membros da organiza\u00e7\u00e3o;<\/li>\n \t<li aria-level=\"1\">Monitoramento da cobertura da m\u00eddia e preparar relat\u00f3rios de avalia\u00e7\u00e3o;<\/li>\n \t<li aria-level=\"1\">Divulgar informa\u00e7\u00f5es aos meios de comunica\u00e7\u00e3o sobre iniciativas, eventos e lan\u00e7amentos recentes ou futuros;<\/li>\n \t<li aria-level=\"1\">Preparar kits de imprensa (<i>press kits<\/i>);<\/li>\n \t<li aria-level=\"1\">Participar de coletivas de imprensa;<\/li>\n \t<li aria-level=\"1\">Treinar o porta-voz da empresa sobre maneiras de intera\u00e7\u00e3o com os jornalistas durante entrevistas;<\/li>\n \t<li aria-level=\"1\">Fazer um planejamento estrat\u00e9gico para constru\u00e7\u00e3o da reputa\u00e7\u00e3o da marca;<\/li>\n \t<li aria-level=\"1\">\u00c9 a voz da empresa em casos de gerenciamento de crise.<\/li>\n<\/ul>\n\u00c9 poss\u00edvel perceber que um assessor de imprensa faz v\u00e1rias atividades que s\u00e3o estrat\u00e9gicas, tudo isso com um \u00fanico objetivo: cuidar e construir a marca por meio de um relacionamento constante com os jornalistas.\n\nO objetivo do trabalho de um assessor de imprensa\u00a0\u00e9 promover a imagem da empresa de forma positiva, aumentando sua visibilidade, al\u00e9m de despertar o interesse da imprensa nas hist\u00f3rias e campanhas de sua organiza\u00e7\u00e3o.\n\nUma pesquisa recente feita pelo portal <i>Comunique-se<\/i>, divulgada em novembro de 2020, aponta que este profissional \u00e9 a fonte prim\u00e1ria buscada por um jornalista quando busca a vis\u00e3o da empresa sobre um acontecimento.\n<ul>\n \t<li aria-level=\"1\">75% dos jornalistas acreditam que os assessores de imprensa s\u00e3o a fonte mais confi\u00e1vel na divulga\u00e7\u00e3o de informa\u00e7\u00f5es;<\/li>\n \t<li aria-level=\"1\">51% dos jornalistas disseram que a atua\u00e7\u00e3o do assessor \u00e9 essencial para seu trabalho.<\/li>\n<\/ul>\n<a href=\"https:\/\/publikaai.com.br\/imprensa\/assessoria-de-imprensa-x-agencia-de-publicidade\/\">Entenda aqui as diferen\u00e7as entre assessoria de imprensa e ag\u00eancia de propaganda<\/a>.\n<h2>Quais s\u00e3o as ferramentas usadas por assessor de imprensa?<\/h2>\nAgora que j\u00e1 foi poss\u00edvel entender o que faz um assessor de imprensa, quro explicar um pouco sobre as ferramentas que usamos no nosso dia a dia para exercer o nosso trabalho e conquistar notas e entrevistas em diferentes ve\u00edculos de comunica\u00e7\u00e3o.\n<h3>Press release<\/h3>\nEsta \u00e9 uma das ferramentas mais tradicionais e serve para que a empresa informe \u00e0 imprensa sobre diversos acontecimentos e lan\u00e7amentos que ela est\u00e1 preparando. Ele pode ser feito de v\u00e1rios formatos e tem muitos objetivos.\n\nTemos aqui na Publika\u00ed um artigo que justamente explica os diversos <a href=\"https:\/\/publikaai.com.br\/imprensa\/tipos-release-profissional\/\">tipos de releases profissionais. Leia com aten\u00e7\u00e3o!<\/a>\n<h3>Mailing list<\/h3>\n\u00c9 a nossa agenda! No nosso mailing est\u00e3o todas as informa\u00e7\u00f5es dos jornalistas que atuam nas reda\u00e7\u00f5es (nome, telefone, celular, whatsapp, e-mail, o ve\u00edculo em que eles trabalham, as editorias trabalhadas, o tipo de conte\u00fado que ele produz, informa\u00e7\u00f5es sobre o \u00faltimo contato e tamb\u00e9m sobre o sucesso de pautas antigas).\n\nEsse material deve ser constantemente atualizado, uma vez que as reda\u00e7\u00f5es sofrem altera\u00e7\u00f5es constantes.\n\nSem um bom mailing list, o trabalho de um assessor de imprensa ser\u00e1 muito mais complicado e desafiador.\n<h2>Habilidades que um assessor de imprensa deve ter<\/h2>\nEsse profissional n\u00e3o ter\u00e1 um hor\u00e1rio padr\u00e3o de trabalho na maioria das vezes. Al\u00e9m do mais, esta fun\u00e7\u00e3o envolve a liga\u00e7\u00e3o direta com a m\u00eddia, clientes, colegas da imprensa e membros da gest\u00e3o da empresa.\n\nPor isso, algumas habilidades s\u00e3o imprescind\u00edveis para que o assessor de imprensa desenvolva seu trabalho de forma efetiva. Dentre elas, se destacam:\n<ul>\n \t<li aria-level=\"1\">Consci\u00eancia dos diferentes p\u00fablicos e a sensibilidade para saber como trat\u00e1-los;<\/li>\n \t<li aria-level=\"1\">Boa comunica\u00e7\u00e3o interpessoal;<\/li>\n \t<li aria-level=\"1\">Excelente dom\u00ednio da escrita e da fala;<\/li>\n \t<li aria-level=\"1\">Capacidade de persuas\u00e3o;<\/li>\n \t<li aria-level=\"1\">Habilidade em lidar com cr\u00edticas e com a press\u00e3o;<\/li>\n \t<li aria-level=\"1\">Flexibilidade;<\/li>\n \t<li aria-level=\"1\">Facilidade em relacionar-se e trabalhar em equipe;<\/li>\n \t<li aria-level=\"1\">Abertura ao di\u00e1logo;<\/li>\n \t<li aria-level=\"1\">Interesse por not\u00edcias e atualidades.<\/li>\n<\/ul>\n\u00c9 o conjunto dessas qualidades que vai lev\u00e1-lo a desenvolver um bom trabalho e atingir os objetivos iniciais do contrato.\n<h2>Quais s\u00e3o os benef\u00edcios de contratar um assessor de imprensa?<\/h2>\nJ\u00e1 falei aqui sobre quais s\u00e3o as atividades deste profissional e as ferramentas que ele usa na sua rotina, mas voc\u00ea ainda pode ter algumas d\u00favidas sobre quais os benef\u00edcios que ele pode gerar para a sua marca, seja uma personalidade p\u00fablica ou empresa.\n\nSe \u00e9 esse o seu caso, fique tranquilo, pois vou elencar alguns dos benef\u00edcios a seguir.\n<h3>Lan\u00e7amento de novos produtos<\/h3>\nO assessor de imprensa atua em conjunto com o departamento de marketing para \u201ccavar\u201d pautas relacionadas a um novo produto ou servi\u00e7o que a empresa est\u00e1 lan\u00e7ando.\n\nEntre os casos mais famosos est\u00e1 Steve Jobs, ent\u00e3o CEO da Apple, que sempre organizava grandes coletivas de imprensa na semana de lan\u00e7amentos da marca. No dia seguinte, grandes ve\u00edculos repercutiam as falas dele e o que estava por vir.\n<h3>Constru\u00e7\u00e3o de marca<\/h3>\nDurante os anos, a imprensa construiu uma rela\u00e7\u00e3o de credibilidade com a popula\u00e7\u00e3o. Desta forma, as entrevistas e cita\u00e7\u00f5es que nela aparecem acabam por absorver parte desta confian\u00e7a, o que colabora para uma constru\u00e7\u00e3o de marca a m\u00e9dio e longo prazo.\n\nE esse \u00e9 o grande ganho das a\u00e7\u00f5es de uma assessoria de imprensa. Se manter presente na m\u00eddia, te colocar\u00e1 em um patamar diferenciado!\n<h3>Neutraliza\u00e7\u00e3o de crises<\/h3>\nCom o avan\u00e7o da tecnologia e das m\u00eddias sociais, as crises se instauram em segundos e repercutem pelos quatro cantos do pa\u00eds. \u00c9 praticamente inevit\u00e1vel que elas surjam, mas a marca precisa ter um protocolo de atua\u00e7\u00e3o para estas situa\u00e7\u00f5es e tamb\u00e9m ter consci\u00eancia do seu papel na sociedade.\n\nPor exemplo, um caso de agress\u00e3o animal em um importante supermercado na grande S\u00e3o Paulo recebeu muita aten\u00e7\u00e3o dos consumidores, an\u00f4nimos e famosos. O acontecimento repercutiu em jornais regionais e nacionais, com adi\u00e7\u00e3o de outras ocorr\u00eancias que ainda eram desconhecidas.\n\nNestas situa\u00e7\u00f5es, dependendo da abordagem que a marca d\u00e1, a crise \u00e9 ainda mais ampliada.\n\nN\u00e3o basta vir a p\u00fablico e pedir desculpas, \u00e9 necess\u00e1rio informar \u00e0 imprensa para que os consumidores saibam das medidas que a marca tomar\u00e1 a partir deste acontecimento.\n\nO assessor de imprensa por, inclusive, usar o espa\u00e7o para convocar representantes da sociedade para que, juntos, possam elaborar um plano efetivo para que este tipo de situa\u00e7\u00e3o n\u00e3o venha a se repetir dentro das instala\u00e7\u00f5es da empresa.\n<h2>\u00c9 a hora de contratar uma assessoria de imprensa?<\/h2>\nContar com um time de assessores para te auxiliar no relacionamento com a imprensa \u00e9 uma das principais vantagens que voc\u00ea ter\u00e1 ao tomar essa decis\u00e3o. Al\u00e9m disso, voc\u00ea contar\u00e1 com uma empresa que j\u00e1 tem um relacionamento constru\u00eddo com jornalistas e um mailing list bem otimizado.\n\nEste trabalho \u00e9 desafiador, mas extremamente importante. Afinal de contas, se uma empresa ou marca faz algo significativo, mas ningu\u00e9m sabe, como isso poder\u00e1 ser notado? Sua empresa deve investir em comunica\u00e7\u00e3o 360\u00ba, trabalhar com a imprensa e tamb\u00e9m com o marketing para alcan\u00e7ar os objetivos do neg\u00f3cio.\n\nSe depois de entender o que faz um <a href=\"https:\/\/publikaai.com.br\/assessoria-imprensa\/\">assessor de imprensa<\/a> voc\u00ea reconhece a\u00a0 import\u00e2ncia dessa estrat\u00e9gia e quer aumentar a visibilidade da sua marca, <strong>vamos marcar um bate papo<\/strong>. Conhe\u00e7o o caminho para lidar com os jornalistas e colaborar para aumentar a credibilidade do seu neg\u00f3cio.\t\t\t\t\t\t\t\t<\/div>\n\t\t\t\t<\/div>\n\t\t\t\t\t<\/div>\n\t\t<\/div>\n\t\t\t\t\t<\/div>\n\t\t<\/section>\n\t\t\t\t<\/div>\n\t\t","protected":false},"excerpt":{"rendered":"<p>Assessores de imprensa s\u00e3o fofoqueiros de plant\u00e3o! Parece estranho dizer isso, mas pensa comigo: o que faz um fofoqueiro? Ele re\u00fane e propaga informa\u00e7\u00f5es, certo? Quanto melhor o fofoqueiro, mais longe ele faz chegar a informa\u00e7\u00e3o e mais pessoas ficam sabendo sobre o que ele trouxe \u00e0 tona. E sabe o que eu fa\u00e7o todos [&hellip;]<\/p>\n","protected":false},"author":3,"featured_media":397,"comment_status":"open","ping_status":"open","sticky":false,"template":"elementor_canvas","format":"standard","meta":{"_joinchat":[],"footnotes":""},"categories":[3],"tags":[],"class_list":["post-399","post","type-post","status-publish","format-standard","has-post-thumbnail","hentry","category-imprensa"],"yoast_head":"<!-- This site is optimized with the Yoast SEO plugin v20.8 - https:\/\/yoast.com\/wordpress\/plugins\/seo\/ -->\n<title>Assessor de imprensa | O que faz este profissional? Qual a sua utilidade?<\/title>\n<meta name=\"description\" content=\"Ajudar na constru\u00e7\u00e3o de marca e na neutraliza\u00e7\u00e3o de crises s\u00e3o algumas das tarefas atribu\u00eddas ao assessor. Ele atua em diversas frentes ...\" \/>\n<meta name=\"robots\" content=\"index, follow, max-snippet:-1, max-image-preview:large, max-video-preview:-1\" \/>\n<link rel=\"canonical\" href=\"https:\/\/publikaai.com.br\/?p=399\" \/>\n<meta property=\"og:locale\" content=\"pt_BR\" \/>\n<meta property=\"og:type\" content=\"article\" \/>\n<meta property=\"og:title\" content=\"Assessor de imprensa | O que faz este profissional? Qual a sua utilidade?\" \/>\n<meta property=\"og:description\" content=\"Ajudar na constru\u00e7\u00e3o de marca e na neutraliza\u00e7\u00e3o de crises s\u00e3o algumas das tarefas atribu\u00eddas ao assessor. Ele atua em diversas frentes ...\" \/>\n<meta property=\"og:url\" content=\"https:\/\/publikaai.com.br\/?p=399\" \/>\n<meta property=\"og:site_name\" content=\"Publika.a\u00ed Comunica\u00e7\u00e3o\" \/>\n<meta property=\"article:published_time\" content=\"2021-03-23T17:24:31+00:00\" \/>\n<meta property=\"article:modified_time\" content=\"2023-03-10T16:40:36+00:00\" \/>\n<meta property=\"og:image\" content=\"https:\/\/publikaai.com.br\/wp-content\/uploads\/2021\/03\/O-que-faz-um-assessor-de-imprensa.jpg\" \/>\n\t<meta property=\"og:image:width\" content=\"800\" \/>\n\t<meta property=\"og:image:height\" content=\"400\" \/>\n\t<meta property=\"og:image:type\" content=\"image\/jpeg\" \/>\n<meta name=\"author\" content=\"Ludmila Baldoni\" \/>\n<meta name=\"twitter:card\" content=\"summary_large_image\" \/>\n<meta name=\"twitter:label1\" content=\"Escrito por\" \/>\n\t<meta name=\"twitter:data1\" content=\"Ludmila Baldoni\" \/>\n\t<meta name=\"twitter:label2\" content=\"Est. tempo de leitura\" \/>\n\t<meta name=\"twitter:data2\" content=\"9 minutos\" \/>\n<script type=\"application\/ld+json\" class=\"yoast-schema-graph\">{\"@context\":\"https:\/\/schema.org\",\"@graph\":[{\"@type\":\"Article\",\"@id\":\"https:\/\/publikaai.com.br\/?p=399#article\",\"isPartOf\":{\"@id\":\"https:\/\/publikaai.com.br\/?p=399\"},\"author\":{\"name\":\"Ludmila Baldoni\",\"@id\":\"https:\/\/publikaai.com.br\/#\/schema\/person\/2a77ee012024d58d7df0e1f5e29da70a\"},\"headline\":\"O que faz um assessor de imprensa?\",\"datePublished\":\"2021-03-23T17:24:31+00:00\",\"dateModified\":\"2023-03-10T16:40:36+00:00\",\"mainEntityOfPage\":{\"@id\":\"https:\/\/publikaai.com.br\/?p=399\"},\"wordCount\":1763,\"commentCount\":0,\"publisher\":{\"@id\":\"https:\/\/publikaai.com.br\/#organization\"},\"articleSection\":[\"Imprensa\"],\"inLanguage\":\"pt-BR\",\"potentialAction\":[{\"@type\":\"CommentAction\",\"name\":\"Comment\",\"target\":[\"https:\/\/publikaai.com.br\/?p=399#respond\"]}]},{\"@type\":\"WebPage\",\"@id\":\"https:\/\/publikaai.com.br\/?p=399\",\"url\":\"https:\/\/publikaai.com.br\/?p=399\",\"name\":\"Assessor de imprensa | O que faz este profissional? Qual a sua utilidade?\",\"isPartOf\":{\"@id\":\"https:\/\/publikaai.com.br\/#website\"},\"datePublished\":\"2021-03-23T17:24:31+00:00\",\"dateModified\":\"2023-03-10T16:40:36+00:00\",\"description\":\"Ajudar na constru\u00e7\u00e3o de marca e na neutraliza\u00e7\u00e3o de crises s\u00e3o algumas das tarefas atribu\u00eddas ao assessor. Ele atua em diversas frentes ...\",\"breadcrumb\":{\"@id\":\"https:\/\/publikaai.com.br\/?p=399#breadcrumb\"},\"inLanguage\":\"pt-BR\",\"potentialAction\":[{\"@type\":\"ReadAction\",\"target\":[\"https:\/\/publikaai.com.br\/?p=399\"]}]},{\"@type\":\"BreadcrumbList\",\"@id\":\"https:\/\/publikaai.com.br\/?p=399#breadcrumb\",\"itemListElement\":[{\"@type\":\"ListItem\",\"position\":1,\"name\":\"In\u00edcio\",\"item\":\"https:\/\/publikaai.com.br\/\"},{\"@type\":\"ListItem\",\"position\":2,\"name\":\"O que faz um assessor de imprensa?\"}]},{\"@type\":\"WebSite\",\"@id\":\"https:\/\/publikaai.com.br\/#website\",\"url\":\"https:\/\/publikaai.com.br\/\",\"name\":\"Publika.a\u00ed Comunica\u00e7\u00e3o e Marketing\",\"description\":\"Uma ag\u00eancia com foco em resultado, n\u00e3o segmentada e que transita com facilidade em todos os canais e ve\u00edculos de comunica\u00e7\u00e3o.\",\"publisher\":{\"@id\":\"https:\/\/publikaai.com.br\/#organization\"},\"potentialAction\":[{\"@type\":\"SearchAction\",\"target\":{\"@type\":\"EntryPoint\",\"urlTemplate\":\"https:\/\/publikaai.com.br\/?s={search_term_string}\"},\"query-input\":\"required name=search_term_string\"}],\"inLanguage\":\"pt-BR\"},{\"@type\":\"Organization\",\"@id\":\"https:\/\/publikaai.com.br\/#organization\",\"name\":\"Publika.a\u00ed Comunica\u00e7\u00e3o e Marketing\",\"url\":\"https:\/\/publikaai.com.br\/\",\"logo\":{\"@type\":\"ImageObject\",\"inLanguage\":\"pt-BR\",\"@id\":\"https:\/\/publikaai.com.br\/#\/schema\/logo\/image\/\",\"url\":\"https:\/\/publikaai.com.br\/wp-content\/uploads\/2023\/03\/cropped-publika_ai.webp\",\"contentUrl\":\"https:\/\/publikaai.com.br\/wp-content\/uploads\/2023\/03\/cropped-publika_ai.webp\",\"width\":1350,\"height\":352,\"caption\":\"Publika.a\u00ed Comunica\u00e7\u00e3o e Marketing\"},\"image\":{\"@id\":\"https:\/\/publikaai.com.br\/#\/schema\/logo\/image\/\"},\"sameAs\":[\"https:\/\/www.instagram.com\/publika.ai\"]},{\"@type\":\"Person\",\"@id\":\"https:\/\/publikaai.com.br\/#\/schema\/person\/2a77ee012024d58d7df0e1f5e29da70a\",\"name\":\"Ludmila Baldoni\",\"image\":{\"@type\":\"ImageObject\",\"inLanguage\":\"pt-BR\",\"@id\":\"https:\/\/publikaai.com.br\/#\/schema\/person\/image\/\",\"url\":\"https:\/\/secure.gravatar.com\/avatar\/729ce976da06ee45293a97cfb2794a36?s=96&d=mm&r=g\",\"contentUrl\":\"https:\/\/secure.gravatar.com\/avatar\/729ce976da06ee45293a97cfb2794a36?s=96&d=mm&r=g\",\"caption\":\"Ludmila Baldoni\"},\"description\":\"Comunicativa por natureza ingressou na faculdade de jornalismo ciente do que queria para a sua trajet\u00f3ria profissional e desde ent\u00e3o, a assessoria de imprensa se tornou sua grande paix\u00e3o. Com mais de quinze anos de experi\u00eancia, j\u00e1 atuou como consultora em projetos de comunica\u00e7\u00e3o, coordenou e liderou equipes de jornalistas, organizou feiras e eventos, gerenciou a\u00e7\u00f5es de marketing em todo o pa\u00eds. Durante seis foi anos foi s\u00f3cia de uma assessoria de imprensa e recentemente decidiu buscar v\u00f4os mais altos e fundou a Publika\u00ed, uma ag\u00eancia que tem como miss\u00e3o encontrar solu\u00e7\u00f5es de comunica\u00e7\u00e3o atrav\u00e9s de modelos multissetorias.\",\"url\":\"https:\/\/publikaai.com.br\/?author=3\"}]}<\/script>\n<!-- \/ Yoast SEO plugin. -->","yoast_head_json":{"title":"Assessor de imprensa | O que faz este profissional? Qual a sua utilidade?","description":"Ajudar na constru\u00e7\u00e3o de marca e na neutraliza\u00e7\u00e3o de crises s\u00e3o algumas das tarefas atribu\u00eddas ao assessor. Ele atua em diversas frentes ...","robots":{"index":"index","follow":"follow","max-snippet":"max-snippet:-1","max-image-preview":"max-image-preview:large","max-video-preview":"max-video-preview:-1"},"canonical":"https:\/\/publikaai.com.br\/?p=399","og_locale":"pt_BR","og_type":"article","og_title":"Assessor de imprensa | O que faz este profissional? Qual a sua utilidade?","og_description":"Ajudar na constru\u00e7\u00e3o de marca e na neutraliza\u00e7\u00e3o de crises s\u00e3o algumas das tarefas atribu\u00eddas ao assessor. Ele atua em diversas frentes ...","og_url":"https:\/\/publikaai.com.br\/?p=399","og_site_name":"Publika.a\u00ed Comunica\u00e7\u00e3o","article_published_time":"2021-03-23T17:24:31+00:00","article_modified_time":"2023-03-10T16:40:36+00:00","og_image":[{"width":800,"height":400,"url":"https:\/\/publikaai.com.br\/wp-content\/uploads\/2021\/03\/O-que-faz-um-assessor-de-imprensa.jpg","type":"image\/jpeg"}],"author":"Ludmila Baldoni","twitter_card":"summary_large_image","twitter_misc":{"Escrito por":"Ludmila Baldoni","Est. tempo de leitura":"9 minutos"},"schema":{"@context":"https:\/\/schema.org","@graph":[{"@type":"Article","@id":"https:\/\/publikaai.com.br\/?p=399#article","isPartOf":{"@id":"https:\/\/publikaai.com.br\/?p=399"},"author":{"name":"Ludmila Baldoni","@id":"https:\/\/publikaai.com.br\/#\/schema\/person\/2a77ee012024d58d7df0e1f5e29da70a"},"headline":"O que faz um assessor de imprensa?","datePublished":"2021-03-23T17:24:31+00:00","dateModified":"2023-03-10T16:40:36+00:00","mainEntityOfPage":{"@id":"https:\/\/publikaai.com.br\/?p=399"},"wordCount":1763,"commentCount":0,"publisher":{"@id":"https:\/\/publikaai.com.br\/#organization"},"articleSection":["Imprensa"],"inLanguage":"pt-BR","potentialAction":[{"@type":"CommentAction","name":"Comment","target":["https:\/\/publikaai.com.br\/?p=399#respond"]}]},{"@type":"WebPage","@id":"https:\/\/publikaai.com.br\/?p=399","url":"https:\/\/publikaai.com.br\/?p=399","name":"Assessor de imprensa | O que faz este profissional? Qual a sua utilidade?","isPartOf":{"@id":"https:\/\/publikaai.com.br\/#website"},"datePublished":"2021-03-23T17:24:31+00:00","dateModified":"2023-03-10T16:40:36+00:00","description":"Ajudar na constru\u00e7\u00e3o de marca e na neutraliza\u00e7\u00e3o de crises s\u00e3o algumas das tarefas atribu\u00eddas ao assessor. Ele atua em diversas frentes ...","breadcrumb":{"@id":"https:\/\/publikaai.com.br\/?p=399#breadcrumb"},"inLanguage":"pt-BR","potentialAction":[{"@type":"ReadAction","target":["https:\/\/publikaai.com.br\/?p=399"]}]},{"@type":"BreadcrumbList","@id":"https:\/\/publikaai.com.br\/?p=399#breadcrumb","itemListElement":[{"@type":"ListItem","position":1,"name":"In\u00edcio","item":"https:\/\/publikaai.com.br\/"},{"@type":"ListItem","position":2,"name":"O que faz um assessor de imprensa?"}]},{"@type":"WebSite","@id":"https:\/\/publikaai.com.br\/#website","url":"https:\/\/publikaai.com.br\/","name":"Publika.a\u00ed Comunica\u00e7\u00e3o e Marketing","description":"Uma ag\u00eancia com foco em resultado, n\u00e3o segmentada e que transita com facilidade em todos os canais e ve\u00edculos de comunica\u00e7\u00e3o.","publisher":{"@id":"https:\/\/publikaai.com.br\/#organization"},"potentialAction":[{"@type":"SearchAction","target":{"@type":"EntryPoint","urlTemplate":"https:\/\/publikaai.com.br\/?s={search_term_string}"},"query-input":"required name=search_term_string"}],"inLanguage":"pt-BR"},{"@type":"Organization","@id":"https:\/\/publikaai.com.br\/#organization","name":"Publika.a\u00ed Comunica\u00e7\u00e3o e Marketing","url":"https:\/\/publikaai.com.br\/","logo":{"@type":"ImageObject","inLanguage":"pt-BR","@id":"https:\/\/publikaai.com.br\/#\/schema\/logo\/image\/","url":"https:\/\/publikaai.com.br\/wp-content\/uploads\/2023\/03\/cropped-publika_ai.webp","contentUrl":"https:\/\/publikaai.com.br\/wp-content\/uploads\/2023\/03\/cropped-publika_ai.webp","width":1350,"height":352,"caption":"Publika.a\u00ed Comunica\u00e7\u00e3o e Marketing"},"image":{"@id":"https:\/\/publikaai.com.br\/#\/schema\/logo\/image\/"},"sameAs":["https:\/\/www.instagram.com\/publika.ai"]},{"@type":"Person","@id":"https:\/\/publikaai.com.br\/#\/schema\/person\/2a77ee012024d58d7df0e1f5e29da70a","name":"Ludmila Baldoni","image":{"@type":"ImageObject","inLanguage":"pt-BR","@id":"https:\/\/publikaai.com.br\/#\/schema\/person\/image\/","url":"https:\/\/secure.gravatar.com\/avatar\/729ce976da06ee45293a97cfb2794a36?s=96&d=mm&r=g","contentUrl":"https:\/\/secure.gravatar.com\/avatar\/729ce976da06ee45293a97cfb2794a36?s=96&d=mm&r=g","caption":"Ludmila Baldoni"},"description":"Comunicativa por natureza ingressou na faculdade de jornalismo ciente do que queria para a sua trajet\u00f3ria profissional e desde ent\u00e3o, a assessoria de imprensa se tornou sua grande paix\u00e3o. Com mais de quinze anos de experi\u00eancia, j\u00e1 atuou como consultora em projetos de comunica\u00e7\u00e3o, coordenou e liderou equipes de jornalistas, organizou feiras e eventos, gerenciou a\u00e7\u00f5es de marketing em todo o pa\u00eds. Durante seis foi anos foi s\u00f3cia de uma assessoria de imprensa e recentemente decidiu buscar v\u00f4os mais altos e fundou a Publika\u00ed, uma ag\u00eancia que tem como miss\u00e3o encontrar solu\u00e7\u00f5es de comunica\u00e7\u00e3o atrav\u00e9s de modelos multissetorias.","url":"https:\/\/publikaai.com.br\/?author=3"}]}},"_links":{"self":[{"href":"https:\/\/publikaai.com.br\/index.php?rest_route=\/wp\/v2\/posts\/399","targetHints":{"allow":["GET"]}}],"collection":[{"href":"https:\/\/publikaai.com.br\/index.php?rest_route=\/wp\/v2\/posts"}],"about":[{"href":"https:\/\/publikaai.com.br\/index.php?rest_route=\/wp\/v2\/types\/post"}],"author":[{"embeddable":true,"href":"https:\/\/publikaai.com.br\/index.php?rest_route=\/wp\/v2\/users\/3"}],"replies":[{"embeddable":true,"href":"https:\/\/publikaai.com.br\/index.php?rest_route=%2Fwp%2Fv2%2Fcomments&post=399"}],"version-history":[{"count":6,"href":"https:\/\/publikaai.com.br\/index.php?rest_route=\/wp\/v2\/posts\/399\/revisions"}],"predecessor-version":[{"id":1178,"href":"https:\/\/publikaai.com.br\/index.php?rest_route=\/wp\/v2\/posts\/399\/revisions\/1178"}],"wp:featuredmedia":[{"embeddable":true,"href":"https:\/\/publikaai.com.br\/index.php?rest_route=\/wp\/v2\/media\/397"}],"wp:attachment":[{"href":"https:\/\/publikaai.com.br\/index.php?rest_route=%2Fwp%2Fv2%2Fmedia&parent=399"}],"wp:term":[{"taxonomy":"category","embeddable":true,"href":"https:\/\/publikaai.com.br\/index.php?rest_route=%2Fwp%2Fv2%2Fcategories&post=399"},{"taxonomy":"post_tag","embeddable":true,"href":"https:\/\/publikaai.com.br\/index.php?rest_route=%2Fwp%2Fv2%2Ftags&post=399"}],"curies":[{"name":"wp","href":"https:\/\/api.w.org\/{rel}","templated":true}]}}