{"id":427,"date":"2021-05-17T17:59:16","date_gmt":"2021-05-17T20:59:16","guid":{"rendered":"https:\/\/publikaai.com.br\/?p=427"},"modified":"2023-03-10T13:35:40","modified_gmt":"2023-03-10T16:35:40","slug":"o-que-e-rp","status":"publish","type":"post","link":"https:\/\/publikaai.com.br\/?p=427","title":{"rendered":"O que \u00e9 RP ou PR? Entenda o significado e atividades desse profissional"},"content":{"rendered":"\t\t<div data-elementor-type=\"wp-post\" data-elementor-id=\"427\" class=\"elementor elementor-427\" data-elementor-post-type=\"post\">\n\t\t\t\t\t\t<section class=\"elementor-section elementor-top-section elementor-element elementor-element-6c5ebd8 elementor-section-boxed elementor-section-height-default elementor-section-height-default\" data-id=\"6c5ebd8\" data-element_type=\"section\">\n\t\t\t\t\t\t<div class=\"elementor-container elementor-column-gap-default\">\n\t\t\t\t\t<div class=\"elementor-column elementor-col-100 elementor-top-column elementor-element elementor-element-13292d5e\" data-id=\"13292d5e\" data-element_type=\"column\">\n\t\t\t<div class=\"elementor-widget-wrap\">\n\t\t\t\t\t\t\t<\/div>\n\t\t<\/div>\n\t\t\t\t\t<\/div>\n\t\t<\/section>\n\t\t\t\t<section class=\"elementor-section elementor-top-section elementor-element elementor-element-2f2ce606 elementor-section-boxed elementor-section-height-default elementor-section-height-default\" data-id=\"2f2ce606\" data-element_type=\"section\" data-settings=\"{&quot;background_background&quot;:&quot;classic&quot;}\">\n\t\t\t\t\t\t\t<div class=\"elementor-background-overlay\"><\/div>\n\t\t\t\t\t\t\t<div class=\"elementor-container elementor-column-gap-default\">\n\t\t\t\t\t<div class=\"elementor-column elementor-col-100 elementor-top-column elementor-element elementor-element-15d35fea\" data-id=\"15d35fea\" data-element_type=\"column\">\n\t\t\t<div class=\"elementor-widget-wrap elementor-element-populated\">\n\t\t\t\t\t\t<div class=\"elementor-element elementor-element-788202ad elementor-invisible elementor-widget elementor-widget-heading\" data-id=\"788202ad\" data-element_type=\"widget\" data-settings=\"{&quot;_animation&quot;:&quot;fadeInUp&quot;}\" data-widget_type=\"heading.default\">\n\t\t\t\t<div class=\"elementor-widget-container\">\n\t\t\t\t\t<h6 class=\"elementor-heading-title elementor-size-default\"><a href=\"https:\/\/publikaai.com.br\/?cat=5\" rel=\"tag\">Comunica\u00e7\u00e3o<\/a><\/h6>\t\t\t\t<\/div>\n\t\t\t\t<\/div>\n\t\t\t\t<div class=\"elementor-element elementor-element-67626796 elementor-invisible elementor-widget elementor-widget-theme-post-title elementor-page-title elementor-widget-heading\" data-id=\"67626796\" data-element_type=\"widget\" data-settings=\"{&quot;_animation&quot;:&quot;fadeInRight&quot;}\" data-widget_type=\"theme-post-title.default\">\n\t\t\t\t<div class=\"elementor-widget-container\">\n\t\t\t\t\t<h1 class=\"elementor-heading-title elementor-size-default\">O que \u00e9 RP ou PR? Entenda o significado e atividades desse profissional<\/h1>\t\t\t\t<\/div>\n\t\t\t\t<\/div>\n\t\t\t\t<div class=\"elementor-element elementor-element-549dca35 elementor-invisible elementor-widget elementor-widget-post-info\" data-id=\"549dca35\" data-element_type=\"widget\" data-settings=\"{&quot;_animation&quot;:&quot;fadeInDown&quot;}\" data-widget_type=\"post-info.default\">\n\t\t\t\t<div class=\"elementor-widget-container\">\n\t\t\t\t\t\t\t<ul class=\"elementor-inline-items elementor-icon-list-items elementor-post-info\">\n\t\t\t\t\t\t\t\t<li class=\"elementor-icon-list-item elementor-repeater-item-78f1a26 elementor-inline-item\" itemprop=\"author\">\n\t\t\t\t\t\t<a href=\"https:\/\/publikaai.com.br\/?author=3\">\n\t\t\t\t\t\t\t\t\t\t\t<span class=\"elementor-icon-list-icon\">\n\t\t\t\t\t\t\t\t<i aria-hidden=\"true\" class=\"material-icons md-verified\" data-md-icon=\"verified\"><\/i>\t\t\t\t\t\t\t<\/span>\n\t\t\t\t\t\t\t\t\t<span class=\"elementor-icon-list-text elementor-post-info__item elementor-post-info__item--type-author\">\n\t\t\t\t\t\t\t\t\t\tLudmila Baldoni\t\t\t\t\t<\/span>\n\t\t\t\t\t\t\t\t\t<\/a>\n\t\t\t\t<\/li>\n\t\t\t\t<li class=\"elementor-icon-list-item elementor-repeater-item-34fd165 elementor-inline-item\" itemprop=\"datePublished\">\n\t\t\t\t\t\t<a href=\"https:\/\/publikaai.com.br\/?m=20210517\">\n\t\t\t\t\t\t\t\t\t\t\t<span class=\"elementor-icon-list-icon\">\n\t\t\t\t\t\t\t\t<i aria-hidden=\"true\" class=\"material-icons md-calendar_today\" data-md-icon=\"calendar_today\"><\/i>\t\t\t\t\t\t\t<\/span>\n\t\t\t\t\t\t\t\t\t<span class=\"elementor-icon-list-text elementor-post-info__item elementor-post-info__item--type-date\">\n\t\t\t\t\t\t\t\t\t\t<time>maio 17, 2021<\/time>\t\t\t\t\t<\/span>\n\t\t\t\t\t\t\t\t\t<\/a>\n\t\t\t\t<\/li>\n\t\t\t\t<\/ul>\n\t\t\t\t\t\t<\/div>\n\t\t\t\t<\/div>\n\t\t\t\t\t<\/div>\n\t\t<\/div>\n\t\t\t\t\t<\/div>\n\t\t<\/section>\n\t\t\t\t<section class=\"elementor-section elementor-top-section elementor-element elementor-element-2abd7e7d elementor-section-boxed elementor-section-height-default elementor-section-height-default\" data-id=\"2abd7e7d\" data-element_type=\"section\">\n\t\t\t\t\t\t<div class=\"elementor-container elementor-column-gap-default\">\n\t\t\t\t\t<div class=\"elementor-column elementor-col-66 elementor-top-column elementor-element elementor-element-632fe11f animated-fast elementor-invisible\" data-id=\"632fe11f\" data-element_type=\"column\" data-settings=\"{&quot;background_background&quot;:&quot;classic&quot;,&quot;animation&quot;:&quot;fadeInUp&quot;}\">\n\t\t\t<div class=\"elementor-widget-wrap elementor-element-populated\">\n\t\t\t\t\t\t<div class=\"elementor-element elementor-element-59dee15b elementor-widget elementor-widget-theme-post-featured-image elementor-widget-image\" data-id=\"59dee15b\" data-element_type=\"widget\" data-widget_type=\"theme-post-featured-image.default\">\n\t\t\t\t<div class=\"elementor-widget-container\">\n\t\t\t\t\t\t\t\t\t\t\t\t\t\t\t<img fetchpriority=\"high\" decoding=\"async\" width=\"800\" height=\"400\" src=\"https:\/\/publikaai.com.br\/wp-content\/uploads\/2021\/05\/o-que-e-rp.jpg\" class=\"attachment-full size-full wp-image-426\" alt=\"o que \u00e9 rp\" srcset=\"https:\/\/publikaai.com.br\/wp-content\/uploads\/2021\/05\/o-que-e-rp.jpg 800w, https:\/\/publikaai.com.br\/wp-content\/uploads\/2021\/05\/o-que-e-rp-300x150.jpg 300w, https:\/\/publikaai.com.br\/wp-content\/uploads\/2021\/05\/o-que-e-rp-768x384.jpg 768w, https:\/\/publikaai.com.br\/wp-content\/uploads\/2021\/05\/o-que-e-rp-260x130.jpg 260w, https:\/\/publikaai.com.br\/wp-content\/uploads\/2021\/05\/o-que-e-rp-50x25.jpg 50w, https:\/\/publikaai.com.br\/wp-content\/uploads\/2021\/05\/o-que-e-rp-150x75.jpg 150w\" sizes=\"(max-width: 800px) 100vw, 800px\" \/>\t\t\t\t\t\t\t\t\t\t\t\t\t\t\t<\/div>\n\t\t\t\t<\/div>\n\t\t\t\t<div class=\"elementor-element elementor-element-549ef5e0 elementor-widget elementor-widget-text-editor\" data-id=\"549ef5e0\" data-element_type=\"widget\" data-widget_type=\"text-editor.default\">\n\t\t\t\t<div class=\"elementor-widget-container\">\n\t\t\t\t\t\t\t\t\tEm todos os setores existem jarg\u00f5es espec\u00edficos e, se n\u00e3o atuamos diretamente nestes mercados, \u00e9 comum ficarmos na d\u00favida se estamos conversando com o profissional mais indicado para a nossa necessidade.\r\n\r\nNeste momento, algumas pessoas me questionam <strong>o que \u00e9 RP<\/strong>, o que significa PR? Para te ajudar a compreender melhor estas siglas, continue a leitura deste texto.\r\n\r\nEnt\u00e3o neste artigo eu quero falar um pouco sobre os nomes usados para designar a minha profiss\u00e3o, a <b>assessoria de imprensa<\/b>. Eu sou jornalista por forma\u00e7\u00e3o, mas \u00e0s vezes me refiro a mim mesma como <b>RP<\/b> ou <b>PR<\/b>.\r\n\r\nE sabe por que eu fa\u00e7o isso? Porque o termo PR (leia-se <b>piar)<\/b>, significa <b><i>Public Relations<\/i><\/b>, ou seja, <b>Rela\u00e7\u00f5es P\u00fablicas<\/b>, o famoso RP ou para os \u00edntimos (<b>errep\u00ea<\/b>).\r\n\r\nE se voc\u00ea acha que o tempo RP \u00e9 usado apenas para quem tem forma\u00e7\u00e3o em Rela\u00e7\u00f5es P\u00fablicas, eu vou te surpreender, j\u00e1 que atualmente n\u00e3o \u00e9 mais assim. Antigamente, apenas as pessoas com essa forma\u00e7\u00e3o atuavam nos departamentos de comunica\u00e7\u00e3o, por isso, a sigla RP ganhou for\u00e7a dentro e fora das ag\u00eancias.\r\n<h2>Uma realidade em transi\u00e7\u00e3o<\/h2>\r\nCom o passar dos anos, os jornalistas come\u00e7aram a conquistar espa\u00e7o nesse mercado, j\u00e1 que al\u00e9m de promover o di\u00e1logo real e desenvolver um clima de boa vontade junto aos p\u00fablicos interno e externo, eles tamb\u00e9m tinham habilidade em integrar o assessorado na sociedade, intermediando as rela\u00e7\u00f5es deles com os profissionais das reda\u00e7\u00f5es.\r\n\r\nE assim, os jornalistas que conheciam o \u201c<b>outro lado do balc\u00e3o<\/b>\u201d se tornaram colegas de trabalho dos profissionais de Rela\u00e7\u00f5es P\u00fablicas e as ag\u00eancias ganharam outros olhares e outras habilidades.\r\n\r\nOs jornalistas detinham o conhecimento sobre linguagem e formato textual, oferecendo pautas personalizadas, pensadas para cada p\u00fablico, com a linguagem e a caracter\u00edstica do ve\u00edculo em quest\u00e3o e aprenderam com os RP t\u00e9cnicas de negocia\u00e7\u00e3o e de relacionamento.\r\n\r\nLogo, para entender o que \u00e9 RP conv\u00e9m aprofundar os conhecimentos em exposi\u00e7\u00e3o de marca, releases, atua\u00e7\u00e3o da imprensa e intermedia\u00e7\u00e3o entre assessorados e reda\u00e7\u00f5es para promover uma bela exposi\u00e7\u00e3o de empresas e tamb\u00e9m de personalidades.\r\n\r\nAqui, em alguns casos, cabe ainda ao RP ou ao jornalista preparar um <a href=\"https:\/\/publikaai.com.br\/imprensa\/media-training\/\">media training<\/a> (treinamento de m\u00eddia) para que o assessorado consiga aproveitar ao m\u00e1ximo a exposi\u00e7\u00e3o quando em contato com uma reda\u00e7\u00e3o.\r\n<h2>Transforma\u00e7\u00f5es das assessorias de comunica\u00e7\u00e3o<\/h2>\r\nUma boa <b>ASCOM<\/b> (Assessoria de Comunica\u00e7\u00e3o) possui profissionais multidisciplinares, com forma\u00e7\u00f5es diferentes (jornalismo, rela\u00e7\u00f5es p\u00fablicas, marketing, publicidade, m\u00eddias sociais, copywriter, designer) agregando e oferecendo diferentes olhares para um mesmo projeto. A tal da comunica\u00e7\u00e3o 360\u00ba.\r\n\r\nAgora, se voc\u00ea me perguntar se \u00e9 poss\u00edvel desenhar um projeto de comunica\u00e7\u00e3o com um destes profissionais apenas ou com aquele primo que fala bem, sabe vender e brinca com cria\u00e7\u00e3o (que todo mundo tem), eu vou dizer que d\u00e1. Claro que d\u00e1. Com boa vontade e \u00e9tica \u00e9 poss\u00edvel fazer qualquer coisa e obter um bom resultado.\r\n\r\nMas, se a ideia \u00e9 oferecer um trabalho completo, alinhado com as suas expectativas, a\u00ed \u00e9 melhor deixar com quem entende.\r\n\r\nAfinal, a equipe de comunica\u00e7\u00e3o precisa identificar os problemas, desenhar solu\u00e7\u00f5es para melhorar o relacionamento com seus v\u00e1rios p\u00fablicos, definir m\u00e9tricas de avalia\u00e7\u00e3o e criar estrat\u00e9gias de comunica\u00e7\u00e3o e marketing.\r\n\r\nPor isso, entender <strong>o que \u00e9 um RP<\/strong>, o que faz uma ASCOM e as metas da sua equipe de comunica\u00e7\u00e3o vai ajudar a definir o modelo de trabalho que ser\u00e1 mais recomendado.\r\n\r\nInclusive, se sua marca tem grande visibilidade, vale tamb\u00e9m <a href=\"https:\/\/publikaai.com.br\/marketing\/monitoramento-de-marca\/\">investir em monitoramento<\/a> para que, ao primeiro sinal de crise, o departamento de comunica\u00e7\u00e3o consiga agir da melhor forma e reduzir os efeitos negativos.\r\n<ul>\r\n \t<li aria-level=\"1\"><a href=\"https:\/\/publikaai.com.br\/imprensa\/assessor-de-imprensa\/\">Saiba o que faz um assessor de imprensa<\/a><\/li>\r\n<\/ul>\r\n<h2><b>Entenda as etapas da comunica\u00e7\u00e3o<\/b><\/h2>\r\nDepois de explicar o que \u00e9 RP \/ PR e as atividades de uma assessoria de comunica\u00e7\u00e3o, agora vou detalhar para voc\u00ea as etapas que envolvem a produ\u00e7\u00e3o de conte\u00fado e a rela\u00e7\u00e3o com a imprensa.\r\n\r\nNeste contexto, entendo que voc\u00ea tem uma empresa e quer atrair novos consumidores e clientes. Para isso, siga as seguintes etapas:\r\n\r\nPasso 01 \u2013 eles precisam saber que voc\u00ea existe;\r\n\r\nPasso 02 \u2013 depois que eles te descobrirem, eles precisar\u00e3o saber no que voc\u00ea \u00e9 bom e o que te destaca da concorr\u00eancia;\r\n\r\nPasso 03 \u2013 agora que ele j\u00e1 sabe sobre isso, ele precisa de refer\u00eancias e vai pesquisar sobre voc\u00ea em todas as plataformas;\r\n\r\nPasso 04 \u2013 ele est\u00e1 tentado a consumir o seu produto, e \u00e9 aqui que voc\u00ea conquista o novo cliente. Ent\u00e3o, \u00e9 preciso ter um site com bons conte\u00fados, redes sociais atualizadas, atendimento online e uma boa reputa\u00e7\u00e3o.\r\n\r\nAcima est\u00e1 o ciclo perfeito que toda empresa busca. Mas, na pr\u00e1tica, se o p\u00fablico n\u00e3o te conhece, n\u00e3o sabe sobre as suas solu\u00e7\u00f5es, n\u00e3o encontra nenhuma cita\u00e7\u00e3o sobre o seu trabalho ou ainda encontrar um caminho ruim de convers\u00e3o, certamente ele vai desistir da compra.\r\n\r\n\u00c9 neste momento que grandes empresas perdem clientes e deixam de cumprir as metas do neg\u00f3cio, j\u00e1 que o consumidor recorre \u00e0 concorr\u00eancia.\r\n<h2>Como n\u00e3o perder novos clientes?<\/h2>\r\nO seu cliente (novo ou antigo) precisa ser impactado por voc\u00ea o tempo todo. N\u00e3o adianta atra\u00ed-lo para a sua rede social se n\u00e3o tiver uma equipe de vendas forte, um suporte por tr\u00e1s destas p\u00e1ginas que ir\u00e1 dar aten\u00e7\u00e3o, sanar d\u00favidas e efetuar a venda.\r\n\r\nDa mesma maneira que se a pessoa n\u00e3o encontrar informa\u00e7\u00f5es suficientes em seu site ou na internet; ou pior, se ela encontrar apenas uma ou outra avalia\u00e7\u00e3o negativa sobre a sua empresa.\r\n\r\nMas, se ela encontrar outras pessoas falando sobre a marca, a sua empresa e o seu produto, voc\u00ea sai na frente (conquistou a t\u00e3o sonhada prova social). Afinal, quando uma terceira pessoa fala sobre uma determinada marca, voc\u00ea atinge um <a href=\"https:\/\/publikaai.com.br\/marketing\/gatilhos-mentais-para-vendas-online\/\">gatilho mental<\/a> importante na tomada de decis\u00e3o.\r\n\r\nAssim, contar com a expertise de uma ASCOM te auxiliar\u00e1 a pensar nas demandas necess\u00e1rias para que voc\u00ea alcance visibilidade, al\u00e9m de produzir conte\u00fado qualificado para atrair, engajar e reter a sua audi\u00eancia, seja nos seus canais ou em ve\u00edculos de comunica\u00e7\u00e3o.\r\n\r\nAgora que voc\u00ea j\u00e1 compreende melhor o que \u00e9 RP e como esse profissional atua de forma estrat\u00e9gica para fortalecer a imagem da empresa para a opini\u00e3o p\u00fablica, al\u00e9m de atuar no processo que leva a uma convers\u00e3o, gostaria ent\u00e3o de te convidar a refletir: como est\u00e1 a visibilidade atual da sua marca?\r\n<h2>Quer melhorar a imagem da sua empresa?<\/h2>\r\nTer exposi\u00e7\u00e3o na m\u00eddia \u00e9 um trabalho que existe diversas atividades, desde a interpreta\u00e7\u00e3o do que \u00e9 not\u00edcia, sele\u00e7\u00e3o dos fatos, elabora\u00e7\u00e3o do conte\u00fado at\u00e9 o relacionamento constante com os jornalistas no dia a dia.\r\n\r\nAl\u00e9m disso, se mostrar presente sempre que os jornalistas necessitam de uma fonte para exemplificar algum tema abre as portas para conseguir cavar oportunidades para destacar sua empresa no futuro.\r\n\r\nSe voc\u00ea tem feito todo esse trabalho e a sua empresa n\u00e3o consegue a visibilidade que merece, est\u00e1 na hora de marcar um bate papo com a nossa equipe aqui da Publika\u00ed.\r\n\r\nS\u00e3o mais de 15 anos atuando no trabalho de relacionamento com a m\u00eddia por meio de assessoria de imprensa com milhares de pautas publicadas, alcan\u00e7ando diversos p\u00fablicos em todo o pa\u00eds. Chega de perder tempo e dinheiro!\r\n\r\nAl\u00e9m de entender o que \u00e9 RP, aproveite tamb\u00e9m para entender melhor:\r\n\r\n<a href=\"https:\/\/publikaai.com.br\/marketing\/o-que-e-publipost\/\">O que \u00e9 publipost?<\/a>\r\n\r\n<a href=\"https:\/\/publikaai.com.br\/marketing\/blog-corporativo\/\">Por que ter um blog corporativo?<\/a>\r\n\r\nPara acompanhar outras novidades, siga agora a <a href=\"https:\/\/www.instagram.com\/publikai\/\" target=\"_blank\" rel=\"noopener noreferrer\">Publika\u00ed no Instagram<\/a>.\t\t\t\t\t\t\t\t<\/div>\n\t\t\t\t<\/div>\n\t\t\t\t<div class=\"elementor-element elementor-element-e8476d1 elementor-share-buttons--skin-flat elementor-share-buttons--shape-circle elementor-grid-5 elementor-grid-mobile-2 elementor-share-buttons--view-icon-text elementor-share-buttons--color-official elementor-widget elementor-widget-share-buttons\" data-id=\"e8476d1\" data-element_type=\"widget\" data-widget_type=\"share-buttons.default\">\n\t\t\t\t<div class=\"elementor-widget-container\">\n\t\t\t\t\t\t\t<div class=\"elementor-grid\" role=\"list\">\n\t\t\t\t\t\t\t\t<div class=\"elementor-grid-item\" role=\"listitem\">\n\t\t\t\t\t\t<div class=\"elementor-share-btn elementor-share-btn_facebook\" role=\"button\" tabindex=\"0\" aria-label=\"Share on facebook\">\n\t\t\t\t\t\t\t\t\t\t\t\t\t\t\t<span class=\"elementor-share-btn__icon\">\n\t\t\t\t\t\t\t\t<i class=\"fab fa-facebook\" aria-hidden=\"true\"><\/i>\t\t\t\t\t\t\t<\/span>\n\t\t\t\t\t\t\t\t\t\t\t\t\t\t\t\t\t\t\t\t\t\t<div class=\"elementor-share-btn__text\">\n\t\t\t\t\t\t\t\t\t\t\t\t\t\t\t\t\t\t\t<span class=\"elementor-share-btn__title\">\n\t\t\t\t\t\t\t\t\t\tFacebook\t\t\t\t\t\t\t\t\t<\/span>\n\t\t\t\t\t\t\t\t\t\t\t\t\t\t\t\t\t<\/div>\n\t\t\t\t\t\t\t\t\t\t\t\t\t<\/div>\n\t\t\t\t\t<\/div>\n\t\t\t\t\t\t\t\t\t<div class=\"elementor-grid-item\" role=\"listitem\">\n\t\t\t\t\t\t<div class=\"elementor-share-btn elementor-share-btn_pinterest\" role=\"button\" tabindex=\"0\" aria-label=\"Share on pinterest\">\n\t\t\t\t\t\t\t\t\t\t\t\t\t\t\t<span class=\"elementor-share-btn__icon\">\n\t\t\t\t\t\t\t\t<i class=\"fab fa-pinterest\" aria-hidden=\"true\"><\/i>\t\t\t\t\t\t\t<\/span>\n\t\t\t\t\t\t\t\t\t\t\t\t\t\t\t\t\t\t\t\t\t\t<div class=\"elementor-share-btn__text\">\n\t\t\t\t\t\t\t\t\t\t\t\t\t\t\t\t\t\t\t<span class=\"elementor-share-btn__title\">\n\t\t\t\t\t\t\t\t\t\tPinterest\t\t\t\t\t\t\t\t\t<\/span>\n\t\t\t\t\t\t\t\t\t\t\t\t\t\t\t\t\t<\/div>\n\t\t\t\t\t\t\t\t\t\t\t\t\t<\/div>\n\t\t\t\t\t<\/div>\n\t\t\t\t\t\t\t\t\t<div class=\"elementor-grid-item\" role=\"listitem\">\n\t\t\t\t\t\t<div class=\"elementor-share-btn elementor-share-btn_twitter\" role=\"button\" tabindex=\"0\" aria-label=\"Share on twitter\">\n\t\t\t\t\t\t\t\t\t\t\t\t\t\t\t<span class=\"elementor-share-btn__icon\">\n\t\t\t\t\t\t\t\t<i class=\"fab fa-twitter\" aria-hidden=\"true\"><\/i>\t\t\t\t\t\t\t<\/span>\n\t\t\t\t\t\t\t\t\t\t\t\t\t\t\t\t\t\t\t\t\t\t<div class=\"elementor-share-btn__text\">\n\t\t\t\t\t\t\t\t\t\t\t\t\t\t\t\t\t\t\t<span class=\"elementor-share-btn__title\">\n\t\t\t\t\t\t\t\t\t\tTwitter\t\t\t\t\t\t\t\t\t<\/span>\n\t\t\t\t\t\t\t\t\t\t\t\t\t\t\t\t\t<\/div>\n\t\t\t\t\t\t\t\t\t\t\t\t\t<\/div>\n\t\t\t\t\t<\/div>\n\t\t\t\t\t\t\t\t\t<div class=\"elementor-grid-item\" role=\"listitem\">\n\t\t\t\t\t\t<div class=\"elementor-share-btn elementor-share-btn_linkedin\" role=\"button\" tabindex=\"0\" aria-label=\"Share on linkedin\">\n\t\t\t\t\t\t\t\t\t\t\t\t\t\t\t<span class=\"elementor-share-btn__icon\">\n\t\t\t\t\t\t\t\t<i class=\"fab fa-linkedin\" aria-hidden=\"true\"><\/i>\t\t\t\t\t\t\t<\/span>\n\t\t\t\t\t\t\t\t\t\t\t\t\t\t\t\t\t\t\t\t\t\t<div class=\"elementor-share-btn__text\">\n\t\t\t\t\t\t\t\t\t\t\t\t\t\t\t\t\t\t\t<span class=\"elementor-share-btn__title\">\n\t\t\t\t\t\t\t\t\t\tLinkedIn\t\t\t\t\t\t\t\t\t<\/span>\n\t\t\t\t\t\t\t\t\t\t\t\t\t\t\t\t\t<\/div>\n\t\t\t\t\t\t\t\t\t\t\t\t\t<\/div>\n\t\t\t\t\t<\/div>\n\t\t\t\t\t\t\t\t\t<div class=\"elementor-grid-item\" role=\"listitem\">\n\t\t\t\t\t\t<div class=\"elementor-share-btn elementor-share-btn_whatsapp\" role=\"button\" tabindex=\"0\" aria-label=\"Share on whatsapp\">\n\t\t\t\t\t\t\t\t\t\t\t\t\t\t\t<span class=\"elementor-share-btn__icon\">\n\t\t\t\t\t\t\t\t<i class=\"fab fa-whatsapp\" aria-hidden=\"true\"><\/i>\t\t\t\t\t\t\t<\/span>\n\t\t\t\t\t\t\t\t\t\t\t\t\t\t\t\t\t\t\t\t\t\t<div class=\"elementor-share-btn__text\">\n\t\t\t\t\t\t\t\t\t\t\t\t\t\t\t\t\t\t\t<span class=\"elementor-share-btn__title\">\n\t\t\t\t\t\t\t\t\t\tWhatsApp\t\t\t\t\t\t\t\t\t<\/span>\n\t\t\t\t\t\t\t\t\t\t\t\t\t\t\t\t\t<\/div>\n\t\t\t\t\t\t\t\t\t\t\t\t\t<\/div>\n\t\t\t\t\t<\/div>\n\t\t\t\t\t\t<\/div>\n\t\t\t\t\t\t<\/div>\n\t\t\t\t<\/div>\n\t\t\t\t\t<\/div>\n\t\t<\/div>\n\t\t\t\t<div class=\"elementor-column elementor-col-33 elementor-top-column elementor-element elementor-element-31dc9182\" data-id=\"31dc9182\" data-element_type=\"column\">\n\t\t\t<div class=\"elementor-widget-wrap elementor-element-populated\">\n\t\t\t\t\t\t<section class=\"elementor-section elementor-inner-section elementor-element elementor-element-d332e6e elementor-section-boxed elementor-section-height-default elementor-section-height-default\" data-id=\"d332e6e\" data-element_type=\"section\">\n\t\t\t\t\t\t<div class=\"elementor-container elementor-column-gap-default\">\n\t\t\t\t\t<div class=\"elementor-column elementor-col-100 elementor-inner-column elementor-element elementor-element-0806003 elementor-invisible\" data-id=\"0806003\" data-element_type=\"column\" data-settings=\"{&quot;background_background&quot;:&quot;classic&quot;,&quot;animation&quot;:&quot;fadeInRight&quot;}\">\n\t\t\t<div class=\"elementor-widget-wrap elementor-element-populated\">\n\t\t\t\t\t\t<div class=\"elementor-element elementor-element-d2979b5 elementor-widget elementor-widget-heading\" data-id=\"d2979b5\" data-element_type=\"widget\" data-widget_type=\"heading.default\">\n\t\t\t\t<div class=\"elementor-widget-container\">\n\t\t\t\t\t<h3 class=\"elementor-heading-title elementor-size-default\">Autora<\/h3>\t\t\t\t<\/div>\n\t\t\t\t<\/div>\n\t\t\t\t<div class=\"elementor-element elementor-element-5e3a790 elementor-author-box--layout-image-above elementor-author-box--align-left elementor-widget elementor-widget-author-box\" data-id=\"5e3a790\" data-element_type=\"widget\" data-widget_type=\"author-box.default\">\n\t\t\t\t<div class=\"elementor-widget-container\">\n\t\t\t\t\t\t\t<div class=\"elementor-author-box\">\n\t\t\t\t\t\t\t<div  class=\"elementor-author-box__avatar\">\n\t\t\t\t\t<img decoding=\"async\" src=\"https:\/\/publikaai.com.br\/wp-content\/uploads\/2023\/03\/lud-250x300.webp\" alt=\"Picture of Ludmila Baldoni\" loading=\"lazy\">\n\t\t\t\t<\/div>\n\t\t\t\n\t\t\t<div class=\"elementor-author-box__text\">\n\t\t\t\t\t\t\t\t\t<div >\n\t\t\t\t\t\t<h5 class=\"elementor-author-box__name\">\n\t\t\t\t\t\t\tLudmila Baldoni\t\t\t\t\t\t<\/h5>\n\t\t\t\t\t<\/div>\n\t\t\t\t\n\t\t\t\t\t\t\t\t\t<div class=\"elementor-author-box__bio\">\n\t\t\t\t\t\t<p>SEO Publika.ai<\/p>\n<p>Comunicativa por natureza ingressou na faculdade de jornalismo ciente do que queria para a sua trajet\u00f3ria profissional e desde ent\u00e3o, a assessoria de imprensa se tornou sua grande paix\u00e3o.<\/p>\n<p>Com mais de quinze anos de experi\u00eancia, j\u00e1 atuou como consultora em projetos de comunica\u00e7\u00e3o, coordenou e liderou equipes de jornalistas, organizou feiras e eventos, gerenciou a\u00e7\u00f5es de marketing em todo o pa\u00eds. <\/p>\n<p>Durante seis foi anos foi s\u00f3cia de uma assessoria de imprensa e recentemente decidiu buscar v\u00f4os mais altos e fundou a Publika\u00ed, uma ag\u00eancia que tem como miss\u00e3o encontrar solu\u00e7\u00f5es de comunica\u00e7\u00e3o atrav\u00e9s de modelos multissetorias.<\/p>\n\t\t\t\t\t<\/div>\n\t\t\t\t\n\t\t\t\t\t\t\t<\/div>\n\t\t<\/div>\n\t\t\t\t\t\t<\/div>\n\t\t\t\t<\/div>\n\t\t\t\t<div class=\"elementor-element elementor-element-65f977d elementor-widget elementor-widget-heading\" data-id=\"65f977d\" data-element_type=\"widget\" data-widget_type=\"heading.default\">\n\t\t\t\t<div class=\"elementor-widget-container\">\n\t\t\t\t\t<h3 class=\"elementor-heading-title elementor-size-default\">\u00daltimos Posts<\/h3>\t\t\t\t<\/div>\n\t\t\t\t<\/div>\n\t\t\t\t<div class=\"elementor-element elementor-element-daeaa9c elementor-grid-1 elementor-posts--thumbnail-left elementor-grid-tablet-2 elementor-grid-mobile-1 elementor-widget elementor-widget-posts\" data-id=\"daeaa9c\" data-element_type=\"widget\" data-settings=\"{&quot;classic_columns&quot;:&quot;1&quot;,&quot;classic_row_gap&quot;:{&quot;unit&quot;:&quot;px&quot;,&quot;size&quot;:14,&quot;sizes&quot;:[]},&quot;classic_columns_tablet&quot;:&quot;2&quot;,&quot;classic_columns_mobile&quot;:&quot;1&quot;,&quot;classic_row_gap_tablet&quot;:{&quot;unit&quot;:&quot;px&quot;,&quot;size&quot;:&quot;&quot;,&quot;sizes&quot;:[]},&quot;classic_row_gap_mobile&quot;:{&quot;unit&quot;:&quot;px&quot;,&quot;size&quot;:&quot;&quot;,&quot;sizes&quot;:[]}}\" data-widget_type=\"posts.classic\">\n\t\t\t\t<div class=\"elementor-widget-container\">\n\t\t\t\t\t\t\t<div class=\"elementor-posts-container elementor-posts elementor-posts--skin-classic elementor-grid\">\n\t\t\t\t<article class=\"elementor-post elementor-grid-item post-627 post type-post status-publish format-standard has-post-thumbnail hentry category-marketing\">\n\t\t\t\t<a class=\"elementor-post__thumbnail__link\" href=\"https:\/\/publikaai.com.br\/?p=627\" tabindex=\"-1\" >\n\t\t\t<div class=\"elementor-post__thumbnail\"><img decoding=\"async\" width=\"800\" height=\"400\" src=\"https:\/\/publikaai.com.br\/wp-content\/uploads\/2021\/09\/Como-aumentar-a-credibilidade-da-sua-empresa.webp\" class=\"attachment-full size-full wp-image-1306\" alt=\"\" srcset=\"https:\/\/publikaai.com.br\/wp-content\/uploads\/2021\/09\/Como-aumentar-a-credibilidade-da-sua-empresa.webp 800w, https:\/\/publikaai.com.br\/wp-content\/uploads\/2021\/09\/Como-aumentar-a-credibilidade-da-sua-empresa-300x150.webp 300w, https:\/\/publikaai.com.br\/wp-content\/uploads\/2021\/09\/Como-aumentar-a-credibilidade-da-sua-empresa-768x384.webp 768w\" sizes=\"(max-width: 800px) 100vw, 800px\" \/><\/div>\n\t\t<\/a>\n\t\t\t\t<div class=\"elementor-post__text\">\n\t\t\t\t<h3 class=\"elementor-post__title\">\n\t\t\t<a href=\"https:\/\/publikaai.com.br\/?p=627\" >\n\t\t\t\tComo aumentar a credibilidade da sua empresa?\t\t\t<\/a>\n\t\t<\/h3>\n\t\t\t\t<div class=\"elementor-post__meta-data\">\n\t\t\t\t\t<span class=\"elementor-post-author\">\n\t\t\tLudmila Baldoni\t\t<\/span>\n\t\t\t\t<\/div>\n\t\t\n\t\t<a class=\"elementor-post__read-more\" href=\"https:\/\/publikaai.com.br\/?p=627\" aria-label=\"Read more about Como aumentar a credibilidade da sua empresa?\" tabindex=\"-1\" >\n\t\t\tSaiba mais \u00bb\t\t<\/a>\n\n\t\t\t\t<\/div>\n\t\t\t\t<\/article>\n\t\t\t\t<article class=\"elementor-post elementor-grid-item post-622 post type-post status-publish format-standard has-post-thumbnail hentry category-comunicacao\">\n\t\t\t\t<a class=\"elementor-post__thumbnail__link\" href=\"https:\/\/publikaai.com.br\/?p=622\" tabindex=\"-1\" >\n\t\t\t<div class=\"elementor-post__thumbnail\"><img decoding=\"async\" width=\"800\" height=\"400\" src=\"https:\/\/publikaai.com.br\/wp-content\/uploads\/2021\/09\/Principais-estrategias-de-comunicacao-empresarial.webp\" class=\"attachment-full size-full wp-image-1308\" alt=\"\" srcset=\"https:\/\/publikaai.com.br\/wp-content\/uploads\/2021\/09\/Principais-estrategias-de-comunicacao-empresarial.webp 800w, https:\/\/publikaai.com.br\/wp-content\/uploads\/2021\/09\/Principais-estrategias-de-comunicacao-empresarial-300x150.webp 300w, https:\/\/publikaai.com.br\/wp-content\/uploads\/2021\/09\/Principais-estrategias-de-comunicacao-empresarial-768x384.webp 768w\" sizes=\"(max-width: 800px) 100vw, 800px\" \/><\/div>\n\t\t<\/a>\n\t\t\t\t<div class=\"elementor-post__text\">\n\t\t\t\t<h3 class=\"elementor-post__title\">\n\t\t\t<a href=\"https:\/\/publikaai.com.br\/?p=622\" >\n\t\t\t\tPrincipais estrat\u00e9gias de comunica\u00e7\u00e3o empresarial\t\t\t<\/a>\n\t\t<\/h3>\n\t\t\t\t<div class=\"elementor-post__meta-data\">\n\t\t\t\t\t<span class=\"elementor-post-author\">\n\t\t\tLudmila Baldoni\t\t<\/span>\n\t\t\t\t<\/div>\n\t\t\n\t\t<a class=\"elementor-post__read-more\" href=\"https:\/\/publikaai.com.br\/?p=622\" aria-label=\"Read more about Principais estrat\u00e9gias de comunica\u00e7\u00e3o empresarial\" tabindex=\"-1\" >\n\t\t\tSaiba mais \u00bb\t\t<\/a>\n\n\t\t\t\t<\/div>\n\t\t\t\t<\/article>\n\t\t\t\t<article class=\"elementor-post elementor-grid-item post-617 post type-post status-publish format-standard has-post-thumbnail hentry category-comunicacao\">\n\t\t\t\t<a class=\"elementor-post__thumbnail__link\" href=\"https:\/\/publikaai.com.br\/?p=617\" tabindex=\"-1\" >\n\t\t\t<div class=\"elementor-post__thumbnail\"><img loading=\"lazy\" decoding=\"async\" width=\"800\" height=\"400\" src=\"https:\/\/publikaai.com.br\/wp-content\/uploads\/2021\/08\/agentes-da-comunicacao-interna.webp\" class=\"attachment-full size-full wp-image-1310\" alt=\"\" srcset=\"https:\/\/publikaai.com.br\/wp-content\/uploads\/2021\/08\/agentes-da-comunicacao-interna.webp 800w, https:\/\/publikaai.com.br\/wp-content\/uploads\/2021\/08\/agentes-da-comunicacao-interna-300x150.webp 300w, https:\/\/publikaai.com.br\/wp-content\/uploads\/2021\/08\/agentes-da-comunicacao-interna-768x384.webp 768w\" sizes=\"(max-width: 800px) 100vw, 800px\" \/><\/div>\n\t\t<\/a>\n\t\t\t\t<div class=\"elementor-post__text\">\n\t\t\t\t<h3 class=\"elementor-post__title\">\n\t\t\t<a href=\"https:\/\/publikaai.com.br\/?p=617\" >\n\t\t\t\tQuais s\u00e3o os agentes da comunica\u00e7\u00e3o interna nas empresas?\t\t\t<\/a>\n\t\t<\/h3>\n\t\t\t\t<div class=\"elementor-post__meta-data\">\n\t\t\t\t\t<span class=\"elementor-post-author\">\n\t\t\tLudmila Baldoni\t\t<\/span>\n\t\t\t\t<\/div>\n\t\t\n\t\t<a class=\"elementor-post__read-more\" href=\"https:\/\/publikaai.com.br\/?p=617\" aria-label=\"Read more about Quais s\u00e3o os agentes da comunica\u00e7\u00e3o interna nas empresas?\" tabindex=\"-1\" >\n\t\t\tSaiba mais \u00bb\t\t<\/a>\n\n\t\t\t\t<\/div>\n\t\t\t\t<\/article>\n\t\t\t\t<article class=\"elementor-post elementor-grid-item post-614 post type-post status-publish format-standard has-post-thumbnail hentry category-imprensa\">\n\t\t\t\t<a class=\"elementor-post__thumbnail__link\" href=\"https:\/\/publikaai.com.br\/?p=614\" tabindex=\"-1\" >\n\t\t\t<div class=\"elementor-post__thumbnail\"><img loading=\"lazy\" decoding=\"async\" width=\"800\" height=\"400\" src=\"https:\/\/publikaai.com.br\/wp-content\/uploads\/2021\/08\/assessoria-de-imprensa-para-arquitetos.webp\" class=\"attachment-full size-full wp-image-1312\" alt=\"\" srcset=\"https:\/\/publikaai.com.br\/wp-content\/uploads\/2021\/08\/assessoria-de-imprensa-para-arquitetos.webp 800w, https:\/\/publikaai.com.br\/wp-content\/uploads\/2021\/08\/assessoria-de-imprensa-para-arquitetos-300x150.webp 300w, https:\/\/publikaai.com.br\/wp-content\/uploads\/2021\/08\/assessoria-de-imprensa-para-arquitetos-768x384.webp 768w\" sizes=\"(max-width: 800px) 100vw, 800px\" \/><\/div>\n\t\t<\/a>\n\t\t\t\t<div class=\"elementor-post__text\">\n\t\t\t\t<h3 class=\"elementor-post__title\">\n\t\t\t<a href=\"https:\/\/publikaai.com.br\/?p=614\" >\n\t\t\t\tQual \u00e9 a import\u00e2ncia da assessoria de imprensa para arquitetos?\t\t\t<\/a>\n\t\t<\/h3>\n\t\t\t\t<div class=\"elementor-post__meta-data\">\n\t\t\t\t\t<span class=\"elementor-post-author\">\n\t\t\tLudmila Baldoni\t\t<\/span>\n\t\t\t\t<\/div>\n\t\t\n\t\t<a class=\"elementor-post__read-more\" href=\"https:\/\/publikaai.com.br\/?p=614\" aria-label=\"Read more about Qual \u00e9 a import\u00e2ncia da assessoria de imprensa para arquitetos?\" tabindex=\"-1\" >\n\t\t\tSaiba mais \u00bb\t\t<\/a>\n\n\t\t\t\t<\/div>\n\t\t\t\t<\/article>\n\t\t\t\t<article class=\"elementor-post elementor-grid-item post-611 post type-post status-publish format-standard has-post-thumbnail hentry category-marketing\">\n\t\t\t\t<a class=\"elementor-post__thumbnail__link\" href=\"https:\/\/publikaai.com.br\/?p=611\" tabindex=\"-1\" >\n\t\t\t<div class=\"elementor-post__thumbnail\"><img loading=\"lazy\" decoding=\"async\" width=\"800\" height=\"400\" src=\"https:\/\/publikaai.com.br\/wp-content\/uploads\/2021\/08\/O-que-e-pauta-jornalistica-1.jpg\" class=\"attachment-full size-full wp-image-603\" alt=\"Estrat\u00e9gias de comunica\u00e7\u00e3o em crise de imagem\" srcset=\"https:\/\/publikaai.com.br\/wp-content\/uploads\/2021\/08\/O-que-e-pauta-jornalistica-1.jpg 800w, https:\/\/publikaai.com.br\/wp-content\/uploads\/2021\/08\/O-que-e-pauta-jornalistica-1-300x150.jpg 300w, https:\/\/publikaai.com.br\/wp-content\/uploads\/2021\/08\/O-que-e-pauta-jornalistica-1-768x384.jpg 768w, https:\/\/publikaai.com.br\/wp-content\/uploads\/2021\/08\/O-que-e-pauta-jornalistica-1-260x130.jpg 260w, https:\/\/publikaai.com.br\/wp-content\/uploads\/2021\/08\/O-que-e-pauta-jornalistica-1-50x25.jpg 50w, https:\/\/publikaai.com.br\/wp-content\/uploads\/2021\/08\/O-que-e-pauta-jornalistica-1-150x75.jpg 150w\" sizes=\"(max-width: 800px) 100vw, 800px\" \/><\/div>\n\t\t<\/a>\n\t\t\t\t<div class=\"elementor-post__text\">\n\t\t\t\t<h3 class=\"elementor-post__title\">\n\t\t\t<a href=\"https:\/\/publikaai.com.br\/?p=611\" >\n\t\t\t\tEstrat\u00e9gias de comunica\u00e7\u00e3o em crise de imagem\t\t\t<\/a>\n\t\t<\/h3>\n\t\t\t\t<div class=\"elementor-post__meta-data\">\n\t\t\t\t\t<span class=\"elementor-post-author\">\n\t\t\tLudmila Baldoni\t\t<\/span>\n\t\t\t\t<\/div>\n\t\t\n\t\t<a class=\"elementor-post__read-more\" href=\"https:\/\/publikaai.com.br\/?p=611\" aria-label=\"Read more about Estrat\u00e9gias de comunica\u00e7\u00e3o em crise de imagem\" tabindex=\"-1\" >\n\t\t\tSaiba mais \u00bb\t\t<\/a>\n\n\t\t\t\t<\/div>\n\t\t\t\t<\/article>\n\t\t\t\t<article class=\"elementor-post elementor-grid-item post-608 post type-post status-publish format-standard has-post-thumbnail hentry category-comunicacao\">\n\t\t\t\t<a class=\"elementor-post__thumbnail__link\" href=\"https:\/\/publikaai.com.br\/?p=608\" tabindex=\"-1\" >\n\t\t\t<div class=\"elementor-post__thumbnail\"><img loading=\"lazy\" decoding=\"async\" width=\"800\" height=\"400\" src=\"https:\/\/publikaai.com.br\/wp-content\/uploads\/2021\/08\/Como-fazer-sugestao-de-pauta-1.jpg\" class=\"attachment-full size-full wp-image-602\" alt=\"Para que serve uma nota de esclarecimento?\" srcset=\"https:\/\/publikaai.com.br\/wp-content\/uploads\/2021\/08\/Como-fazer-sugestao-de-pauta-1.jpg 800w, https:\/\/publikaai.com.br\/wp-content\/uploads\/2021\/08\/Como-fazer-sugestao-de-pauta-1-300x150.jpg 300w, https:\/\/publikaai.com.br\/wp-content\/uploads\/2021\/08\/Como-fazer-sugestao-de-pauta-1-768x384.jpg 768w, https:\/\/publikaai.com.br\/wp-content\/uploads\/2021\/08\/Como-fazer-sugestao-de-pauta-1-260x130.jpg 260w, https:\/\/publikaai.com.br\/wp-content\/uploads\/2021\/08\/Como-fazer-sugestao-de-pauta-1-50x25.jpg 50w, https:\/\/publikaai.com.br\/wp-content\/uploads\/2021\/08\/Como-fazer-sugestao-de-pauta-1-150x75.jpg 150w\" sizes=\"(max-width: 800px) 100vw, 800px\" \/><\/div>\n\t\t<\/a>\n\t\t\t\t<div class=\"elementor-post__text\">\n\t\t\t\t<h3 class=\"elementor-post__title\">\n\t\t\t<a href=\"https:\/\/publikaai.com.br\/?p=608\" >\n\t\t\t\tPara que serve uma nota de esclarecimento?\t\t\t<\/a>\n\t\t<\/h3>\n\t\t\t\t<div class=\"elementor-post__meta-data\">\n\t\t\t\t\t<span class=\"elementor-post-author\">\n\t\t\tLudmila Baldoni\t\t<\/span>\n\t\t\t\t<\/div>\n\t\t\n\t\t<a class=\"elementor-post__read-more\" href=\"https:\/\/publikaai.com.br\/?p=608\" aria-label=\"Read more about Para que serve uma nota de esclarecimento?\" tabindex=\"-1\" >\n\t\t\tSaiba mais \u00bb\t\t<\/a>\n\n\t\t\t\t<\/div>\n\t\t\t\t<\/article>\n\t\t\t\t<article class=\"elementor-post elementor-grid-item post-605 post type-post status-publish format-standard has-post-thumbnail hentry category-imprensa\">\n\t\t\t\t<a class=\"elementor-post__thumbnail__link\" href=\"https:\/\/publikaai.com.br\/?p=605\" tabindex=\"-1\" >\n\t\t\t<div class=\"elementor-post__thumbnail\"><img loading=\"lazy\" decoding=\"async\" width=\"800\" height=\"400\" src=\"https:\/\/publikaai.com.br\/wp-content\/uploads\/2021\/08\/O-que-e-press-kit-1-1.jpg\" class=\"attachment-full size-full wp-image-600\" alt=\"Por que sua empresa precisa de um assessor de imprensa?\" srcset=\"https:\/\/publikaai.com.br\/wp-content\/uploads\/2021\/08\/O-que-e-press-kit-1-1.jpg 800w, https:\/\/publikaai.com.br\/wp-content\/uploads\/2021\/08\/O-que-e-press-kit-1-1-300x150.jpg 300w, https:\/\/publikaai.com.br\/wp-content\/uploads\/2021\/08\/O-que-e-press-kit-1-1-768x384.jpg 768w, https:\/\/publikaai.com.br\/wp-content\/uploads\/2021\/08\/O-que-e-press-kit-1-1-260x130.jpg 260w, https:\/\/publikaai.com.br\/wp-content\/uploads\/2021\/08\/O-que-e-press-kit-1-1-50x25.jpg 50w, https:\/\/publikaai.com.br\/wp-content\/uploads\/2021\/08\/O-que-e-press-kit-1-1-150x75.jpg 150w\" sizes=\"(max-width: 800px) 100vw, 800px\" \/><\/div>\n\t\t<\/a>\n\t\t\t\t<div class=\"elementor-post__text\">\n\t\t\t\t<h3 class=\"elementor-post__title\">\n\t\t\t<a href=\"https:\/\/publikaai.com.br\/?p=605\" >\n\t\t\t\tPor que sua empresa precisa de um assessor de imprensa?\t\t\t<\/a>\n\t\t<\/h3>\n\t\t\t\t<div class=\"elementor-post__meta-data\">\n\t\t\t\t\t<span class=\"elementor-post-author\">\n\t\t\tLudmila Baldoni\t\t<\/span>\n\t\t\t\t<\/div>\n\t\t\n\t\t<a class=\"elementor-post__read-more\" href=\"https:\/\/publikaai.com.br\/?p=605\" aria-label=\"Read more about Por que sua empresa precisa de um assessor de imprensa?\" tabindex=\"-1\" >\n\t\t\tSaiba mais \u00bb\t\t<\/a>\n\n\t\t\t\t<\/div>\n\t\t\t\t<\/article>\n\t\t\t\t<article class=\"elementor-post elementor-grid-item post-583 post type-post status-publish format-standard has-post-thumbnail hentry category-imprensa\">\n\t\t\t\t<a class=\"elementor-post__thumbnail__link\" href=\"https:\/\/publikaai.com.br\/?p=583\" tabindex=\"-1\" >\n\t\t\t<div class=\"elementor-post__thumbnail\"><img loading=\"lazy\" decoding=\"async\" width=\"800\" height=\"400\" src=\"https:\/\/publikaai.com.br\/wp-content\/uploads\/2021\/08\/o-que-e-press-kit-.jpg\" class=\"attachment-full size-full wp-image-570\" alt=\"O que \u00e9 press kit? Para que serve? Por que fazer um?\" srcset=\"https:\/\/publikaai.com.br\/wp-content\/uploads\/2021\/08\/o-que-e-press-kit-.jpg 800w, https:\/\/publikaai.com.br\/wp-content\/uploads\/2021\/08\/o-que-e-press-kit--300x150.jpg 300w, https:\/\/publikaai.com.br\/wp-content\/uploads\/2021\/08\/o-que-e-press-kit--768x384.jpg 768w, https:\/\/publikaai.com.br\/wp-content\/uploads\/2021\/08\/o-que-e-press-kit--260x130.jpg 260w, https:\/\/publikaai.com.br\/wp-content\/uploads\/2021\/08\/o-que-e-press-kit--50x25.jpg 50w, https:\/\/publikaai.com.br\/wp-content\/uploads\/2021\/08\/o-que-e-press-kit--150x75.jpg 150w\" sizes=\"(max-width: 800px) 100vw, 800px\" \/><\/div>\n\t\t<\/a>\n\t\t\t\t<div class=\"elementor-post__text\">\n\t\t\t\t<h3 class=\"elementor-post__title\">\n\t\t\t<a href=\"https:\/\/publikaai.com.br\/?p=583\" >\n\t\t\t\tO que \u00e9 press kit?\t\t\t<\/a>\n\t\t<\/h3>\n\t\t\t\t<div class=\"elementor-post__meta-data\">\n\t\t\t\t\t<span class=\"elementor-post-author\">\n\t\t\tLudmila Baldoni\t\t<\/span>\n\t\t\t\t<\/div>\n\t\t\n\t\t<a class=\"elementor-post__read-more\" href=\"https:\/\/publikaai.com.br\/?p=583\" aria-label=\"Read more about O que \u00e9 press kit?\" tabindex=\"-1\" >\n\t\t\tSaiba mais \u00bb\t\t<\/a>\n\n\t\t\t\t<\/div>\n\t\t\t\t<\/article>\n\t\t\t\t<article class=\"elementor-post elementor-grid-item post-580 post type-post status-publish format-standard has-post-thumbnail hentry category-imprensa\">\n\t\t\t\t<a class=\"elementor-post__thumbnail__link\" href=\"https:\/\/publikaai.com.br\/?p=580\" tabindex=\"-1\" >\n\t\t\t<div class=\"elementor-post__thumbnail\"><img loading=\"lazy\" decoding=\"async\" width=\"800\" height=\"400\" src=\"https:\/\/publikaai.com.br\/wp-content\/uploads\/2021\/08\/Como-fazer-sugestao-de-pauta.jpg\" class=\"attachment-full size-full wp-image-571\" alt=\"Como fazer sugest\u00e3o de pauta?\" srcset=\"https:\/\/publikaai.com.br\/wp-content\/uploads\/2021\/08\/Como-fazer-sugestao-de-pauta.jpg 800w, https:\/\/publikaai.com.br\/wp-content\/uploads\/2021\/08\/Como-fazer-sugestao-de-pauta-300x150.jpg 300w, https:\/\/publikaai.com.br\/wp-content\/uploads\/2021\/08\/Como-fazer-sugestao-de-pauta-768x384.jpg 768w, https:\/\/publikaai.com.br\/wp-content\/uploads\/2021\/08\/Como-fazer-sugestao-de-pauta-260x130.jpg 260w, https:\/\/publikaai.com.br\/wp-content\/uploads\/2021\/08\/Como-fazer-sugestao-de-pauta-50x25.jpg 50w, https:\/\/publikaai.com.br\/wp-content\/uploads\/2021\/08\/Como-fazer-sugestao-de-pauta-150x75.jpg 150w\" sizes=\"(max-width: 800px) 100vw, 800px\" \/><\/div>\n\t\t<\/a>\n\t\t\t\t<div class=\"elementor-post__text\">\n\t\t\t\t<h3 class=\"elementor-post__title\">\n\t\t\t<a href=\"https:\/\/publikaai.com.br\/?p=580\" >\n\t\t\t\tComo fazer sugest\u00e3o de pauta?\t\t\t<\/a>\n\t\t<\/h3>\n\t\t\t\t<div class=\"elementor-post__meta-data\">\n\t\t\t\t\t<span class=\"elementor-post-author\">\n\t\t\tLudmila Baldoni\t\t<\/span>\n\t\t\t\t<\/div>\n\t\t\n\t\t<a class=\"elementor-post__read-more\" href=\"https:\/\/publikaai.com.br\/?p=580\" aria-label=\"Read more about Como fazer sugest\u00e3o de pauta?\" tabindex=\"-1\" >\n\t\t\tSaiba mais \u00bb\t\t<\/a>\n\n\t\t\t\t<\/div>\n\t\t\t\t<\/article>\n\t\t\t\t<article class=\"elementor-post elementor-grid-item post-578 post type-post status-publish format-standard has-post-thumbnail hentry category-imprensa\">\n\t\t\t\t<a class=\"elementor-post__thumbnail__link\" href=\"https:\/\/publikaai.com.br\/?p=578\" tabindex=\"-1\" >\n\t\t\t<div class=\"elementor-post__thumbnail\"><img loading=\"lazy\" decoding=\"async\" width=\"800\" height=\"400\" src=\"https:\/\/publikaai.com.br\/wp-content\/uploads\/2021\/08\/O-que-e-pauta-jornalistica.jpg\" class=\"attachment-full size-full wp-image-572\" alt=\"O que \u00e9 pauta jornal\u00edstica\" srcset=\"https:\/\/publikaai.com.br\/wp-content\/uploads\/2021\/08\/O-que-e-pauta-jornalistica.jpg 800w, https:\/\/publikaai.com.br\/wp-content\/uploads\/2021\/08\/O-que-e-pauta-jornalistica-300x150.jpg 300w, https:\/\/publikaai.com.br\/wp-content\/uploads\/2021\/08\/O-que-e-pauta-jornalistica-768x384.jpg 768w, https:\/\/publikaai.com.br\/wp-content\/uploads\/2021\/08\/O-que-e-pauta-jornalistica-260x130.jpg 260w, https:\/\/publikaai.com.br\/wp-content\/uploads\/2021\/08\/O-que-e-pauta-jornalistica-50x25.jpg 50w, https:\/\/publikaai.com.br\/wp-content\/uploads\/2021\/08\/O-que-e-pauta-jornalistica-150x75.jpg 150w\" sizes=\"(max-width: 800px) 100vw, 800px\" \/><\/div>\n\t\t<\/a>\n\t\t\t\t<div class=\"elementor-post__text\">\n\t\t\t\t<h3 class=\"elementor-post__title\">\n\t\t\t<a href=\"https:\/\/publikaai.com.br\/?p=578\" >\n\t\t\t\tO que \u00e9 pauta jornal\u00edstica? Sua empresa precisa dela?\t\t\t<\/a>\n\t\t<\/h3>\n\t\t\t\t<div class=\"elementor-post__meta-data\">\n\t\t\t\t\t<span class=\"elementor-post-author\">\n\t\t\tLudmila Baldoni\t\t<\/span>\n\t\t\t\t<\/div>\n\t\t\n\t\t<a class=\"elementor-post__read-more\" href=\"https:\/\/publikaai.com.br\/?p=578\" aria-label=\"Read more about O que \u00e9 pauta jornal\u00edstica? Sua empresa precisa dela?\" tabindex=\"-1\" >\n\t\t\tSaiba mais \u00bb\t\t<\/a>\n\n\t\t\t\t<\/div>\n\t\t\t\t<\/article>\n\t\t\t\t<article class=\"elementor-post elementor-grid-item post-574 post type-post status-publish format-standard has-post-thumbnail hentry category-imprensa\">\n\t\t\t\t<a class=\"elementor-post__thumbnail__link\" href=\"https:\/\/publikaai.com.br\/?p=574\" tabindex=\"-1\" >\n\t\t\t<div class=\"elementor-post__thumbnail\"><img loading=\"lazy\" decoding=\"async\" width=\"800\" height=\"400\" src=\"https:\/\/publikaai.com.br\/wp-content\/uploads\/2021\/08\/O-que-e-mailing-de-imprensa.jpg\" class=\"attachment-full size-full wp-image-573\" alt=\"O que \u00e9 mailing de imprensa\" srcset=\"https:\/\/publikaai.com.br\/wp-content\/uploads\/2021\/08\/O-que-e-mailing-de-imprensa.jpg 800w, https:\/\/publikaai.com.br\/wp-content\/uploads\/2021\/08\/O-que-e-mailing-de-imprensa-300x150.jpg 300w, https:\/\/publikaai.com.br\/wp-content\/uploads\/2021\/08\/O-que-e-mailing-de-imprensa-768x384.jpg 768w, https:\/\/publikaai.com.br\/wp-content\/uploads\/2021\/08\/O-que-e-mailing-de-imprensa-260x130.jpg 260w, https:\/\/publikaai.com.br\/wp-content\/uploads\/2021\/08\/O-que-e-mailing-de-imprensa-50x25.jpg 50w, https:\/\/publikaai.com.br\/wp-content\/uploads\/2021\/08\/O-que-e-mailing-de-imprensa-150x75.jpg 150w\" sizes=\"(max-width: 800px) 100vw, 800px\" \/><\/div>\n\t\t<\/a>\n\t\t\t\t<div class=\"elementor-post__text\">\n\t\t\t\t<h3 class=\"elementor-post__title\">\n\t\t\t<a href=\"https:\/\/publikaai.com.br\/?p=574\" >\n\t\t\t\tO que \u00e9 mailing de imprensa? Para que serve?\t\t\t<\/a>\n\t\t<\/h3>\n\t\t\t\t<div class=\"elementor-post__meta-data\">\n\t\t\t\t\t<span class=\"elementor-post-author\">\n\t\t\tLudmila Baldoni\t\t<\/span>\n\t\t\t\t<\/div>\n\t\t\n\t\t<a class=\"elementor-post__read-more\" href=\"https:\/\/publikaai.com.br\/?p=574\" aria-label=\"Read more about O que \u00e9 mailing de imprensa? Para que serve?\" tabindex=\"-1\" >\n\t\t\tSaiba mais \u00bb\t\t<\/a>\n\n\t\t\t\t<\/div>\n\t\t\t\t<\/article>\n\t\t\t\t<article class=\"elementor-post elementor-grid-item post-442 post type-post status-publish format-standard has-post-thumbnail hentry category-comunicacao\">\n\t\t\t\t<a class=\"elementor-post__thumbnail__link\" href=\"https:\/\/publikaai.com.br\/?p=442\" tabindex=\"-1\" >\n\t\t\t<div class=\"elementor-post__thumbnail\"><img loading=\"lazy\" decoding=\"async\" width=\"800\" height=\"400\" src=\"https:\/\/publikaai.com.br\/wp-content\/uploads\/2021\/05\/Principais-problemas-de-comunicacao-nas-empresas.jpg\" class=\"attachment-full size-full wp-image-430\" alt=\"Principais problemas de comunica\u00e7\u00e3o nas empresas\" srcset=\"https:\/\/publikaai.com.br\/wp-content\/uploads\/2021\/05\/Principais-problemas-de-comunicacao-nas-empresas.jpg 800w, https:\/\/publikaai.com.br\/wp-content\/uploads\/2021\/05\/Principais-problemas-de-comunicacao-nas-empresas-300x150.jpg 300w, https:\/\/publikaai.com.br\/wp-content\/uploads\/2021\/05\/Principais-problemas-de-comunicacao-nas-empresas-768x384.jpg 768w, https:\/\/publikaai.com.br\/wp-content\/uploads\/2021\/05\/Principais-problemas-de-comunicacao-nas-empresas-260x130.jpg 260w, https:\/\/publikaai.com.br\/wp-content\/uploads\/2021\/05\/Principais-problemas-de-comunicacao-nas-empresas-50x25.jpg 50w, https:\/\/publikaai.com.br\/wp-content\/uploads\/2021\/05\/Principais-problemas-de-comunicacao-nas-empresas-150x75.jpg 150w\" sizes=\"(max-width: 800px) 100vw, 800px\" \/><\/div>\n\t\t<\/a>\n\t\t\t\t<div class=\"elementor-post__text\">\n\t\t\t\t<h3 class=\"elementor-post__title\">\n\t\t\t<a href=\"https:\/\/publikaai.com.br\/?p=442\" >\n\t\t\t\tPrincipais problemas de comunica\u00e7\u00e3o nas empresas\t\t\t<\/a>\n\t\t<\/h3>\n\t\t\t\t<div class=\"elementor-post__meta-data\">\n\t\t\t\t\t<span class=\"elementor-post-author\">\n\t\t\tLudmila Baldoni\t\t<\/span>\n\t\t\t\t<\/div>\n\t\t\n\t\t<a class=\"elementor-post__read-more\" href=\"https:\/\/publikaai.com.br\/?p=442\" aria-label=\"Read more about Principais problemas de comunica\u00e7\u00e3o nas empresas\" tabindex=\"-1\" >\n\t\t\tSaiba mais \u00bb\t\t<\/a>\n\n\t\t\t\t<\/div>\n\t\t\t\t<\/article>\n\t\t\t\t<article class=\"elementor-post elementor-grid-item post-439 post type-post status-publish format-standard has-post-thumbnail hentry category-imprensa\">\n\t\t\t\t<a class=\"elementor-post__thumbnail__link\" href=\"https:\/\/publikaai.com.br\/?p=439\" tabindex=\"-1\" >\n\t\t\t<div class=\"elementor-post__thumbnail\"><img loading=\"lazy\" decoding=\"async\" width=\"800\" height=\"400\" src=\"https:\/\/publikaai.com.br\/wp-content\/uploads\/2021\/05\/Como-funciona-uma-assessoria-de-imprensa.jpg\" class=\"attachment-full size-full wp-image-431\" alt=\"Como funciona uma assessoria de imprensa?\" srcset=\"https:\/\/publikaai.com.br\/wp-content\/uploads\/2021\/05\/Como-funciona-uma-assessoria-de-imprensa.jpg 800w, https:\/\/publikaai.com.br\/wp-content\/uploads\/2021\/05\/Como-funciona-uma-assessoria-de-imprensa-300x150.jpg 300w, https:\/\/publikaai.com.br\/wp-content\/uploads\/2021\/05\/Como-funciona-uma-assessoria-de-imprensa-768x384.jpg 768w, https:\/\/publikaai.com.br\/wp-content\/uploads\/2021\/05\/Como-funciona-uma-assessoria-de-imprensa-260x130.jpg 260w, https:\/\/publikaai.com.br\/wp-content\/uploads\/2021\/05\/Como-funciona-uma-assessoria-de-imprensa-50x25.jpg 50w, https:\/\/publikaai.com.br\/wp-content\/uploads\/2021\/05\/Como-funciona-uma-assessoria-de-imprensa-150x75.jpg 150w\" sizes=\"(max-width: 800px) 100vw, 800px\" \/><\/div>\n\t\t<\/a>\n\t\t\t\t<div class=\"elementor-post__text\">\n\t\t\t\t<h3 class=\"elementor-post__title\">\n\t\t\t<a href=\"https:\/\/publikaai.com.br\/?p=439\" >\n\t\t\t\tComo funciona uma assessoria de imprensa?\t\t\t<\/a>\n\t\t<\/h3>\n\t\t\t\t<div class=\"elementor-post__meta-data\">\n\t\t\t\t\t<span class=\"elementor-post-author\">\n\t\t\tLudmila Baldoni\t\t<\/span>\n\t\t\t\t<\/div>\n\t\t\n\t\t<a class=\"elementor-post__read-more\" href=\"https:\/\/publikaai.com.br\/?p=439\" aria-label=\"Read more about Como funciona uma assessoria de imprensa?\" tabindex=\"-1\" >\n\t\t\tSaiba mais \u00bb\t\t<\/a>\n\n\t\t\t\t<\/div>\n\t\t\t\t<\/article>\n\t\t\t\t<article class=\"elementor-post elementor-grid-item post-436 post type-post status-publish format-standard has-post-thumbnail hentry category-marketing\">\n\t\t\t\t<a class=\"elementor-post__thumbnail__link\" href=\"https:\/\/publikaai.com.br\/?p=436\" tabindex=\"-1\" >\n\t\t\t<div class=\"elementor-post__thumbnail\"><img loading=\"lazy\" decoding=\"async\" width=\"800\" height=\"400\" src=\"https:\/\/publikaai.com.br\/wp-content\/uploads\/2021\/05\/gatilhos-mentais-poderosos-para-influenciar-pessoas.jpg\" class=\"attachment-full size-full wp-image-432\" alt=\"gatilhos mentais poderosos para influenciar pessoas\" srcset=\"https:\/\/publikaai.com.br\/wp-content\/uploads\/2021\/05\/gatilhos-mentais-poderosos-para-influenciar-pessoas.jpg 800w, https:\/\/publikaai.com.br\/wp-content\/uploads\/2021\/05\/gatilhos-mentais-poderosos-para-influenciar-pessoas-300x150.jpg 300w, https:\/\/publikaai.com.br\/wp-content\/uploads\/2021\/05\/gatilhos-mentais-poderosos-para-influenciar-pessoas-768x384.jpg 768w, https:\/\/publikaai.com.br\/wp-content\/uploads\/2021\/05\/gatilhos-mentais-poderosos-para-influenciar-pessoas-260x130.jpg 260w, https:\/\/publikaai.com.br\/wp-content\/uploads\/2021\/05\/gatilhos-mentais-poderosos-para-influenciar-pessoas-50x25.jpg 50w, https:\/\/publikaai.com.br\/wp-content\/uploads\/2021\/05\/gatilhos-mentais-poderosos-para-influenciar-pessoas-150x75.jpg 150w\" sizes=\"(max-width: 800px) 100vw, 800px\" \/><\/div>\n\t\t<\/a>\n\t\t\t\t<div class=\"elementor-post__text\">\n\t\t\t\t<h3 class=\"elementor-post__title\">\n\t\t\t<a href=\"https:\/\/publikaai.com.br\/?p=436\" >\n\t\t\t\t7 gatilhos mentais poderosos para influenciar pessoas\t\t\t<\/a>\n\t\t<\/h3>\n\t\t\t\t<div class=\"elementor-post__meta-data\">\n\t\t\t\t\t<span class=\"elementor-post-author\">\n\t\t\tLudmila Baldoni\t\t<\/span>\n\t\t\t\t<\/div>\n\t\t\n\t\t<a class=\"elementor-post__read-more\" href=\"https:\/\/publikaai.com.br\/?p=436\" aria-label=\"Read more about 7 gatilhos mentais poderosos para influenciar pessoas\" tabindex=\"-1\" >\n\t\t\tSaiba mais \u00bb\t\t<\/a>\n\n\t\t\t\t<\/div>\n\t\t\t\t<\/article>\n\t\t\t\t<article class=\"elementor-post elementor-grid-item post-434 post type-post status-publish format-standard has-post-thumbnail hentry category-comunicacao\">\n\t\t\t\t<a class=\"elementor-post__thumbnail__link\" href=\"https:\/\/publikaai.com.br\/?p=434\" tabindex=\"-1\" >\n\t\t\t<div class=\"elementor-post__thumbnail\"><img loading=\"lazy\" decoding=\"async\" width=\"800\" height=\"400\" src=\"https:\/\/publikaai.com.br\/wp-content\/uploads\/2021\/05\/O-que-e-editorial.jpg\" class=\"attachment-full size-full wp-image-433\" alt=\"O que \u00e9 editorial\" srcset=\"https:\/\/publikaai.com.br\/wp-content\/uploads\/2021\/05\/O-que-e-editorial.jpg 800w, https:\/\/publikaai.com.br\/wp-content\/uploads\/2021\/05\/O-que-e-editorial-300x150.jpg 300w, https:\/\/publikaai.com.br\/wp-content\/uploads\/2021\/05\/O-que-e-editorial-768x384.jpg 768w, https:\/\/publikaai.com.br\/wp-content\/uploads\/2021\/05\/O-que-e-editorial-260x130.jpg 260w, https:\/\/publikaai.com.br\/wp-content\/uploads\/2021\/05\/O-que-e-editorial-50x25.jpg 50w, https:\/\/publikaai.com.br\/wp-content\/uploads\/2021\/05\/O-que-e-editorial-150x75.jpg 150w\" sizes=\"(max-width: 800px) 100vw, 800px\" \/><\/div>\n\t\t<\/a>\n\t\t\t\t<div class=\"elementor-post__text\">\n\t\t\t\t<h3 class=\"elementor-post__title\">\n\t\t\t<a href=\"https:\/\/publikaai.com.br\/?p=434\" >\n\t\t\t\tO que \u00e9 um editorial?\t\t\t<\/a>\n\t\t<\/h3>\n\t\t\t\t<div class=\"elementor-post__meta-data\">\n\t\t\t\t\t<span class=\"elementor-post-author\">\n\t\t\tLudmila Baldoni\t\t<\/span>\n\t\t\t\t<\/div>\n\t\t\n\t\t<a class=\"elementor-post__read-more\" href=\"https:\/\/publikaai.com.br\/?p=434\" aria-label=\"Read more about O que \u00e9 um editorial?\" tabindex=\"-1\" >\n\t\t\tSaiba mais \u00bb\t\t<\/a>\n\n\t\t\t\t<\/div>\n\t\t\t\t<\/article>\n\t\t\t\t<article class=\"elementor-post elementor-grid-item post-427 post type-post status-publish format-standard has-post-thumbnail hentry category-comunicacao\">\n\t\t\t\t<a class=\"elementor-post__thumbnail__link\" href=\"https:\/\/publikaai.com.br\/?p=427\" tabindex=\"-1\" >\n\t\t\t<div class=\"elementor-post__thumbnail\"><img fetchpriority=\"high\" decoding=\"async\" width=\"800\" height=\"400\" src=\"https:\/\/publikaai.com.br\/wp-content\/uploads\/2021\/05\/o-que-e-rp.jpg\" class=\"attachment-full size-full wp-image-426\" alt=\"o que \u00e9 rp\" srcset=\"https:\/\/publikaai.com.br\/wp-content\/uploads\/2021\/05\/o-que-e-rp.jpg 800w, https:\/\/publikaai.com.br\/wp-content\/uploads\/2021\/05\/o-que-e-rp-300x150.jpg 300w, https:\/\/publikaai.com.br\/wp-content\/uploads\/2021\/05\/o-que-e-rp-768x384.jpg 768w, https:\/\/publikaai.com.br\/wp-content\/uploads\/2021\/05\/o-que-e-rp-260x130.jpg 260w, https:\/\/publikaai.com.br\/wp-content\/uploads\/2021\/05\/o-que-e-rp-50x25.jpg 50w, https:\/\/publikaai.com.br\/wp-content\/uploads\/2021\/05\/o-que-e-rp-150x75.jpg 150w\" sizes=\"(max-width: 800px) 100vw, 800px\" \/><\/div>\n\t\t<\/a>\n\t\t\t\t<div class=\"elementor-post__text\">\n\t\t\t\t<h3 class=\"elementor-post__title\">\n\t\t\t<a href=\"https:\/\/publikaai.com.br\/?p=427\" >\n\t\t\t\tO que \u00e9 RP ou PR? Entenda o significado e atividades desse profissional\t\t\t<\/a>\n\t\t<\/h3>\n\t\t\t\t<div class=\"elementor-post__meta-data\">\n\t\t\t\t\t<span class=\"elementor-post-author\">\n\t\t\tLudmila Baldoni\t\t<\/span>\n\t\t\t\t<\/div>\n\t\t\n\t\t<a class=\"elementor-post__read-more\" href=\"https:\/\/publikaai.com.br\/?p=427\" aria-label=\"Read more about O que \u00e9 RP ou PR? Entenda o significado e atividades desse profissional\" tabindex=\"-1\" >\n\t\t\tSaiba mais \u00bb\t\t<\/a>\n\n\t\t\t\t<\/div>\n\t\t\t\t<\/article>\n\t\t\t\t<\/div>\n\t\t\n\t\t\t\t\t\t<\/div>\n\t\t\t\t<\/div>\n\t\t\t\t\t<\/div>\n\t\t<\/div>\n\t\t\t\t\t<\/div>\n\t\t<\/section>\n\t\t\t\t\t<\/div>\n\t\t<\/div>\n\t\t\t\t\t<\/div>\n\t\t<\/section>\n\t\t\t\t<\/div>\n\t\t","protected":false},"excerpt":{"rendered":"<p>Em todos os setores existem jarg\u00f5es espec\u00edficos e, se n\u00e3o atuamos diretamente nestes mercados, \u00e9 comum ficarmos na d\u00favida se estamos conversando com o profissional<\/p>\n","protected":false},"author":3,"featured_media":426,"comment_status":"open","ping_status":"open","sticky":false,"template":"elementor_canvas","format":"standard","meta":{"_joinchat":[],"footnotes":""},"categories":[5],"tags":[],"class_list":["post-427","post","type-post","status-publish","format-standard","has-post-thumbnail","hentry","category-comunicacao"],"yoast_head":"<!-- This site is optimized with the Yoast SEO plugin v20.8 - https:\/\/yoast.com\/wordpress\/plugins\/seo\/ -->\n<title>RP: Respons\u00e1vel pela gest\u00e3o da comunica\u00e7\u00e3o e da opini\u00e3o p\u00fablica<\/title>\n<meta name=\"description\" content=\"Entre as habilidades de destaque est\u00e3o jogo de cintura e a capacidade de falar em p\u00fablico. Al\u00e9m destas caracter\u00edsticas, o RP atua para ...\" \/>\n<meta name=\"robots\" content=\"index, follow, max-snippet:-1, max-image-preview:large, max-video-preview:-1\" \/>\n<link rel=\"canonical\" href=\"https:\/\/publikaai.com.br\/?p=427\" \/>\n<meta property=\"og:locale\" content=\"pt_BR\" \/>\n<meta property=\"og:type\" content=\"article\" \/>\n<meta property=\"og:title\" content=\"RP: Respons\u00e1vel pela gest\u00e3o da comunica\u00e7\u00e3o e da opini\u00e3o p\u00fablica\" \/>\n<meta property=\"og:description\" content=\"Entre as habilidades de destaque est\u00e3o jogo de cintura e a capacidade de falar em p\u00fablico. Al\u00e9m destas caracter\u00edsticas, o RP atua para ...\" \/>\n<meta property=\"og:url\" content=\"https:\/\/publikaai.com.br\/?p=427\" \/>\n<meta property=\"og:site_name\" content=\"Publika.a\u00ed Comunica\u00e7\u00e3o\" \/>\n<meta property=\"article:published_time\" content=\"2021-05-17T20:59:16+00:00\" \/>\n<meta property=\"article:modified_time\" content=\"2023-03-10T16:35:40+00:00\" \/>\n<meta property=\"og:image\" content=\"https:\/\/publikaai.com.br\/wp-content\/uploads\/2021\/05\/o-que-e-rp.jpg\" \/>\n\t<meta property=\"og:image:width\" content=\"800\" \/>\n\t<meta property=\"og:image:height\" content=\"400\" \/>\n\t<meta property=\"og:image:type\" content=\"image\/jpeg\" \/>\n<meta name=\"author\" content=\"Ludmila Baldoni\" \/>\n<meta name=\"twitter:card\" content=\"summary_large_image\" \/>\n<meta name=\"twitter:label1\" content=\"Escrito por\" \/>\n\t<meta name=\"twitter:data1\" content=\"Ludmila Baldoni\" \/>\n\t<meta name=\"twitter:label2\" content=\"Est. tempo de leitura\" \/>\n\t<meta name=\"twitter:data2\" content=\"13 minutos\" \/>\n<script type=\"application\/ld+json\" class=\"yoast-schema-graph\">{\"@context\":\"https:\/\/schema.org\",\"@graph\":[{\"@type\":\"Article\",\"@id\":\"https:\/\/publikaai.com.br\/?p=427#article\",\"isPartOf\":{\"@id\":\"https:\/\/publikaai.com.br\/?p=427\"},\"author\":{\"name\":\"Ludmila Baldoni\",\"@id\":\"https:\/\/publikaai.com.br\/#\/schema\/person\/2a77ee012024d58d7df0e1f5e29da70a\"},\"headline\":\"O que \u00e9 RP ou PR? Entenda o significado e atividades desse profissional\",\"datePublished\":\"2021-05-17T20:59:16+00:00\",\"dateModified\":\"2023-03-10T16:35:40+00:00\",\"mainEntityOfPage\":{\"@id\":\"https:\/\/publikaai.com.br\/?p=427\"},\"wordCount\":1338,\"commentCount\":0,\"publisher\":{\"@id\":\"https:\/\/publikaai.com.br\/#organization\"},\"articleSection\":[\"Comunica\u00e7\u00e3o\"],\"inLanguage\":\"pt-BR\",\"potentialAction\":[{\"@type\":\"CommentAction\",\"name\":\"Comment\",\"target\":[\"https:\/\/publikaai.com.br\/?p=427#respond\"]}]},{\"@type\":\"WebPage\",\"@id\":\"https:\/\/publikaai.com.br\/?p=427\",\"url\":\"https:\/\/publikaai.com.br\/?p=427\",\"name\":\"RP: Respons\u00e1vel pela gest\u00e3o da comunica\u00e7\u00e3o e da opini\u00e3o p\u00fablica\",\"isPartOf\":{\"@id\":\"https:\/\/publikaai.com.br\/#website\"},\"datePublished\":\"2021-05-17T20:59:16+00:00\",\"dateModified\":\"2023-03-10T16:35:40+00:00\",\"description\":\"Entre as habilidades de destaque est\u00e3o jogo de cintura e a capacidade de falar em p\u00fablico. Al\u00e9m destas caracter\u00edsticas, o RP atua para ...\",\"breadcrumb\":{\"@id\":\"https:\/\/publikaai.com.br\/?p=427#breadcrumb\"},\"inLanguage\":\"pt-BR\",\"potentialAction\":[{\"@type\":\"ReadAction\",\"target\":[\"https:\/\/publikaai.com.br\/?p=427\"]}]},{\"@type\":\"BreadcrumbList\",\"@id\":\"https:\/\/publikaai.com.br\/?p=427#breadcrumb\",\"itemListElement\":[{\"@type\":\"ListItem\",\"position\":1,\"name\":\"In\u00edcio\",\"item\":\"https:\/\/publikaai.com.br\/\"},{\"@type\":\"ListItem\",\"position\":2,\"name\":\"O que \u00e9 RP ou PR? Entenda o significado e atividades desse profissional\"}]},{\"@type\":\"WebSite\",\"@id\":\"https:\/\/publikaai.com.br\/#website\",\"url\":\"https:\/\/publikaai.com.br\/\",\"name\":\"Publika.a\u00ed Comunica\u00e7\u00e3o e Marketing\",\"description\":\"Uma ag\u00eancia com foco em resultado, n\u00e3o segmentada e que transita com facilidade em todos os canais e ve\u00edculos de comunica\u00e7\u00e3o.\",\"publisher\":{\"@id\":\"https:\/\/publikaai.com.br\/#organization\"},\"potentialAction\":[{\"@type\":\"SearchAction\",\"target\":{\"@type\":\"EntryPoint\",\"urlTemplate\":\"https:\/\/publikaai.com.br\/?s={search_term_string}\"},\"query-input\":\"required name=search_term_string\"}],\"inLanguage\":\"pt-BR\"},{\"@type\":\"Organization\",\"@id\":\"https:\/\/publikaai.com.br\/#organization\",\"name\":\"Publika.a\u00ed Comunica\u00e7\u00e3o e Marketing\",\"url\":\"https:\/\/publikaai.com.br\/\",\"logo\":{\"@type\":\"ImageObject\",\"inLanguage\":\"pt-BR\",\"@id\":\"https:\/\/publikaai.com.br\/#\/schema\/logo\/image\/\",\"url\":\"https:\/\/publikaai.com.br\/wp-content\/uploads\/2023\/03\/cropped-publika_ai.webp\",\"contentUrl\":\"https:\/\/publikaai.com.br\/wp-content\/uploads\/2023\/03\/cropped-publika_ai.webp\",\"width\":1350,\"height\":352,\"caption\":\"Publika.a\u00ed Comunica\u00e7\u00e3o e Marketing\"},\"image\":{\"@id\":\"https:\/\/publikaai.com.br\/#\/schema\/logo\/image\/\"},\"sameAs\":[\"https:\/\/www.instagram.com\/publika.ai\"]},{\"@type\":\"Person\",\"@id\":\"https:\/\/publikaai.com.br\/#\/schema\/person\/2a77ee012024d58d7df0e1f5e29da70a\",\"name\":\"Ludmila Baldoni\",\"image\":{\"@type\":\"ImageObject\",\"inLanguage\":\"pt-BR\",\"@id\":\"https:\/\/publikaai.com.br\/#\/schema\/person\/image\/\",\"url\":\"https:\/\/secure.gravatar.com\/avatar\/729ce976da06ee45293a97cfb2794a36?s=96&d=mm&r=g\",\"contentUrl\":\"https:\/\/secure.gravatar.com\/avatar\/729ce976da06ee45293a97cfb2794a36?s=96&d=mm&r=g\",\"caption\":\"Ludmila Baldoni\"},\"description\":\"Comunicativa por natureza ingressou na faculdade de jornalismo ciente do que queria para a sua trajet\u00f3ria profissional e desde ent\u00e3o, a assessoria de imprensa se tornou sua grande paix\u00e3o. Com mais de quinze anos de experi\u00eancia, j\u00e1 atuou como consultora em projetos de comunica\u00e7\u00e3o, coordenou e liderou equipes de jornalistas, organizou feiras e eventos, gerenciou a\u00e7\u00f5es de marketing em todo o pa\u00eds. Durante seis foi anos foi s\u00f3cia de uma assessoria de imprensa e recentemente decidiu buscar v\u00f4os mais altos e fundou a Publika\u00ed, uma ag\u00eancia que tem como miss\u00e3o encontrar solu\u00e7\u00f5es de comunica\u00e7\u00e3o atrav\u00e9s de modelos multissetorias.\",\"url\":\"https:\/\/publikaai.com.br\/?author=3\"}]}<\/script>\n<!-- \/ Yoast SEO plugin. -->","yoast_head_json":{"title":"RP: Respons\u00e1vel pela gest\u00e3o da comunica\u00e7\u00e3o e da opini\u00e3o p\u00fablica","description":"Entre as habilidades de destaque est\u00e3o jogo de cintura e a capacidade de falar em p\u00fablico. Al\u00e9m destas caracter\u00edsticas, o RP atua para ...","robots":{"index":"index","follow":"follow","max-snippet":"max-snippet:-1","max-image-preview":"max-image-preview:large","max-video-preview":"max-video-preview:-1"},"canonical":"https:\/\/publikaai.com.br\/?p=427","og_locale":"pt_BR","og_type":"article","og_title":"RP: Respons\u00e1vel pela gest\u00e3o da comunica\u00e7\u00e3o e da opini\u00e3o p\u00fablica","og_description":"Entre as habilidades de destaque est\u00e3o jogo de cintura e a capacidade de falar em p\u00fablico. Al\u00e9m destas caracter\u00edsticas, o RP atua para ...","og_url":"https:\/\/publikaai.com.br\/?p=427","og_site_name":"Publika.a\u00ed Comunica\u00e7\u00e3o","article_published_time":"2021-05-17T20:59:16+00:00","article_modified_time":"2023-03-10T16:35:40+00:00","og_image":[{"width":800,"height":400,"url":"https:\/\/publikaai.com.br\/wp-content\/uploads\/2021\/05\/o-que-e-rp.jpg","type":"image\/jpeg"}],"author":"Ludmila Baldoni","twitter_card":"summary_large_image","twitter_misc":{"Escrito por":"Ludmila Baldoni","Est. tempo de leitura":"13 minutos"},"schema":{"@context":"https:\/\/schema.org","@graph":[{"@type":"Article","@id":"https:\/\/publikaai.com.br\/?p=427#article","isPartOf":{"@id":"https:\/\/publikaai.com.br\/?p=427"},"author":{"name":"Ludmila Baldoni","@id":"https:\/\/publikaai.com.br\/#\/schema\/person\/2a77ee012024d58d7df0e1f5e29da70a"},"headline":"O que \u00e9 RP ou PR? Entenda o significado e atividades desse profissional","datePublished":"2021-05-17T20:59:16+00:00","dateModified":"2023-03-10T16:35:40+00:00","mainEntityOfPage":{"@id":"https:\/\/publikaai.com.br\/?p=427"},"wordCount":1338,"commentCount":0,"publisher":{"@id":"https:\/\/publikaai.com.br\/#organization"},"articleSection":["Comunica\u00e7\u00e3o"],"inLanguage":"pt-BR","potentialAction":[{"@type":"CommentAction","name":"Comment","target":["https:\/\/publikaai.com.br\/?p=427#respond"]}]},{"@type":"WebPage","@id":"https:\/\/publikaai.com.br\/?p=427","url":"https:\/\/publikaai.com.br\/?p=427","name":"RP: Respons\u00e1vel pela gest\u00e3o da comunica\u00e7\u00e3o e da opini\u00e3o p\u00fablica","isPartOf":{"@id":"https:\/\/publikaai.com.br\/#website"},"datePublished":"2021-05-17T20:59:16+00:00","dateModified":"2023-03-10T16:35:40+00:00","description":"Entre as habilidades de destaque est\u00e3o jogo de cintura e a capacidade de falar em p\u00fablico. Al\u00e9m destas caracter\u00edsticas, o RP atua para ...","breadcrumb":{"@id":"https:\/\/publikaai.com.br\/?p=427#breadcrumb"},"inLanguage":"pt-BR","potentialAction":[{"@type":"ReadAction","target":["https:\/\/publikaai.com.br\/?p=427"]}]},{"@type":"BreadcrumbList","@id":"https:\/\/publikaai.com.br\/?p=427#breadcrumb","itemListElement":[{"@type":"ListItem","position":1,"name":"In\u00edcio","item":"https:\/\/publikaai.com.br\/"},{"@type":"ListItem","position":2,"name":"O que \u00e9 RP ou PR? Entenda o significado e atividades desse profissional"}]},{"@type":"WebSite","@id":"https:\/\/publikaai.com.br\/#website","url":"https:\/\/publikaai.com.br\/","name":"Publika.a\u00ed Comunica\u00e7\u00e3o e Marketing","description":"Uma ag\u00eancia com foco em resultado, n\u00e3o segmentada e que transita com facilidade em todos os canais e ve\u00edculos de comunica\u00e7\u00e3o.","publisher":{"@id":"https:\/\/publikaai.com.br\/#organization"},"potentialAction":[{"@type":"SearchAction","target":{"@type":"EntryPoint","urlTemplate":"https:\/\/publikaai.com.br\/?s={search_term_string}"},"query-input":"required name=search_term_string"}],"inLanguage":"pt-BR"},{"@type":"Organization","@id":"https:\/\/publikaai.com.br\/#organization","name":"Publika.a\u00ed Comunica\u00e7\u00e3o e Marketing","url":"https:\/\/publikaai.com.br\/","logo":{"@type":"ImageObject","inLanguage":"pt-BR","@id":"https:\/\/publikaai.com.br\/#\/schema\/logo\/image\/","url":"https:\/\/publikaai.com.br\/wp-content\/uploads\/2023\/03\/cropped-publika_ai.webp","contentUrl":"https:\/\/publikaai.com.br\/wp-content\/uploads\/2023\/03\/cropped-publika_ai.webp","width":1350,"height":352,"caption":"Publika.a\u00ed Comunica\u00e7\u00e3o e Marketing"},"image":{"@id":"https:\/\/publikaai.com.br\/#\/schema\/logo\/image\/"},"sameAs":["https:\/\/www.instagram.com\/publika.ai"]},{"@type":"Person","@id":"https:\/\/publikaai.com.br\/#\/schema\/person\/2a77ee012024d58d7df0e1f5e29da70a","name":"Ludmila Baldoni","image":{"@type":"ImageObject","inLanguage":"pt-BR","@id":"https:\/\/publikaai.com.br\/#\/schema\/person\/image\/","url":"https:\/\/secure.gravatar.com\/avatar\/729ce976da06ee45293a97cfb2794a36?s=96&d=mm&r=g","contentUrl":"https:\/\/secure.gravatar.com\/avatar\/729ce976da06ee45293a97cfb2794a36?s=96&d=mm&r=g","caption":"Ludmila Baldoni"},"description":"Comunicativa por natureza ingressou na faculdade de jornalismo ciente do que queria para a sua trajet\u00f3ria profissional e desde ent\u00e3o, a assessoria de imprensa se tornou sua grande paix\u00e3o. Com mais de quinze anos de experi\u00eancia, j\u00e1 atuou como consultora em projetos de comunica\u00e7\u00e3o, coordenou e liderou equipes de jornalistas, organizou feiras e eventos, gerenciou a\u00e7\u00f5es de marketing em todo o pa\u00eds. Durante seis foi anos foi s\u00f3cia de uma assessoria de imprensa e recentemente decidiu buscar v\u00f4os mais altos e fundou a Publika\u00ed, uma ag\u00eancia que tem como miss\u00e3o encontrar solu\u00e7\u00f5es de comunica\u00e7\u00e3o atrav\u00e9s de modelos multissetorias.","url":"https:\/\/publikaai.com.br\/?author=3"}]}},"_links":{"self":[{"href":"https:\/\/publikaai.com.br\/index.php?rest_route=\/wp\/v2\/posts\/427","targetHints":{"allow":["GET"]}}],"collection":[{"href":"https:\/\/publikaai.com.br\/index.php?rest_route=\/wp\/v2\/posts"}],"about":[{"href":"https:\/\/publikaai.com.br\/index.php?rest_route=\/wp\/v2\/types\/post"}],"author":[{"embeddable":true,"href":"https:\/\/publikaai.com.br\/index.php?rest_route=\/wp\/v2\/users\/3"}],"replies":[{"embeddable":true,"href":"https:\/\/publikaai.com.br\/index.php?rest_route=%2Fwp%2Fv2%2Fcomments&post=427"}],"version-history":[{"count":11,"href":"https:\/\/publikaai.com.br\/index.php?rest_route=\/wp\/v2\/posts\/427\/revisions"}],"predecessor-version":[{"id":1130,"href":"https:\/\/publikaai.com.br\/index.php?rest_route=\/wp\/v2\/posts\/427\/revisions\/1130"}],"wp:featuredmedia":[{"embeddable":true,"href":"https:\/\/publikaai.com.br\/index.php?rest_route=\/wp\/v2\/media\/426"}],"wp:attachment":[{"href":"https:\/\/publikaai.com.br\/index.php?rest_route=%2Fwp%2Fv2%2Fmedia&parent=427"}],"wp:term":[{"taxonomy":"category","embeddable":true,"href":"https:\/\/publikaai.com.br\/index.php?rest_route=%2Fwp%2Fv2%2Fcategories&post=427"},{"taxonomy":"post_tag","embeddable":true,"href":"https:\/\/publikaai.com.br\/index.php?rest_route=%2Fwp%2Fv2%2Ftags&post=427"}],"curies":[{"name":"wp","href":"https:\/\/api.w.org\/{rel}","templated":true}]}}