{"id":442,"date":"2021-05-20T15:23:44","date_gmt":"2021-05-20T18:23:44","guid":{"rendered":"https:\/\/publikaai.com.br\/?p=442"},"modified":"2023-03-10T13:33:25","modified_gmt":"2023-03-10T16:33:25","slug":"principais-problemas-comunicacao-empresas","status":"publish","type":"post","link":"https:\/\/publikaai.com.br\/?p=442","title":{"rendered":"Principais problemas de comunica\u00e7\u00e3o nas empresas"},"content":{"rendered":"\t\t<div data-elementor-type=\"wp-post\" data-elementor-id=\"442\" class=\"elementor elementor-442\" data-elementor-post-type=\"post\">\n\t\t\t\t\t\t<section class=\"elementor-section elementor-top-section elementor-element elementor-element-56f8fe9a elementor-section-boxed elementor-section-height-default elementor-section-height-default\" data-id=\"56f8fe9a\" data-element_type=\"section\">\n\t\t\t\t\t\t<div class=\"elementor-container elementor-column-gap-default\">\n\t\t\t\t\t<div class=\"elementor-column elementor-col-100 elementor-top-column elementor-element elementor-element-a6935bc\" data-id=\"a6935bc\" data-element_type=\"column\">\n\t\t\t<div class=\"elementor-widget-wrap\">\n\t\t\t\t\t\t\t<\/div>\n\t\t<\/div>\n\t\t\t\t\t<\/div>\n\t\t<\/section>\n\t\t\t\t<section class=\"elementor-section elementor-top-section elementor-element elementor-element-1f9f4d90 elementor-section-boxed elementor-section-height-default elementor-section-height-default\" data-id=\"1f9f4d90\" data-element_type=\"section\" data-settings=\"{&quot;background_background&quot;:&quot;classic&quot;}\">\n\t\t\t\t\t\t\t<div class=\"elementor-background-overlay\"><\/div>\n\t\t\t\t\t\t\t<div class=\"elementor-container elementor-column-gap-default\">\n\t\t\t\t\t<div class=\"elementor-column elementor-col-100 elementor-top-column elementor-element elementor-element-716b1db\" data-id=\"716b1db\" data-element_type=\"column\">\n\t\t\t<div class=\"elementor-widget-wrap elementor-element-populated\">\n\t\t\t\t\t\t<div class=\"elementor-element elementor-element-61c76ad2 elementor-invisible elementor-widget elementor-widget-heading\" data-id=\"61c76ad2\" data-element_type=\"widget\" data-settings=\"{&quot;_animation&quot;:&quot;fadeInUp&quot;}\" data-widget_type=\"heading.default\">\n\t\t\t\t<div class=\"elementor-widget-container\">\n\t\t\t\t\t<h6 class=\"elementor-heading-title elementor-size-default\"><a href=\"https:\/\/publikaai.com.br\/?cat=5\" rel=\"tag\">Comunica\u00e7\u00e3o<\/a><\/h6>\t\t\t\t<\/div>\n\t\t\t\t<\/div>\n\t\t\t\t<div class=\"elementor-element elementor-element-5ec09ee8 elementor-invisible elementor-widget elementor-widget-theme-post-title elementor-page-title elementor-widget-heading\" data-id=\"5ec09ee8\" data-element_type=\"widget\" data-settings=\"{&quot;_animation&quot;:&quot;fadeInRight&quot;}\" data-widget_type=\"theme-post-title.default\">\n\t\t\t\t<div class=\"elementor-widget-container\">\n\t\t\t\t\t<h1 class=\"elementor-heading-title elementor-size-default\">Principais problemas de comunica\u00e7\u00e3o nas empresas<\/h1>\t\t\t\t<\/div>\n\t\t\t\t<\/div>\n\t\t\t\t<div class=\"elementor-element elementor-element-1ed8de5b elementor-invisible elementor-widget elementor-widget-post-info\" data-id=\"1ed8de5b\" data-element_type=\"widget\" data-settings=\"{&quot;_animation&quot;:&quot;fadeInDown&quot;}\" data-widget_type=\"post-info.default\">\n\t\t\t\t<div class=\"elementor-widget-container\">\n\t\t\t\t\t\t\t<ul class=\"elementor-inline-items elementor-icon-list-items elementor-post-info\">\n\t\t\t\t\t\t\t\t<li class=\"elementor-icon-list-item elementor-repeater-item-78f1a26 elementor-inline-item\" itemprop=\"author\">\n\t\t\t\t\t\t<a href=\"https:\/\/publikaai.com.br\/?author=3\">\n\t\t\t\t\t\t\t\t\t\t\t<span class=\"elementor-icon-list-icon\">\n\t\t\t\t\t\t\t\t<i aria-hidden=\"true\" class=\"material-icons md-verified\" data-md-icon=\"verified\"><\/i>\t\t\t\t\t\t\t<\/span>\n\t\t\t\t\t\t\t\t\t<span class=\"elementor-icon-list-text elementor-post-info__item elementor-post-info__item--type-author\">\n\t\t\t\t\t\t\t\t\t\tLudmila Baldoni\t\t\t\t\t<\/span>\n\t\t\t\t\t\t\t\t\t<\/a>\n\t\t\t\t<\/li>\n\t\t\t\t<li class=\"elementor-icon-list-item elementor-repeater-item-34fd165 elementor-inline-item\" itemprop=\"datePublished\">\n\t\t\t\t\t\t<a href=\"https:\/\/publikaai.com.br\/?m=20210520\">\n\t\t\t\t\t\t\t\t\t\t\t<span class=\"elementor-icon-list-icon\">\n\t\t\t\t\t\t\t\t<i aria-hidden=\"true\" class=\"material-icons md-calendar_today\" data-md-icon=\"calendar_today\"><\/i>\t\t\t\t\t\t\t<\/span>\n\t\t\t\t\t\t\t\t\t<span class=\"elementor-icon-list-text elementor-post-info__item elementor-post-info__item--type-date\">\n\t\t\t\t\t\t\t\t\t\t<time>maio 20, 2021<\/time>\t\t\t\t\t<\/span>\n\t\t\t\t\t\t\t\t\t<\/a>\n\t\t\t\t<\/li>\n\t\t\t\t<\/ul>\n\t\t\t\t\t\t<\/div>\n\t\t\t\t<\/div>\n\t\t\t\t\t<\/div>\n\t\t<\/div>\n\t\t\t\t\t<\/div>\n\t\t<\/section>\n\t\t\t\t<section class=\"elementor-section elementor-top-section elementor-element elementor-element-8942308 elementor-section-boxed elementor-section-height-default elementor-section-height-default\" data-id=\"8942308\" data-element_type=\"section\">\n\t\t\t\t\t\t<div class=\"elementor-container elementor-column-gap-default\">\n\t\t\t\t\t<div class=\"elementor-column elementor-col-50 elementor-top-column elementor-element elementor-element-25552cbe animated-fast elementor-invisible\" data-id=\"25552cbe\" data-element_type=\"column\" data-settings=\"{&quot;background_background&quot;:&quot;classic&quot;,&quot;animation&quot;:&quot;fadeInUp&quot;}\">\n\t\t\t<div class=\"elementor-widget-wrap elementor-element-populated\">\n\t\t\t\t\t\t<div class=\"elementor-element elementor-element-5c528a7b elementor-widget elementor-widget-theme-post-featured-image elementor-widget-image\" data-id=\"5c528a7b\" data-element_type=\"widget\" data-widget_type=\"theme-post-featured-image.default\">\n\t\t\t\t<div class=\"elementor-widget-container\">\n\t\t\t\t\t\t\t\t\t\t\t\t\t\t\t<img fetchpriority=\"high\" decoding=\"async\" width=\"800\" height=\"400\" src=\"https:\/\/publikaai.com.br\/wp-content\/uploads\/2021\/05\/Principais-problemas-de-comunicacao-nas-empresas.jpg\" class=\"attachment-full size-full wp-image-430\" alt=\"Principais problemas de comunica\u00e7\u00e3o nas empresas\" srcset=\"https:\/\/publikaai.com.br\/wp-content\/uploads\/2021\/05\/Principais-problemas-de-comunicacao-nas-empresas.jpg 800w, https:\/\/publikaai.com.br\/wp-content\/uploads\/2021\/05\/Principais-problemas-de-comunicacao-nas-empresas-300x150.jpg 300w, https:\/\/publikaai.com.br\/wp-content\/uploads\/2021\/05\/Principais-problemas-de-comunicacao-nas-empresas-768x384.jpg 768w, https:\/\/publikaai.com.br\/wp-content\/uploads\/2021\/05\/Principais-problemas-de-comunicacao-nas-empresas-260x130.jpg 260w, https:\/\/publikaai.com.br\/wp-content\/uploads\/2021\/05\/Principais-problemas-de-comunicacao-nas-empresas-50x25.jpg 50w, https:\/\/publikaai.com.br\/wp-content\/uploads\/2021\/05\/Principais-problemas-de-comunicacao-nas-empresas-150x75.jpg 150w\" sizes=\"(max-width: 800px) 100vw, 800px\" \/>\t\t\t\t\t\t\t\t\t\t\t\t\t\t\t<\/div>\n\t\t\t\t<\/div>\n\t\t\t\t<div class=\"elementor-element elementor-element-1fd3241d elementor-widget elementor-widget-text-editor\" data-id=\"1fd3241d\" data-element_type=\"widget\" data-widget_type=\"text-editor.default\">\n\t\t\t\t<div class=\"elementor-widget-container\">\n\t\t\t\t\t\t\t\t\tFalhas ao transmitir informa\u00e7\u00f5es entre os diretores e entre os demais integrantes de uma opera\u00e7\u00e3o pode afetar a qualidade do servi\u00e7o e levar a preju\u00edzos milion\u00e1rios. Por isso, os<b> principais problemas de comunica\u00e7\u00e3o nas empresas<\/b> precisam ser anulados logo que s\u00e3o detectados para garantir o sucesso da organiza\u00e7\u00e3o.\r\n\r\n\u00c9 comum que as empresas enfrentem problemas de comunica\u00e7\u00e3o em algum momento, especialmente se o neg\u00f3cio tem uma grande equipe ou se cresceu de repente.\r\n\r\nNo entanto, esses problemas podem prejudicar seriamente os resultados do empreendimento, levando a <b>perda de talentos<\/b>, <b>frustra\u00e7\u00f5es<\/b>, <b>atrasos<\/b> e at\u00e9 o <b>cancelamento de grandes neg\u00f3cios<\/b>.\r\n\r\nPensando em ajudar voc\u00ea a evitar esses inc\u00f4modos, listamos a seguir os principais problemas de comunica\u00e7\u00e3o nas empresas e formas de neutraliz\u00e1-los. S\u00e3o eles:\r\n<ul>\r\n \t<li aria-level=\"1\">Comunica\u00e7\u00e3o falha;<\/li>\r\n \t<li aria-level=\"1\">Reuni\u00f5es ineficazes;<\/li>\r\n \t<li aria-level=\"1\">Aus\u00eancia de feedback;<\/li>\r\n \t<li aria-level=\"1\">Excesso de e-mails;<\/li>\r\n \t<li aria-level=\"1\">Desorganiza\u00e7\u00e3o de documentos;<\/li>\r\n \t<li aria-level=\"1\">Desorganiza\u00e7\u00e3o de projetos;<\/li>\r\n \t<li aria-level=\"1\">Softwares inadequados.<\/li>\r\n<\/ul>\r\nCom base nestes principais problemas de comunica\u00e7\u00e3o das empresas, voc\u00ea ver\u00e1 no decorrer deste artigo como eles afetam a produtividade e quais medidas s\u00e3o importantes para solucion\u00e1-los. Boa leitura!\r\n\r\nAproveite e veja tamb\u00e9m:\r\n<ul>\r\n \t<li aria-level=\"1\"><a href=\"https:\/\/publikaai.com.br\/comunicacao\/ruidos-comunicacao-empresarial\/\">Como evitar ru\u00eddos na comunica\u00e7\u00e3o empresarial?<\/a><\/li>\r\n \t<li aria-level=\"1\"><a href=\"https:\/\/publikaai.com.br\/imprensa\/assessoria-imprensa-para-advogado\/\">Benef\u00edcios de uma assessoria de imprensa para advogados<\/a><\/li>\r\n<\/ul>\r\n<h2>Principais problemas de comunica\u00e7\u00e3o nas empresas (e como resolver)<\/h2>\r\nS\u00e3o v\u00e1rios os problemas de comunica\u00e7\u00e3o poss\u00edveis em uma empresa e eles v\u00e3o variar especialmente de acordo com o tamanho da equipe.\r\n\r\nQuando o neg\u00f3cio tem muita gente, manter a comunica\u00e7\u00e3o assertiva se torna um desafio. Por isso, mesmo que algum dos problemas listados neste artigo ainda n\u00e3o aconte\u00e7a na sua empresa, vale a pena conhec\u00ea-los, assim, voc\u00ea saber\u00e1 como agir caso eles apare\u00e7am.\r\n<h3>Comunica\u00e7\u00e3o falha entre equipes<\/h3>\r\nSua empresa integra seus setores ou cada equipe trabalha por si mesma? Esse pode ser um enorme problema para seu neg\u00f3cio, pois pode afetar o prazo de entregas e levar a insatisfa\u00e7\u00e3o do cliente.\r\n\r\nCom uma comunica\u00e7\u00e3o eficaz entre as equipes \u00e9 mais f\u00e1cil para todos perceber o papel de cada um no neg\u00f3cio. Assim, os profissionais entendem quais s\u00e3o as prioridades e as consequ\u00eancias de qualquer atraso.\r\n\r\nUm grande exemplo est\u00e1 entre os setores de marketing e o comercial. O primeiro vai promover a\u00e7\u00f5es para despertar atra\u00e7\u00e3o e desejo, mas se os funcion\u00e1rios do segundo departamento n\u00e3o estiverem atentos ou clientes dessa demanda, podem n\u00e3o conseguir conduzir os interessados para uma compra.\r\n\r\nEste \u00e9 um exemplo do preju\u00edzo que os principais problemas de comunica\u00e7\u00e3o nas empresas podem provocar.\r\n\r\nPor isso, <b>promova a troca de ideias<\/b> e de informa\u00e7\u00f5es entre setores. Isso vai garantir que todos caminhem com mais facilidade para o mesmo objetivo.\r\n<h3>Reuni\u00f5es ineficazes<\/h3>\r\nEvite reuni\u00f5es \u201cpara nada\u201d, aquelas com in\u00fameros t\u00f3picos em discuss\u00e3o e que, no fim, n\u00e3o existe uma defini\u00e7\u00e3o de tarefas ou decis\u00f5es.\r\n\r\nEsse tipo de encontro faz seus colaboradores perderem tempo e ainda causa des\u00e2nimo. Afinal, ningu\u00e9m quer passar muito tempo em uma reuni\u00e3o sem fundamento.\r\n\r\nPrimeiro, avalie o tempo que sua equipe perde entre preparativos e realiza\u00e7\u00e3o de reuni\u00f5es, al\u00e9m dos resultados obtidos a partir destes encontros.\r\n\r\nCom base nessa avalia\u00e7\u00e3o, promova ajustes em rela\u00e7\u00e3o ao <b>tempo m\u00e1ximo das reuni\u00f5es<\/b>, <b>limita\u00e7\u00e3o dos t\u00f3picos abordados<\/b> e a produ\u00e7\u00e3o de uma <b>pauta de decis\u00f5es<\/b>.\r\n\r\nIsso vai mostrar a todos que aquela reuni\u00e3o teve um objetivo alcan\u00e7ado, deixando claro tamb\u00e9m o que ser\u00e1 feito a seguir.\r\n<h3>Falta de feedback pelo trabalho<\/h3>\r\nOutro item que aparece com frequ\u00eancia na lista dos principais problemas de comunica\u00e7\u00e3o nas empresas \u00e9 a falta de avalia\u00e7\u00e3o dos funcion\u00e1rios e a aus\u00eancia de feedback.\r\n\r\nEste problema leva a <b>estagna\u00e7\u00e3o<\/b> e a <b>desmotiva\u00e7\u00e3o<\/b> dos profissionais dentro de uma empresa, reduzindo toda a produtividade.\r\n\r\nSeus colaboradores sabem o que a chefia acha do trabalho de cada um? \u00c9 essencial expor seu feedback periodicamente para que cada profissional saiba como sua atua\u00e7\u00e3o tem sido vista e impacta o desempenho da empresa.\r\n\r\nVale a pena investir em uma avalia\u00e7\u00e3o de desempenho e em feedbacks individuais, refor\u00e7ando as qualidades e corrigindo as falhas de cada colaborador.\r\n\r\nAl\u00e9m das <b>avalia\u00e7\u00f5es individuais<\/b>, \u00e9 recomendado tamb\u00e9m fazer <b>feedbacks coletivos<\/b> entre as equipes, promovendo uma ampla integra\u00e7\u00e3o.\r\n\r\nElogie o que for poss\u00edvel, para incentivar a dedica\u00e7\u00e3o, mas sempre aponte o que precisa ser melhorado. Apenas cuidado para fazer cr\u00edticas construtivas, em vez de fazer as pessoas se sentirem mal pelos seus coment\u00e1rios.\r\n<h3>Excesso de e-mails<\/h3>\r\nRegistrar a comunica\u00e7\u00e3o e demandas por e-mail \u00e9 muito importante, pois facilita a visualiza\u00e7\u00e3o e o acompanhamento de tudo que est\u00e1 acontecendo.\r\n\r\nNo entanto, \u00e9 preciso tomar cuidado com a sobrecarga de mensagens. Em vez de encaminhar v\u00e1rios e-mails sobre uma mesma demanda, junte todas as informa\u00e7\u00f5es e encaminhe-as de uma s\u00f3 vez.\r\n\r\nAl\u00e9m disso, incentive sua equipe a conversar pessoalmente e apenas formalize o que for decidido por e-mail.\r\n\r\nEsse tipo de cuidado vai evitar que as mensagens \u201cse percam\u201d na caixa de entrada, o que pode afetar a realiza\u00e7\u00e3o das tarefas.\r\n\r\nAvalie tamb\u00e9m a ado\u00e7\u00e3o de softwares que permitam o monitoramento de demandas entre as \u00e1reas, evitando um fluxo maior entre e-mail durante a evolu\u00e7\u00e3o das entregas.\r\n<h3>Arquivos dif\u00edceis de encontrar<\/h3>\r\nMuitas vezes, as equipes de uma mesma empresa <b>compartilham arquivos e informa\u00e7\u00f5es<\/b>. Por exemplo: tanto o marketing quanto o financeiro podem precisar dos dados do cart\u00e3o de cr\u00e9dito empresarial. O primeiro, para campanhas online; o segundo, para pagamento de despesas.\r\n\r\nDa mesma forma, o time de atendimento ao cliente precisa saber quais s\u00e3o as promo\u00e7\u00f5es ativas pelo marketing para usar em suas intera\u00e7\u00f5es com os clientes por telefone ou mensagens.\r\n\r\nPensando nisso, <b>busque op\u00e7\u00f5es de disponibilizar os arquivos de forma simples e compartilhada<\/b>.\r\n\r\nUm sistema na nuvem costuma ser a op\u00e7\u00e3o mais eficaz, pois v\u00e1rias pessoas poder\u00e3o visualizar o que precisam ao mesmo tempo.\r\n\r\nSe muitos arquivos forem encaminhados por e-mail, o ac\u00famulo deles pode dificultar encontrar cada um quando for necess\u00e1rio.\r\n\r\nOs documentos \u201cperdidos\u201d tamb\u00e9m aparecem com frequ\u00eancia nas reclama\u00e7\u00f5es sobre os principais problemas de comunica\u00e7\u00e3o nas empresas.\r\n<h3>Desorganiza\u00e7\u00e3o de projetos<\/h3>\r\nJ\u00e1 avaliou quanto tempo leva entre uma ideia sair do papel e a sua entrega, mesmo que seja em um projeto MVP?\r\n\r\nAlto volume de corre\u00e7\u00f5es pode indicar que uma das \u00e1reas envolvidas n\u00e3o est\u00e1 compreendendo as informa\u00e7\u00f5es ou elas chegam com falhas. Acredite, isso acontece com muita frequ\u00eancia!\r\n\r\nSeu neg\u00f3cio usa ferramentas para organizar as tarefas? Op\u00e7\u00f5es como o <b>Trello<\/b> e <b>Asana<\/b> facilitam a visualiza\u00e7\u00e3o das etapas das demandas e podem evitar desencontros de informa\u00e7\u00f5es entre as equipes.\r\n<h3>Softwares demais<\/h3>\r\nEnviar\u00a0 documento por e-mail, usar uma planilha, atualizar uma apresenta\u00e7\u00e3o, cadastrar uma demanda em uma ferramenta, usar um app para marcar reuni\u00e3o e ainda validar entregas em outro software podem parecer simples no in\u00edcio, mas \u00e9 uma atitude que acabar\u00e1 com a produtividade do seu time.\r\n\r\nSempre que poss\u00edvel, simplifique os processos limitando os programas e softwares que sua empresa vai utilizar.\r\n\r\nO ideal \u00e9 escolher ferramentas completas, com v\u00e1rias fun\u00e7\u00f5es. Assim, ser\u00e1 mais simples visualizar as informa\u00e7\u00f5es e realizar as tarefas sem que as equipes \u201cse percam\u201d no que estavam fazendo.\r\n\r\nSem contar que, quando uma informa\u00e7\u00e3o for necess\u00e1ria, ser\u00e1 mais simples encontr\u00e1-la.\r\n\r\nAvalie com cuidado todas as demandas e fluxos da sua empresa para promover uma readequa\u00e7\u00e3o para evitar que esse problema de excesso de ferramentas atrapalhe o andamento das entregas.\r\n\r\nN\u00e3o se esque\u00e7a que, mesmo que hoje n\u00e3o sejam detectados internamente um destes principais problemas de comunica\u00e7\u00e3o nas empresas, eles podem ocorrer no futuro. Por isso, procure preveni-los.\r\n\r\nPor exemplo: se o neg\u00f3cio usa hoje muitos softwares ou se ainda n\u00e3o utiliza um programa para organiza\u00e7\u00e3o, pode ser hora de adotar uma nova a\u00e7\u00e3o.\r\n<h2>Use a comunica\u00e7\u00e3o de forma estrat\u00e9gica<\/h2>\r\nPor atuar exclusivamente no segmento de comunica\u00e7\u00e3o, a <a href=\"https:\/\/publikaai.com.br\"><strong>empresa de assessoria de imprensa Publika\u00ed<\/strong><\/a> entende que toda informa\u00e7\u00e3o precisa ser facilmente compreendida pelo receptor.\r\n\r\nNesse sentido, al\u00e9m de apoiar empresas no objetivo de ampliar a visibilidade da marca pela imprensa, tamb\u00e9m ajudamos a ajustar a comunica\u00e7\u00e3o interna e a eliminar ru\u00eddos que possam interferir no andamento dos trabalhos.\r\n\r\nCom mais de 15 anos de atua\u00e7\u00e3o no mercado de assessoria de imprensa, <strong>Ludmila Baldoni<\/strong> fundou a <strong>Publika\u00ed<\/strong> para fornecer qualidade para as empresas assessoradas por meio de um forte relacionamento com jornalistas dos ve\u00edculos digitais e offline.\r\n\r\nAgora que voc\u00ea j\u00e1 sabe quais s\u00e3o os principais problemas de comunica\u00e7\u00e3o nas empresas, que tal fazer uma profunda auditoria em sua estrutura para identificar poss\u00edveis falhas? Fa\u00e7a isso agora e evite transtornos maiores no futuro.\r\n\r\nAl\u00e9m disso, se voc\u00ea acha que a sua empresa n\u00e3o tem a visibilidade merecida na imprensa e seus concorrentes est\u00e3o diariamente nos notici\u00e1rios, que tal reverter esse cen\u00e1rio? <b>Vamos marcar um bate papo para propor um plano de a\u00e7\u00e3o!<\/b>\r\n\r\nEstudamos o cen\u00e1rio atual em que a empresa est\u00e1, os objetivos do neg\u00f3cio, seus servi\u00e7os e produtos e tamb\u00e9m os profissionais atrelados a ela para identificar o que \u00e9 not\u00edcia e como toda esta estrutura pode ser conectada a pautas trabalhadas pela imprensa.\r\n\r\nApresentei aqui sete dos principais problemas de comunica\u00e7\u00e3o nas empresas, que tal agora entender melhor:\r\n\r\n<a href=\"https:\/\/publikaai.com.br\/marketing\/blog-corporativo\/\">O que \u00e9 blog corporativo e como isso pode me gerar mais clientes?<\/a>\r\n\r\n<a href=\"https:\/\/publikaai.com.br\/marketing\/gatilhos-mentais-para-vendas-online\/\">Descubra quais s\u00e3o os melhores gatilhos mentais para vendas<\/a>\r\n\r\nAcompanhe mais dicas em <a href=\"https:\/\/www.instagram.com\/publikai\/\" target=\"_blank\" rel=\"noopener noreferrer\">nosso perfil no Instagram<\/a>.\t\t\t\t\t\t\t\t<\/div>\n\t\t\t\t<\/div>\n\t\t\t\t<div class=\"elementor-element elementor-element-665744dd elementor-share-buttons--skin-flat elementor-share-buttons--shape-circle elementor-grid-5 elementor-grid-mobile-2 elementor-share-buttons--view-icon-text elementor-share-buttons--color-official elementor-widget elementor-widget-share-buttons\" data-id=\"665744dd\" data-element_type=\"widget\" data-widget_type=\"share-buttons.default\">\n\t\t\t\t<div class=\"elementor-widget-container\">\n\t\t\t\t\t\t\t<div class=\"elementor-grid\" role=\"list\">\n\t\t\t\t\t\t\t\t<div class=\"elementor-grid-item\" role=\"listitem\">\n\t\t\t\t\t\t<div class=\"elementor-share-btn elementor-share-btn_facebook\" role=\"button\" tabindex=\"0\" aria-label=\"Share on facebook\">\n\t\t\t\t\t\t\t\t\t\t\t\t\t\t\t<span class=\"elementor-share-btn__icon\">\n\t\t\t\t\t\t\t\t<i class=\"fab fa-facebook\" aria-hidden=\"true\"><\/i>\t\t\t\t\t\t\t<\/span>\n\t\t\t\t\t\t\t\t\t\t\t\t\t\t\t\t\t\t\t\t\t\t<div class=\"elementor-share-btn__text\">\n\t\t\t\t\t\t\t\t\t\t\t\t\t\t\t\t\t\t\t<span class=\"elementor-share-btn__title\">\n\t\t\t\t\t\t\t\t\t\tFacebook\t\t\t\t\t\t\t\t\t<\/span>\n\t\t\t\t\t\t\t\t\t\t\t\t\t\t\t\t\t<\/div>\n\t\t\t\t\t\t\t\t\t\t\t\t\t<\/div>\n\t\t\t\t\t<\/div>\n\t\t\t\t\t\t\t\t\t<div class=\"elementor-grid-item\" role=\"listitem\">\n\t\t\t\t\t\t<div class=\"elementor-share-btn elementor-share-btn_pinterest\" role=\"button\" tabindex=\"0\" aria-label=\"Share on pinterest\">\n\t\t\t\t\t\t\t\t\t\t\t\t\t\t\t<span class=\"elementor-share-btn__icon\">\n\t\t\t\t\t\t\t\t<i class=\"fab fa-pinterest\" aria-hidden=\"true\"><\/i>\t\t\t\t\t\t\t<\/span>\n\t\t\t\t\t\t\t\t\t\t\t\t\t\t\t\t\t\t\t\t\t\t<div class=\"elementor-share-btn__text\">\n\t\t\t\t\t\t\t\t\t\t\t\t\t\t\t\t\t\t\t<span class=\"elementor-share-btn__title\">\n\t\t\t\t\t\t\t\t\t\tPinterest\t\t\t\t\t\t\t\t\t<\/span>\n\t\t\t\t\t\t\t\t\t\t\t\t\t\t\t\t\t<\/div>\n\t\t\t\t\t\t\t\t\t\t\t\t\t<\/div>\n\t\t\t\t\t<\/div>\n\t\t\t\t\t\t\t\t\t<div class=\"elementor-grid-item\" role=\"listitem\">\n\t\t\t\t\t\t<div class=\"elementor-share-btn elementor-share-btn_twitter\" role=\"button\" tabindex=\"0\" aria-label=\"Share on twitter\">\n\t\t\t\t\t\t\t\t\t\t\t\t\t\t\t<span class=\"elementor-share-btn__icon\">\n\t\t\t\t\t\t\t\t<i class=\"fab fa-twitter\" aria-hidden=\"true\"><\/i>\t\t\t\t\t\t\t<\/span>\n\t\t\t\t\t\t\t\t\t\t\t\t\t\t\t\t\t\t\t\t\t\t<div class=\"elementor-share-btn__text\">\n\t\t\t\t\t\t\t\t\t\t\t\t\t\t\t\t\t\t\t<span class=\"elementor-share-btn__title\">\n\t\t\t\t\t\t\t\t\t\tTwitter\t\t\t\t\t\t\t\t\t<\/span>\n\t\t\t\t\t\t\t\t\t\t\t\t\t\t\t\t\t<\/div>\n\t\t\t\t\t\t\t\t\t\t\t\t\t<\/div>\n\t\t\t\t\t<\/div>\n\t\t\t\t\t\t\t\t\t<div class=\"elementor-grid-item\" role=\"listitem\">\n\t\t\t\t\t\t<div class=\"elementor-share-btn elementor-share-btn_linkedin\" role=\"button\" tabindex=\"0\" aria-label=\"Share on linkedin\">\n\t\t\t\t\t\t\t\t\t\t\t\t\t\t\t<span class=\"elementor-share-btn__icon\">\n\t\t\t\t\t\t\t\t<i class=\"fab fa-linkedin\" aria-hidden=\"true\"><\/i>\t\t\t\t\t\t\t<\/span>\n\t\t\t\t\t\t\t\t\t\t\t\t\t\t\t\t\t\t\t\t\t\t<div class=\"elementor-share-btn__text\">\n\t\t\t\t\t\t\t\t\t\t\t\t\t\t\t\t\t\t\t<span class=\"elementor-share-btn__title\">\n\t\t\t\t\t\t\t\t\t\tLinkedIn\t\t\t\t\t\t\t\t\t<\/span>\n\t\t\t\t\t\t\t\t\t\t\t\t\t\t\t\t\t<\/div>\n\t\t\t\t\t\t\t\t\t\t\t\t\t<\/div>\n\t\t\t\t\t<\/div>\n\t\t\t\t\t\t\t\t\t<div class=\"elementor-grid-item\" role=\"listitem\">\n\t\t\t\t\t\t<div class=\"elementor-share-btn elementor-share-btn_whatsapp\" role=\"button\" tabindex=\"0\" aria-label=\"Share on whatsapp\">\n\t\t\t\t\t\t\t\t\t\t\t\t\t\t\t<span class=\"elementor-share-btn__icon\">\n\t\t\t\t\t\t\t\t<i class=\"fab fa-whatsapp\" aria-hidden=\"true\"><\/i>\t\t\t\t\t\t\t<\/span>\n\t\t\t\t\t\t\t\t\t\t\t\t\t\t\t\t\t\t\t\t\t\t<div class=\"elementor-share-btn__text\">\n\t\t\t\t\t\t\t\t\t\t\t\t\t\t\t\t\t\t\t<span class=\"elementor-share-btn__title\">\n\t\t\t\t\t\t\t\t\t\tWhatsApp\t\t\t\t\t\t\t\t\t<\/span>\n\t\t\t\t\t\t\t\t\t\t\t\t\t\t\t\t\t<\/div>\n\t\t\t\t\t\t\t\t\t\t\t\t\t<\/div>\n\t\t\t\t\t<\/div>\n\t\t\t\t\t\t<\/div>\n\t\t\t\t\t\t<\/div>\n\t\t\t\t<\/div>\n\t\t\t\t\t<\/div>\n\t\t<\/div>\n\t\t\t\t<div class=\"elementor-column elementor-col-50 elementor-top-column elementor-element elementor-element-b653d21 elementor-invisible\" data-id=\"b653d21\" data-element_type=\"column\" data-settings=\"{&quot;background_background&quot;:&quot;classic&quot;,&quot;animation&quot;:&quot;fadeInRight&quot;}\">\n\t\t\t<div class=\"elementor-widget-wrap elementor-element-populated\">\n\t\t\t\t\t\t<div class=\"elementor-element elementor-element-f7491ff elementor-widget elementor-widget-heading\" data-id=\"f7491ff\" data-element_type=\"widget\" data-widget_type=\"heading.default\">\n\t\t\t\t<div class=\"elementor-widget-container\">\n\t\t\t\t\t<h3 class=\"elementor-heading-title elementor-size-default\">Autora<\/h3>\t\t\t\t<\/div>\n\t\t\t\t<\/div>\n\t\t\t\t<div class=\"elementor-element elementor-element-f341e96 elementor-author-box--layout-image-above elementor-author-box--align-left elementor-widget elementor-widget-author-box\" data-id=\"f341e96\" data-element_type=\"widget\" data-widget_type=\"author-box.default\">\n\t\t\t\t<div class=\"elementor-widget-container\">\n\t\t\t\t\t\t\t<div class=\"elementor-author-box\">\n\t\t\t\t\t\t\t<div  class=\"elementor-author-box__avatar\">\n\t\t\t\t\t<img decoding=\"async\" src=\"https:\/\/publikaai.com.br\/wp-content\/uploads\/2023\/03\/lud-250x300.webp\" alt=\"Picture of Ludmila Baldoni\" loading=\"lazy\">\n\t\t\t\t<\/div>\n\t\t\t\n\t\t\t<div class=\"elementor-author-box__text\">\n\t\t\t\t\t\t\t\t\t<div >\n\t\t\t\t\t\t<h5 class=\"elementor-author-box__name\">\n\t\t\t\t\t\t\tLudmila Baldoni\t\t\t\t\t\t<\/h5>\n\t\t\t\t\t<\/div>\n\t\t\t\t\n\t\t\t\t\t\t\t\t\t<div class=\"elementor-author-box__bio\">\n\t\t\t\t\t\t<p>SEO Publika.ai<\/p>\n<p>Comunicativa por natureza ingressou na faculdade de jornalismo ciente do que queria para a sua trajet\u00f3ria profissional e desde ent\u00e3o, a assessoria de imprensa se tornou sua grande paix\u00e3o.<\/p>\n<p>Com mais de quinze anos de experi\u00eancia, j\u00e1 atuou como consultora em projetos de comunica\u00e7\u00e3o, coordenou e liderou equipes de jornalistas, organizou feiras e eventos, gerenciou a\u00e7\u00f5es de marketing em todo o pa\u00eds. <\/p>\n<p>Durante seis foi anos foi s\u00f3cia de uma assessoria de imprensa e recentemente decidiu buscar v\u00f4os mais altos e fundou a Publika\u00ed, uma ag\u00eancia que tem como miss\u00e3o encontrar solu\u00e7\u00f5es de comunica\u00e7\u00e3o atrav\u00e9s de modelos multissetorias.<\/p>\n\t\t\t\t\t<\/div>\n\t\t\t\t\n\t\t\t\t\t\t\t<\/div>\n\t\t<\/div>\n\t\t\t\t\t\t<\/div>\n\t\t\t\t<\/div>\n\t\t\t\t<div class=\"elementor-element elementor-element-b38aa16 elementor-widget elementor-widget-heading\" data-id=\"b38aa16\" data-element_type=\"widget\" data-widget_type=\"heading.default\">\n\t\t\t\t<div class=\"elementor-widget-container\">\n\t\t\t\t\t<h3 class=\"elementor-heading-title elementor-size-default\">\u00daltimos Posts<\/h3>\t\t\t\t<\/div>\n\t\t\t\t<\/div>\n\t\t\t\t<div class=\"elementor-element elementor-element-d6e2fd2 elementor-grid-1 elementor-posts--thumbnail-left elementor-grid-tablet-2 elementor-grid-mobile-1 elementor-widget elementor-widget-posts\" data-id=\"d6e2fd2\" data-element_type=\"widget\" data-settings=\"{&quot;classic_columns&quot;:&quot;1&quot;,&quot;classic_row_gap&quot;:{&quot;unit&quot;:&quot;px&quot;,&quot;size&quot;:14,&quot;sizes&quot;:[]},&quot;classic_columns_tablet&quot;:&quot;2&quot;,&quot;classic_columns_mobile&quot;:&quot;1&quot;,&quot;classic_row_gap_tablet&quot;:{&quot;unit&quot;:&quot;px&quot;,&quot;size&quot;:&quot;&quot;,&quot;sizes&quot;:[]},&quot;classic_row_gap_mobile&quot;:{&quot;unit&quot;:&quot;px&quot;,&quot;size&quot;:&quot;&quot;,&quot;sizes&quot;:[]}}\" data-widget_type=\"posts.classic\">\n\t\t\t\t<div class=\"elementor-widget-container\">\n\t\t\t\t\t\t\t<div class=\"elementor-posts-container elementor-posts elementor-posts--skin-classic elementor-grid\">\n\t\t\t\t<article class=\"elementor-post elementor-grid-item post-627 post type-post status-publish format-standard has-post-thumbnail hentry category-marketing\">\n\t\t\t\t<a class=\"elementor-post__thumbnail__link\" href=\"https:\/\/publikaai.com.br\/?p=627\" tabindex=\"-1\" >\n\t\t\t<div class=\"elementor-post__thumbnail\"><img decoding=\"async\" width=\"800\" height=\"400\" src=\"https:\/\/publikaai.com.br\/wp-content\/uploads\/2021\/09\/Como-aumentar-a-credibilidade-da-sua-empresa.webp\" class=\"attachment-full size-full wp-image-1306\" alt=\"\" srcset=\"https:\/\/publikaai.com.br\/wp-content\/uploads\/2021\/09\/Como-aumentar-a-credibilidade-da-sua-empresa.webp 800w, https:\/\/publikaai.com.br\/wp-content\/uploads\/2021\/09\/Como-aumentar-a-credibilidade-da-sua-empresa-300x150.webp 300w, https:\/\/publikaai.com.br\/wp-content\/uploads\/2021\/09\/Como-aumentar-a-credibilidade-da-sua-empresa-768x384.webp 768w\" sizes=\"(max-width: 800px) 100vw, 800px\" \/><\/div>\n\t\t<\/a>\n\t\t\t\t<div class=\"elementor-post__text\">\n\t\t\t\t<h3 class=\"elementor-post__title\">\n\t\t\t<a href=\"https:\/\/publikaai.com.br\/?p=627\" >\n\t\t\t\tComo aumentar a credibilidade da sua empresa?\t\t\t<\/a>\n\t\t<\/h3>\n\t\t\t\t<div class=\"elementor-post__meta-data\">\n\t\t\t\t\t<span class=\"elementor-post-author\">\n\t\t\tLudmila Baldoni\t\t<\/span>\n\t\t\t\t<\/div>\n\t\t\n\t\t<a class=\"elementor-post__read-more\" href=\"https:\/\/publikaai.com.br\/?p=627\" aria-label=\"Read more about Como aumentar a credibilidade da sua empresa?\" tabindex=\"-1\" >\n\t\t\tSaiba mais \u00bb\t\t<\/a>\n\n\t\t\t\t<\/div>\n\t\t\t\t<\/article>\n\t\t\t\t<article class=\"elementor-post elementor-grid-item post-622 post type-post status-publish format-standard has-post-thumbnail hentry category-comunicacao\">\n\t\t\t\t<a class=\"elementor-post__thumbnail__link\" href=\"https:\/\/publikaai.com.br\/?p=622\" tabindex=\"-1\" >\n\t\t\t<div class=\"elementor-post__thumbnail\"><img decoding=\"async\" width=\"800\" height=\"400\" src=\"https:\/\/publikaai.com.br\/wp-content\/uploads\/2021\/09\/Principais-estrategias-de-comunicacao-empresarial.webp\" class=\"attachment-full size-full wp-image-1308\" alt=\"\" srcset=\"https:\/\/publikaai.com.br\/wp-content\/uploads\/2021\/09\/Principais-estrategias-de-comunicacao-empresarial.webp 800w, https:\/\/publikaai.com.br\/wp-content\/uploads\/2021\/09\/Principais-estrategias-de-comunicacao-empresarial-300x150.webp 300w, https:\/\/publikaai.com.br\/wp-content\/uploads\/2021\/09\/Principais-estrategias-de-comunicacao-empresarial-768x384.webp 768w\" sizes=\"(max-width: 800px) 100vw, 800px\" \/><\/div>\n\t\t<\/a>\n\t\t\t\t<div class=\"elementor-post__text\">\n\t\t\t\t<h3 class=\"elementor-post__title\">\n\t\t\t<a href=\"https:\/\/publikaai.com.br\/?p=622\" >\n\t\t\t\tPrincipais estrat\u00e9gias de comunica\u00e7\u00e3o empresarial\t\t\t<\/a>\n\t\t<\/h3>\n\t\t\t\t<div class=\"elementor-post__meta-data\">\n\t\t\t\t\t<span class=\"elementor-post-author\">\n\t\t\tLudmila Baldoni\t\t<\/span>\n\t\t\t\t<\/div>\n\t\t\n\t\t<a class=\"elementor-post__read-more\" href=\"https:\/\/publikaai.com.br\/?p=622\" aria-label=\"Read more about Principais estrat\u00e9gias de comunica\u00e7\u00e3o empresarial\" tabindex=\"-1\" >\n\t\t\tSaiba mais \u00bb\t\t<\/a>\n\n\t\t\t\t<\/div>\n\t\t\t\t<\/article>\n\t\t\t\t<article class=\"elementor-post elementor-grid-item post-617 post type-post status-publish format-standard has-post-thumbnail hentry category-comunicacao\">\n\t\t\t\t<a class=\"elementor-post__thumbnail__link\" href=\"https:\/\/publikaai.com.br\/?p=617\" tabindex=\"-1\" >\n\t\t\t<div class=\"elementor-post__thumbnail\"><img loading=\"lazy\" decoding=\"async\" width=\"800\" height=\"400\" src=\"https:\/\/publikaai.com.br\/wp-content\/uploads\/2021\/08\/agentes-da-comunicacao-interna.webp\" class=\"attachment-full size-full wp-image-1310\" alt=\"\" srcset=\"https:\/\/publikaai.com.br\/wp-content\/uploads\/2021\/08\/agentes-da-comunicacao-interna.webp 800w, https:\/\/publikaai.com.br\/wp-content\/uploads\/2021\/08\/agentes-da-comunicacao-interna-300x150.webp 300w, https:\/\/publikaai.com.br\/wp-content\/uploads\/2021\/08\/agentes-da-comunicacao-interna-768x384.webp 768w\" sizes=\"(max-width: 800px) 100vw, 800px\" \/><\/div>\n\t\t<\/a>\n\t\t\t\t<div class=\"elementor-post__text\">\n\t\t\t\t<h3 class=\"elementor-post__title\">\n\t\t\t<a href=\"https:\/\/publikaai.com.br\/?p=617\" >\n\t\t\t\tQuais s\u00e3o os agentes da comunica\u00e7\u00e3o interna nas empresas?\t\t\t<\/a>\n\t\t<\/h3>\n\t\t\t\t<div class=\"elementor-post__meta-data\">\n\t\t\t\t\t<span class=\"elementor-post-author\">\n\t\t\tLudmila Baldoni\t\t<\/span>\n\t\t\t\t<\/div>\n\t\t\n\t\t<a class=\"elementor-post__read-more\" href=\"https:\/\/publikaai.com.br\/?p=617\" aria-label=\"Read more about Quais s\u00e3o os agentes da comunica\u00e7\u00e3o interna nas empresas?\" tabindex=\"-1\" >\n\t\t\tSaiba mais \u00bb\t\t<\/a>\n\n\t\t\t\t<\/div>\n\t\t\t\t<\/article>\n\t\t\t\t<article class=\"elementor-post elementor-grid-item post-614 post type-post status-publish format-standard has-post-thumbnail hentry category-imprensa\">\n\t\t\t\t<a class=\"elementor-post__thumbnail__link\" href=\"https:\/\/publikaai.com.br\/?p=614\" tabindex=\"-1\" >\n\t\t\t<div class=\"elementor-post__thumbnail\"><img loading=\"lazy\" decoding=\"async\" width=\"800\" height=\"400\" src=\"https:\/\/publikaai.com.br\/wp-content\/uploads\/2021\/08\/assessoria-de-imprensa-para-arquitetos.webp\" class=\"attachment-full size-full wp-image-1312\" alt=\"\" srcset=\"https:\/\/publikaai.com.br\/wp-content\/uploads\/2021\/08\/assessoria-de-imprensa-para-arquitetos.webp 800w, https:\/\/publikaai.com.br\/wp-content\/uploads\/2021\/08\/assessoria-de-imprensa-para-arquitetos-300x150.webp 300w, https:\/\/publikaai.com.br\/wp-content\/uploads\/2021\/08\/assessoria-de-imprensa-para-arquitetos-768x384.webp 768w\" sizes=\"(max-width: 800px) 100vw, 800px\" \/><\/div>\n\t\t<\/a>\n\t\t\t\t<div class=\"elementor-post__text\">\n\t\t\t\t<h3 class=\"elementor-post__title\">\n\t\t\t<a href=\"https:\/\/publikaai.com.br\/?p=614\" >\n\t\t\t\tQual \u00e9 a import\u00e2ncia da assessoria de imprensa para arquitetos?\t\t\t<\/a>\n\t\t<\/h3>\n\t\t\t\t<div class=\"elementor-post__meta-data\">\n\t\t\t\t\t<span class=\"elementor-post-author\">\n\t\t\tLudmila Baldoni\t\t<\/span>\n\t\t\t\t<\/div>\n\t\t\n\t\t<a class=\"elementor-post__read-more\" href=\"https:\/\/publikaai.com.br\/?p=614\" aria-label=\"Read more about Qual \u00e9 a import\u00e2ncia da assessoria de imprensa para arquitetos?\" tabindex=\"-1\" >\n\t\t\tSaiba mais \u00bb\t\t<\/a>\n\n\t\t\t\t<\/div>\n\t\t\t\t<\/article>\n\t\t\t\t<article class=\"elementor-post elementor-grid-item post-611 post type-post status-publish format-standard has-post-thumbnail hentry category-marketing\">\n\t\t\t\t<a class=\"elementor-post__thumbnail__link\" href=\"https:\/\/publikaai.com.br\/?p=611\" tabindex=\"-1\" >\n\t\t\t<div class=\"elementor-post__thumbnail\"><img loading=\"lazy\" decoding=\"async\" width=\"800\" height=\"400\" src=\"https:\/\/publikaai.com.br\/wp-content\/uploads\/2021\/08\/O-que-e-pauta-jornalistica-1.jpg\" class=\"attachment-full size-full wp-image-603\" alt=\"Estrat\u00e9gias de comunica\u00e7\u00e3o em crise de imagem\" srcset=\"https:\/\/publikaai.com.br\/wp-content\/uploads\/2021\/08\/O-que-e-pauta-jornalistica-1.jpg 800w, https:\/\/publikaai.com.br\/wp-content\/uploads\/2021\/08\/O-que-e-pauta-jornalistica-1-300x150.jpg 300w, https:\/\/publikaai.com.br\/wp-content\/uploads\/2021\/08\/O-que-e-pauta-jornalistica-1-768x384.jpg 768w, https:\/\/publikaai.com.br\/wp-content\/uploads\/2021\/08\/O-que-e-pauta-jornalistica-1-260x130.jpg 260w, https:\/\/publikaai.com.br\/wp-content\/uploads\/2021\/08\/O-que-e-pauta-jornalistica-1-50x25.jpg 50w, https:\/\/publikaai.com.br\/wp-content\/uploads\/2021\/08\/O-que-e-pauta-jornalistica-1-150x75.jpg 150w\" sizes=\"(max-width: 800px) 100vw, 800px\" \/><\/div>\n\t\t<\/a>\n\t\t\t\t<div class=\"elementor-post__text\">\n\t\t\t\t<h3 class=\"elementor-post__title\">\n\t\t\t<a href=\"https:\/\/publikaai.com.br\/?p=611\" >\n\t\t\t\tEstrat\u00e9gias de comunica\u00e7\u00e3o em crise de imagem\t\t\t<\/a>\n\t\t<\/h3>\n\t\t\t\t<div class=\"elementor-post__meta-data\">\n\t\t\t\t\t<span class=\"elementor-post-author\">\n\t\t\tLudmila Baldoni\t\t<\/span>\n\t\t\t\t<\/div>\n\t\t\n\t\t<a class=\"elementor-post__read-more\" href=\"https:\/\/publikaai.com.br\/?p=611\" aria-label=\"Read more about Estrat\u00e9gias de comunica\u00e7\u00e3o em crise de imagem\" tabindex=\"-1\" >\n\t\t\tSaiba mais \u00bb\t\t<\/a>\n\n\t\t\t\t<\/div>\n\t\t\t\t<\/article>\n\t\t\t\t<article class=\"elementor-post elementor-grid-item post-608 post type-post status-publish format-standard has-post-thumbnail hentry category-comunicacao\">\n\t\t\t\t<a class=\"elementor-post__thumbnail__link\" href=\"https:\/\/publikaai.com.br\/?p=608\" tabindex=\"-1\" >\n\t\t\t<div class=\"elementor-post__thumbnail\"><img loading=\"lazy\" decoding=\"async\" width=\"800\" height=\"400\" src=\"https:\/\/publikaai.com.br\/wp-content\/uploads\/2021\/08\/Como-fazer-sugestao-de-pauta-1.jpg\" class=\"attachment-full size-full wp-image-602\" alt=\"Para que serve uma nota de esclarecimento?\" srcset=\"https:\/\/publikaai.com.br\/wp-content\/uploads\/2021\/08\/Como-fazer-sugestao-de-pauta-1.jpg 800w, https:\/\/publikaai.com.br\/wp-content\/uploads\/2021\/08\/Como-fazer-sugestao-de-pauta-1-300x150.jpg 300w, https:\/\/publikaai.com.br\/wp-content\/uploads\/2021\/08\/Como-fazer-sugestao-de-pauta-1-768x384.jpg 768w, https:\/\/publikaai.com.br\/wp-content\/uploads\/2021\/08\/Como-fazer-sugestao-de-pauta-1-260x130.jpg 260w, https:\/\/publikaai.com.br\/wp-content\/uploads\/2021\/08\/Como-fazer-sugestao-de-pauta-1-50x25.jpg 50w, https:\/\/publikaai.com.br\/wp-content\/uploads\/2021\/08\/Como-fazer-sugestao-de-pauta-1-150x75.jpg 150w\" sizes=\"(max-width: 800px) 100vw, 800px\" \/><\/div>\n\t\t<\/a>\n\t\t\t\t<div class=\"elementor-post__text\">\n\t\t\t\t<h3 class=\"elementor-post__title\">\n\t\t\t<a href=\"https:\/\/publikaai.com.br\/?p=608\" >\n\t\t\t\tPara que serve uma nota de esclarecimento?\t\t\t<\/a>\n\t\t<\/h3>\n\t\t\t\t<div class=\"elementor-post__meta-data\">\n\t\t\t\t\t<span class=\"elementor-post-author\">\n\t\t\tLudmila Baldoni\t\t<\/span>\n\t\t\t\t<\/div>\n\t\t\n\t\t<a class=\"elementor-post__read-more\" href=\"https:\/\/publikaai.com.br\/?p=608\" aria-label=\"Read more about Para que serve uma nota de esclarecimento?\" tabindex=\"-1\" >\n\t\t\tSaiba mais \u00bb\t\t<\/a>\n\n\t\t\t\t<\/div>\n\t\t\t\t<\/article>\n\t\t\t\t<article class=\"elementor-post elementor-grid-item post-605 post type-post status-publish format-standard has-post-thumbnail hentry category-imprensa\">\n\t\t\t\t<a class=\"elementor-post__thumbnail__link\" href=\"https:\/\/publikaai.com.br\/?p=605\" tabindex=\"-1\" >\n\t\t\t<div class=\"elementor-post__thumbnail\"><img loading=\"lazy\" decoding=\"async\" width=\"800\" height=\"400\" src=\"https:\/\/publikaai.com.br\/wp-content\/uploads\/2021\/08\/O-que-e-press-kit-1-1.jpg\" class=\"attachment-full size-full wp-image-600\" alt=\"Por que sua empresa precisa de um assessor de imprensa?\" srcset=\"https:\/\/publikaai.com.br\/wp-content\/uploads\/2021\/08\/O-que-e-press-kit-1-1.jpg 800w, https:\/\/publikaai.com.br\/wp-content\/uploads\/2021\/08\/O-que-e-press-kit-1-1-300x150.jpg 300w, https:\/\/publikaai.com.br\/wp-content\/uploads\/2021\/08\/O-que-e-press-kit-1-1-768x384.jpg 768w, https:\/\/publikaai.com.br\/wp-content\/uploads\/2021\/08\/O-que-e-press-kit-1-1-260x130.jpg 260w, https:\/\/publikaai.com.br\/wp-content\/uploads\/2021\/08\/O-que-e-press-kit-1-1-50x25.jpg 50w, https:\/\/publikaai.com.br\/wp-content\/uploads\/2021\/08\/O-que-e-press-kit-1-1-150x75.jpg 150w\" sizes=\"(max-width: 800px) 100vw, 800px\" \/><\/div>\n\t\t<\/a>\n\t\t\t\t<div class=\"elementor-post__text\">\n\t\t\t\t<h3 class=\"elementor-post__title\">\n\t\t\t<a href=\"https:\/\/publikaai.com.br\/?p=605\" >\n\t\t\t\tPor que sua empresa precisa de um assessor de imprensa?\t\t\t<\/a>\n\t\t<\/h3>\n\t\t\t\t<div class=\"elementor-post__meta-data\">\n\t\t\t\t\t<span class=\"elementor-post-author\">\n\t\t\tLudmila Baldoni\t\t<\/span>\n\t\t\t\t<\/div>\n\t\t\n\t\t<a class=\"elementor-post__read-more\" href=\"https:\/\/publikaai.com.br\/?p=605\" aria-label=\"Read more about Por que sua empresa precisa de um assessor de imprensa?\" tabindex=\"-1\" >\n\t\t\tSaiba mais \u00bb\t\t<\/a>\n\n\t\t\t\t<\/div>\n\t\t\t\t<\/article>\n\t\t\t\t<article class=\"elementor-post elementor-grid-item post-583 post type-post status-publish format-standard has-post-thumbnail hentry category-imprensa\">\n\t\t\t\t<a class=\"elementor-post__thumbnail__link\" href=\"https:\/\/publikaai.com.br\/?p=583\" tabindex=\"-1\" >\n\t\t\t<div class=\"elementor-post__thumbnail\"><img loading=\"lazy\" decoding=\"async\" width=\"800\" height=\"400\" src=\"https:\/\/publikaai.com.br\/wp-content\/uploads\/2021\/08\/o-que-e-press-kit-.jpg\" class=\"attachment-full size-full wp-image-570\" alt=\"O que \u00e9 press kit? Para que serve? Por que fazer um?\" srcset=\"https:\/\/publikaai.com.br\/wp-content\/uploads\/2021\/08\/o-que-e-press-kit-.jpg 800w, https:\/\/publikaai.com.br\/wp-content\/uploads\/2021\/08\/o-que-e-press-kit--300x150.jpg 300w, https:\/\/publikaai.com.br\/wp-content\/uploads\/2021\/08\/o-que-e-press-kit--768x384.jpg 768w, https:\/\/publikaai.com.br\/wp-content\/uploads\/2021\/08\/o-que-e-press-kit--260x130.jpg 260w, https:\/\/publikaai.com.br\/wp-content\/uploads\/2021\/08\/o-que-e-press-kit--50x25.jpg 50w, https:\/\/publikaai.com.br\/wp-content\/uploads\/2021\/08\/o-que-e-press-kit--150x75.jpg 150w\" sizes=\"(max-width: 800px) 100vw, 800px\" \/><\/div>\n\t\t<\/a>\n\t\t\t\t<div class=\"elementor-post__text\">\n\t\t\t\t<h3 class=\"elementor-post__title\">\n\t\t\t<a href=\"https:\/\/publikaai.com.br\/?p=583\" >\n\t\t\t\tO que \u00e9 press kit?\t\t\t<\/a>\n\t\t<\/h3>\n\t\t\t\t<div class=\"elementor-post__meta-data\">\n\t\t\t\t\t<span class=\"elementor-post-author\">\n\t\t\tLudmila Baldoni\t\t<\/span>\n\t\t\t\t<\/div>\n\t\t\n\t\t<a class=\"elementor-post__read-more\" href=\"https:\/\/publikaai.com.br\/?p=583\" aria-label=\"Read more about O que \u00e9 press kit?\" tabindex=\"-1\" >\n\t\t\tSaiba mais \u00bb\t\t<\/a>\n\n\t\t\t\t<\/div>\n\t\t\t\t<\/article>\n\t\t\t\t<article class=\"elementor-post elementor-grid-item post-580 post type-post status-publish format-standard has-post-thumbnail hentry category-imprensa\">\n\t\t\t\t<a class=\"elementor-post__thumbnail__link\" href=\"https:\/\/publikaai.com.br\/?p=580\" tabindex=\"-1\" >\n\t\t\t<div class=\"elementor-post__thumbnail\"><img loading=\"lazy\" decoding=\"async\" width=\"800\" height=\"400\" src=\"https:\/\/publikaai.com.br\/wp-content\/uploads\/2021\/08\/Como-fazer-sugestao-de-pauta.jpg\" class=\"attachment-full size-full wp-image-571\" alt=\"Como fazer sugest\u00e3o de pauta?\" srcset=\"https:\/\/publikaai.com.br\/wp-content\/uploads\/2021\/08\/Como-fazer-sugestao-de-pauta.jpg 800w, https:\/\/publikaai.com.br\/wp-content\/uploads\/2021\/08\/Como-fazer-sugestao-de-pauta-300x150.jpg 300w, https:\/\/publikaai.com.br\/wp-content\/uploads\/2021\/08\/Como-fazer-sugestao-de-pauta-768x384.jpg 768w, https:\/\/publikaai.com.br\/wp-content\/uploads\/2021\/08\/Como-fazer-sugestao-de-pauta-260x130.jpg 260w, https:\/\/publikaai.com.br\/wp-content\/uploads\/2021\/08\/Como-fazer-sugestao-de-pauta-50x25.jpg 50w, https:\/\/publikaai.com.br\/wp-content\/uploads\/2021\/08\/Como-fazer-sugestao-de-pauta-150x75.jpg 150w\" sizes=\"(max-width: 800px) 100vw, 800px\" \/><\/div>\n\t\t<\/a>\n\t\t\t\t<div class=\"elementor-post__text\">\n\t\t\t\t<h3 class=\"elementor-post__title\">\n\t\t\t<a href=\"https:\/\/publikaai.com.br\/?p=580\" >\n\t\t\t\tComo fazer sugest\u00e3o de pauta?\t\t\t<\/a>\n\t\t<\/h3>\n\t\t\t\t<div class=\"elementor-post__meta-data\">\n\t\t\t\t\t<span class=\"elementor-post-author\">\n\t\t\tLudmila Baldoni\t\t<\/span>\n\t\t\t\t<\/div>\n\t\t\n\t\t<a class=\"elementor-post__read-more\" href=\"https:\/\/publikaai.com.br\/?p=580\" aria-label=\"Read more about Como fazer sugest\u00e3o de pauta?\" tabindex=\"-1\" >\n\t\t\tSaiba mais \u00bb\t\t<\/a>\n\n\t\t\t\t<\/div>\n\t\t\t\t<\/article>\n\t\t\t\t<article class=\"elementor-post elementor-grid-item post-578 post type-post status-publish format-standard has-post-thumbnail hentry category-imprensa\">\n\t\t\t\t<a class=\"elementor-post__thumbnail__link\" href=\"https:\/\/publikaai.com.br\/?p=578\" tabindex=\"-1\" >\n\t\t\t<div class=\"elementor-post__thumbnail\"><img loading=\"lazy\" decoding=\"async\" width=\"800\" height=\"400\" src=\"https:\/\/publikaai.com.br\/wp-content\/uploads\/2021\/08\/O-que-e-pauta-jornalistica.jpg\" class=\"attachment-full size-full wp-image-572\" alt=\"O que \u00e9 pauta jornal\u00edstica\" srcset=\"https:\/\/publikaai.com.br\/wp-content\/uploads\/2021\/08\/O-que-e-pauta-jornalistica.jpg 800w, https:\/\/publikaai.com.br\/wp-content\/uploads\/2021\/08\/O-que-e-pauta-jornalistica-300x150.jpg 300w, https:\/\/publikaai.com.br\/wp-content\/uploads\/2021\/08\/O-que-e-pauta-jornalistica-768x384.jpg 768w, https:\/\/publikaai.com.br\/wp-content\/uploads\/2021\/08\/O-que-e-pauta-jornalistica-260x130.jpg 260w, https:\/\/publikaai.com.br\/wp-content\/uploads\/2021\/08\/O-que-e-pauta-jornalistica-50x25.jpg 50w, https:\/\/publikaai.com.br\/wp-content\/uploads\/2021\/08\/O-que-e-pauta-jornalistica-150x75.jpg 150w\" sizes=\"(max-width: 800px) 100vw, 800px\" \/><\/div>\n\t\t<\/a>\n\t\t\t\t<div class=\"elementor-post__text\">\n\t\t\t\t<h3 class=\"elementor-post__title\">\n\t\t\t<a href=\"https:\/\/publikaai.com.br\/?p=578\" >\n\t\t\t\tO que \u00e9 pauta jornal\u00edstica? Sua empresa precisa dela?\t\t\t<\/a>\n\t\t<\/h3>\n\t\t\t\t<div class=\"elementor-post__meta-data\">\n\t\t\t\t\t<span class=\"elementor-post-author\">\n\t\t\tLudmila Baldoni\t\t<\/span>\n\t\t\t\t<\/div>\n\t\t\n\t\t<a class=\"elementor-post__read-more\" href=\"https:\/\/publikaai.com.br\/?p=578\" aria-label=\"Read more about O que \u00e9 pauta jornal\u00edstica? Sua empresa precisa dela?\" tabindex=\"-1\" >\n\t\t\tSaiba mais \u00bb\t\t<\/a>\n\n\t\t\t\t<\/div>\n\t\t\t\t<\/article>\n\t\t\t\t<article class=\"elementor-post elementor-grid-item post-574 post type-post status-publish format-standard has-post-thumbnail hentry category-imprensa\">\n\t\t\t\t<a class=\"elementor-post__thumbnail__link\" href=\"https:\/\/publikaai.com.br\/?p=574\" tabindex=\"-1\" >\n\t\t\t<div class=\"elementor-post__thumbnail\"><img loading=\"lazy\" decoding=\"async\" width=\"800\" height=\"400\" src=\"https:\/\/publikaai.com.br\/wp-content\/uploads\/2021\/08\/O-que-e-mailing-de-imprensa.jpg\" class=\"attachment-full size-full wp-image-573\" alt=\"O que \u00e9 mailing de imprensa\" srcset=\"https:\/\/publikaai.com.br\/wp-content\/uploads\/2021\/08\/O-que-e-mailing-de-imprensa.jpg 800w, https:\/\/publikaai.com.br\/wp-content\/uploads\/2021\/08\/O-que-e-mailing-de-imprensa-300x150.jpg 300w, https:\/\/publikaai.com.br\/wp-content\/uploads\/2021\/08\/O-que-e-mailing-de-imprensa-768x384.jpg 768w, https:\/\/publikaai.com.br\/wp-content\/uploads\/2021\/08\/O-que-e-mailing-de-imprensa-260x130.jpg 260w, https:\/\/publikaai.com.br\/wp-content\/uploads\/2021\/08\/O-que-e-mailing-de-imprensa-50x25.jpg 50w, https:\/\/publikaai.com.br\/wp-content\/uploads\/2021\/08\/O-que-e-mailing-de-imprensa-150x75.jpg 150w\" sizes=\"(max-width: 800px) 100vw, 800px\" \/><\/div>\n\t\t<\/a>\n\t\t\t\t<div class=\"elementor-post__text\">\n\t\t\t\t<h3 class=\"elementor-post__title\">\n\t\t\t<a href=\"https:\/\/publikaai.com.br\/?p=574\" >\n\t\t\t\tO que \u00e9 mailing de imprensa? Para que serve?\t\t\t<\/a>\n\t\t<\/h3>\n\t\t\t\t<div class=\"elementor-post__meta-data\">\n\t\t\t\t\t<span class=\"elementor-post-author\">\n\t\t\tLudmila Baldoni\t\t<\/span>\n\t\t\t\t<\/div>\n\t\t\n\t\t<a class=\"elementor-post__read-more\" href=\"https:\/\/publikaai.com.br\/?p=574\" aria-label=\"Read more about O que \u00e9 mailing de imprensa? Para que serve?\" tabindex=\"-1\" >\n\t\t\tSaiba mais \u00bb\t\t<\/a>\n\n\t\t\t\t<\/div>\n\t\t\t\t<\/article>\n\t\t\t\t<article class=\"elementor-post elementor-grid-item post-442 post type-post status-publish format-standard has-post-thumbnail hentry category-comunicacao\">\n\t\t\t\t<a class=\"elementor-post__thumbnail__link\" href=\"https:\/\/publikaai.com.br\/?p=442\" tabindex=\"-1\" >\n\t\t\t<div class=\"elementor-post__thumbnail\"><img fetchpriority=\"high\" decoding=\"async\" width=\"800\" height=\"400\" src=\"https:\/\/publikaai.com.br\/wp-content\/uploads\/2021\/05\/Principais-problemas-de-comunicacao-nas-empresas.jpg\" class=\"attachment-full size-full wp-image-430\" alt=\"Principais problemas de comunica\u00e7\u00e3o nas empresas\" srcset=\"https:\/\/publikaai.com.br\/wp-content\/uploads\/2021\/05\/Principais-problemas-de-comunicacao-nas-empresas.jpg 800w, https:\/\/publikaai.com.br\/wp-content\/uploads\/2021\/05\/Principais-problemas-de-comunicacao-nas-empresas-300x150.jpg 300w, https:\/\/publikaai.com.br\/wp-content\/uploads\/2021\/05\/Principais-problemas-de-comunicacao-nas-empresas-768x384.jpg 768w, https:\/\/publikaai.com.br\/wp-content\/uploads\/2021\/05\/Principais-problemas-de-comunicacao-nas-empresas-260x130.jpg 260w, https:\/\/publikaai.com.br\/wp-content\/uploads\/2021\/05\/Principais-problemas-de-comunicacao-nas-empresas-50x25.jpg 50w, https:\/\/publikaai.com.br\/wp-content\/uploads\/2021\/05\/Principais-problemas-de-comunicacao-nas-empresas-150x75.jpg 150w\" sizes=\"(max-width: 800px) 100vw, 800px\" \/><\/div>\n\t\t<\/a>\n\t\t\t\t<div class=\"elementor-post__text\">\n\t\t\t\t<h3 class=\"elementor-post__title\">\n\t\t\t<a href=\"https:\/\/publikaai.com.br\/?p=442\" >\n\t\t\t\tPrincipais problemas de comunica\u00e7\u00e3o nas empresas\t\t\t<\/a>\n\t\t<\/h3>\n\t\t\t\t<div class=\"elementor-post__meta-data\">\n\t\t\t\t\t<span class=\"elementor-post-author\">\n\t\t\tLudmila Baldoni\t\t<\/span>\n\t\t\t\t<\/div>\n\t\t\n\t\t<a class=\"elementor-post__read-more\" href=\"https:\/\/publikaai.com.br\/?p=442\" aria-label=\"Read more about Principais problemas de comunica\u00e7\u00e3o nas empresas\" tabindex=\"-1\" >\n\t\t\tSaiba mais \u00bb\t\t<\/a>\n\n\t\t\t\t<\/div>\n\t\t\t\t<\/article>\n\t\t\t\t<article class=\"elementor-post elementor-grid-item post-439 post type-post status-publish format-standard has-post-thumbnail hentry category-imprensa\">\n\t\t\t\t<a class=\"elementor-post__thumbnail__link\" href=\"https:\/\/publikaai.com.br\/?p=439\" tabindex=\"-1\" >\n\t\t\t<div class=\"elementor-post__thumbnail\"><img loading=\"lazy\" decoding=\"async\" width=\"800\" height=\"400\" src=\"https:\/\/publikaai.com.br\/wp-content\/uploads\/2021\/05\/Como-funciona-uma-assessoria-de-imprensa.jpg\" class=\"attachment-full size-full wp-image-431\" alt=\"Como funciona uma assessoria de imprensa?\" srcset=\"https:\/\/publikaai.com.br\/wp-content\/uploads\/2021\/05\/Como-funciona-uma-assessoria-de-imprensa.jpg 800w, https:\/\/publikaai.com.br\/wp-content\/uploads\/2021\/05\/Como-funciona-uma-assessoria-de-imprensa-300x150.jpg 300w, https:\/\/publikaai.com.br\/wp-content\/uploads\/2021\/05\/Como-funciona-uma-assessoria-de-imprensa-768x384.jpg 768w, https:\/\/publikaai.com.br\/wp-content\/uploads\/2021\/05\/Como-funciona-uma-assessoria-de-imprensa-260x130.jpg 260w, https:\/\/publikaai.com.br\/wp-content\/uploads\/2021\/05\/Como-funciona-uma-assessoria-de-imprensa-50x25.jpg 50w, https:\/\/publikaai.com.br\/wp-content\/uploads\/2021\/05\/Como-funciona-uma-assessoria-de-imprensa-150x75.jpg 150w\" sizes=\"(max-width: 800px) 100vw, 800px\" \/><\/div>\n\t\t<\/a>\n\t\t\t\t<div class=\"elementor-post__text\">\n\t\t\t\t<h3 class=\"elementor-post__title\">\n\t\t\t<a href=\"https:\/\/publikaai.com.br\/?p=439\" >\n\t\t\t\tComo funciona uma assessoria de imprensa?\t\t\t<\/a>\n\t\t<\/h3>\n\t\t\t\t<div class=\"elementor-post__meta-data\">\n\t\t\t\t\t<span class=\"elementor-post-author\">\n\t\t\tLudmila Baldoni\t\t<\/span>\n\t\t\t\t<\/div>\n\t\t\n\t\t<a class=\"elementor-post__read-more\" href=\"https:\/\/publikaai.com.br\/?p=439\" aria-label=\"Read more about Como funciona uma assessoria de imprensa?\" tabindex=\"-1\" >\n\t\t\tSaiba mais \u00bb\t\t<\/a>\n\n\t\t\t\t<\/div>\n\t\t\t\t<\/article>\n\t\t\t\t<article class=\"elementor-post elementor-grid-item post-436 post type-post status-publish format-standard has-post-thumbnail hentry category-marketing\">\n\t\t\t\t<a class=\"elementor-post__thumbnail__link\" href=\"https:\/\/publikaai.com.br\/?p=436\" tabindex=\"-1\" >\n\t\t\t<div class=\"elementor-post__thumbnail\"><img loading=\"lazy\" decoding=\"async\" width=\"800\" height=\"400\" src=\"https:\/\/publikaai.com.br\/wp-content\/uploads\/2021\/05\/gatilhos-mentais-poderosos-para-influenciar-pessoas.jpg\" class=\"attachment-full size-full wp-image-432\" alt=\"gatilhos mentais poderosos para influenciar pessoas\" srcset=\"https:\/\/publikaai.com.br\/wp-content\/uploads\/2021\/05\/gatilhos-mentais-poderosos-para-influenciar-pessoas.jpg 800w, https:\/\/publikaai.com.br\/wp-content\/uploads\/2021\/05\/gatilhos-mentais-poderosos-para-influenciar-pessoas-300x150.jpg 300w, https:\/\/publikaai.com.br\/wp-content\/uploads\/2021\/05\/gatilhos-mentais-poderosos-para-influenciar-pessoas-768x384.jpg 768w, https:\/\/publikaai.com.br\/wp-content\/uploads\/2021\/05\/gatilhos-mentais-poderosos-para-influenciar-pessoas-260x130.jpg 260w, https:\/\/publikaai.com.br\/wp-content\/uploads\/2021\/05\/gatilhos-mentais-poderosos-para-influenciar-pessoas-50x25.jpg 50w, https:\/\/publikaai.com.br\/wp-content\/uploads\/2021\/05\/gatilhos-mentais-poderosos-para-influenciar-pessoas-150x75.jpg 150w\" sizes=\"(max-width: 800px) 100vw, 800px\" \/><\/div>\n\t\t<\/a>\n\t\t\t\t<div class=\"elementor-post__text\">\n\t\t\t\t<h3 class=\"elementor-post__title\">\n\t\t\t<a href=\"https:\/\/publikaai.com.br\/?p=436\" >\n\t\t\t\t7 gatilhos mentais poderosos para influenciar pessoas\t\t\t<\/a>\n\t\t<\/h3>\n\t\t\t\t<div class=\"elementor-post__meta-data\">\n\t\t\t\t\t<span class=\"elementor-post-author\">\n\t\t\tLudmila Baldoni\t\t<\/span>\n\t\t\t\t<\/div>\n\t\t\n\t\t<a class=\"elementor-post__read-more\" href=\"https:\/\/publikaai.com.br\/?p=436\" aria-label=\"Read more about 7 gatilhos mentais poderosos para influenciar pessoas\" tabindex=\"-1\" >\n\t\t\tSaiba mais \u00bb\t\t<\/a>\n\n\t\t\t\t<\/div>\n\t\t\t\t<\/article>\n\t\t\t\t<article class=\"elementor-post elementor-grid-item post-434 post type-post status-publish format-standard has-post-thumbnail hentry category-comunicacao\">\n\t\t\t\t<a class=\"elementor-post__thumbnail__link\" href=\"https:\/\/publikaai.com.br\/?p=434\" tabindex=\"-1\" >\n\t\t\t<div class=\"elementor-post__thumbnail\"><img loading=\"lazy\" decoding=\"async\" width=\"800\" height=\"400\" src=\"https:\/\/publikaai.com.br\/wp-content\/uploads\/2021\/05\/O-que-e-editorial.jpg\" class=\"attachment-full size-full wp-image-433\" alt=\"O que \u00e9 editorial\" srcset=\"https:\/\/publikaai.com.br\/wp-content\/uploads\/2021\/05\/O-que-e-editorial.jpg 800w, https:\/\/publikaai.com.br\/wp-content\/uploads\/2021\/05\/O-que-e-editorial-300x150.jpg 300w, https:\/\/publikaai.com.br\/wp-content\/uploads\/2021\/05\/O-que-e-editorial-768x384.jpg 768w, https:\/\/publikaai.com.br\/wp-content\/uploads\/2021\/05\/O-que-e-editorial-260x130.jpg 260w, https:\/\/publikaai.com.br\/wp-content\/uploads\/2021\/05\/O-que-e-editorial-50x25.jpg 50w, https:\/\/publikaai.com.br\/wp-content\/uploads\/2021\/05\/O-que-e-editorial-150x75.jpg 150w\" sizes=\"(max-width: 800px) 100vw, 800px\" \/><\/div>\n\t\t<\/a>\n\t\t\t\t<div class=\"elementor-post__text\">\n\t\t\t\t<h3 class=\"elementor-post__title\">\n\t\t\t<a href=\"https:\/\/publikaai.com.br\/?p=434\" >\n\t\t\t\tO que \u00e9 um editorial?\t\t\t<\/a>\n\t\t<\/h3>\n\t\t\t\t<div class=\"elementor-post__meta-data\">\n\t\t\t\t\t<span class=\"elementor-post-author\">\n\t\t\tLudmila Baldoni\t\t<\/span>\n\t\t\t\t<\/div>\n\t\t\n\t\t<a class=\"elementor-post__read-more\" href=\"https:\/\/publikaai.com.br\/?p=434\" aria-label=\"Read more about O que \u00e9 um editorial?\" tabindex=\"-1\" >\n\t\t\tSaiba mais \u00bb\t\t<\/a>\n\n\t\t\t\t<\/div>\n\t\t\t\t<\/article>\n\t\t\t\t<article class=\"elementor-post elementor-grid-item post-427 post type-post status-publish format-standard has-post-thumbnail hentry category-comunicacao\">\n\t\t\t\t<a class=\"elementor-post__thumbnail__link\" href=\"https:\/\/publikaai.com.br\/?p=427\" tabindex=\"-1\" >\n\t\t\t<div class=\"elementor-post__thumbnail\"><img loading=\"lazy\" decoding=\"async\" width=\"800\" height=\"400\" src=\"https:\/\/publikaai.com.br\/wp-content\/uploads\/2021\/05\/o-que-e-rp.jpg\" class=\"attachment-full size-full wp-image-426\" alt=\"o que \u00e9 rp\" srcset=\"https:\/\/publikaai.com.br\/wp-content\/uploads\/2021\/05\/o-que-e-rp.jpg 800w, https:\/\/publikaai.com.br\/wp-content\/uploads\/2021\/05\/o-que-e-rp-300x150.jpg 300w, https:\/\/publikaai.com.br\/wp-content\/uploads\/2021\/05\/o-que-e-rp-768x384.jpg 768w, https:\/\/publikaai.com.br\/wp-content\/uploads\/2021\/05\/o-que-e-rp-260x130.jpg 260w, https:\/\/publikaai.com.br\/wp-content\/uploads\/2021\/05\/o-que-e-rp-50x25.jpg 50w, https:\/\/publikaai.com.br\/wp-content\/uploads\/2021\/05\/o-que-e-rp-150x75.jpg 150w\" sizes=\"(max-width: 800px) 100vw, 800px\" \/><\/div>\n\t\t<\/a>\n\t\t\t\t<div class=\"elementor-post__text\">\n\t\t\t\t<h3 class=\"elementor-post__title\">\n\t\t\t<a href=\"https:\/\/publikaai.com.br\/?p=427\" >\n\t\t\t\tO que \u00e9 RP ou PR? Entenda o significado e atividades desse profissional\t\t\t<\/a>\n\t\t<\/h3>\n\t\t\t\t<div class=\"elementor-post__meta-data\">\n\t\t\t\t\t<span class=\"elementor-post-author\">\n\t\t\tLudmila Baldoni\t\t<\/span>\n\t\t\t\t<\/div>\n\t\t\n\t\t<a class=\"elementor-post__read-more\" href=\"https:\/\/publikaai.com.br\/?p=427\" aria-label=\"Read more about O que \u00e9 RP ou PR? Entenda o significado e atividades desse profissional\" tabindex=\"-1\" >\n\t\t\tSaiba mais \u00bb\t\t<\/a>\n\n\t\t\t\t<\/div>\n\t\t\t\t<\/article>\n\t\t\t\t<\/div>\n\t\t\n\t\t\t\t\t\t<\/div>\n\t\t\t\t<\/div>\n\t\t\t\t\t<\/div>\n\t\t<\/div>\n\t\t\t\t\t<\/div>\n\t\t<\/section>\n\t\t\t\t<\/div>\n\t\t","protected":false},"excerpt":{"rendered":"<p>Falhas ao transmitir informa\u00e7\u00f5es entre os diretores e entre os demais integrantes de uma opera\u00e7\u00e3o pode afetar a qualidade do servi\u00e7o e levar a preju\u00edzos<\/p>\n","protected":false},"author":3,"featured_media":430,"comment_status":"open","ping_status":"open","sticky":false,"template":"elementor_canvas","format":"standard","meta":{"_joinchat":[],"footnotes":""},"categories":[5],"tags":[],"class_list":["post-442","post","type-post","status-publish","format-standard","has-post-thumbnail","hentry","category-comunicacao"],"yoast_head":"<!-- This site is optimized with the Yoast SEO plugin v20.8 - https:\/\/yoast.com\/wordpress\/plugins\/seo\/ -->\n<title>Principais problemas de comunica\u00e7\u00e3o nas empresas | Evite-os j\u00e1!<\/title>\n<meta name=\"description\" content=\"Excesso de e-mails, reuni\u00f5es sem sentido e falta de feedbacks s\u00e3o algumas das falhas de comunica\u00e7\u00e3o que afetam a produtividade do neg\u00f3cio.\" \/>\n<meta name=\"robots\" content=\"index, follow, max-snippet:-1, max-image-preview:large, max-video-preview:-1\" \/>\n<link rel=\"canonical\" href=\"https:\/\/publikaai.com.br\/?p=442\" \/>\n<meta property=\"og:locale\" content=\"pt_BR\" \/>\n<meta property=\"og:type\" content=\"article\" \/>\n<meta property=\"og:title\" content=\"Principais problemas de comunica\u00e7\u00e3o nas empresas | Evite-os j\u00e1!\" \/>\n<meta property=\"og:description\" content=\"Excesso de e-mails, reuni\u00f5es sem sentido e falta de feedbacks s\u00e3o algumas das falhas de comunica\u00e7\u00e3o que afetam a produtividade do neg\u00f3cio.\" \/>\n<meta property=\"og:url\" content=\"https:\/\/publikaai.com.br\/?p=442\" \/>\n<meta property=\"og:site_name\" content=\"Publika.a\u00ed Comunica\u00e7\u00e3o\" \/>\n<meta property=\"article:published_time\" content=\"2021-05-20T18:23:44+00:00\" \/>\n<meta property=\"article:modified_time\" content=\"2023-03-10T16:33:25+00:00\" \/>\n<meta property=\"og:image\" content=\"https:\/\/publikaai.com.br\/wp-content\/uploads\/2021\/05\/Principais-problemas-de-comunicacao-nas-empresas.jpg\" \/>\n\t<meta property=\"og:image:width\" content=\"800\" \/>\n\t<meta property=\"og:image:height\" content=\"400\" \/>\n\t<meta property=\"og:image:type\" content=\"image\/jpeg\" \/>\n<meta name=\"author\" content=\"Ludmila Baldoni\" \/>\n<meta name=\"twitter:card\" content=\"summary_large_image\" \/>\n<meta name=\"twitter:label1\" content=\"Escrito por\" \/>\n\t<meta name=\"twitter:data1\" content=\"Ludmila Baldoni\" \/>\n\t<meta name=\"twitter:label2\" content=\"Est. tempo de leitura\" \/>\n\t<meta name=\"twitter:data2\" content=\"14 minutos\" \/>\n<script type=\"application\/ld+json\" class=\"yoast-schema-graph\">{\"@context\":\"https:\/\/schema.org\",\"@graph\":[{\"@type\":\"Article\",\"@id\":\"https:\/\/publikaai.com.br\/?p=442#article\",\"isPartOf\":{\"@id\":\"https:\/\/publikaai.com.br\/?p=442\"},\"author\":{\"name\":\"Ludmila Baldoni\",\"@id\":\"https:\/\/publikaai.com.br\/#\/schema\/person\/2a77ee012024d58d7df0e1f5e29da70a\"},\"headline\":\"Principais problemas de comunica\u00e7\u00e3o nas empresas\",\"datePublished\":\"2021-05-20T18:23:44+00:00\",\"dateModified\":\"2023-03-10T16:33:25+00:00\",\"mainEntityOfPage\":{\"@id\":\"https:\/\/publikaai.com.br\/?p=442\"},\"wordCount\":1678,\"commentCount\":0,\"publisher\":{\"@id\":\"https:\/\/publikaai.com.br\/#organization\"},\"articleSection\":[\"Comunica\u00e7\u00e3o\"],\"inLanguage\":\"pt-BR\",\"potentialAction\":[{\"@type\":\"CommentAction\",\"name\":\"Comment\",\"target\":[\"https:\/\/publikaai.com.br\/?p=442#respond\"]}]},{\"@type\":\"WebPage\",\"@id\":\"https:\/\/publikaai.com.br\/?p=442\",\"url\":\"https:\/\/publikaai.com.br\/?p=442\",\"name\":\"Principais problemas de comunica\u00e7\u00e3o nas empresas | Evite-os j\u00e1!\",\"isPartOf\":{\"@id\":\"https:\/\/publikaai.com.br\/#website\"},\"datePublished\":\"2021-05-20T18:23:44+00:00\",\"dateModified\":\"2023-03-10T16:33:25+00:00\",\"description\":\"Excesso de e-mails, reuni\u00f5es sem sentido e falta de feedbacks s\u00e3o algumas das falhas de comunica\u00e7\u00e3o que afetam a produtividade do neg\u00f3cio.\",\"breadcrumb\":{\"@id\":\"https:\/\/publikaai.com.br\/?p=442#breadcrumb\"},\"inLanguage\":\"pt-BR\",\"potentialAction\":[{\"@type\":\"ReadAction\",\"target\":[\"https:\/\/publikaai.com.br\/?p=442\"]}]},{\"@type\":\"BreadcrumbList\",\"@id\":\"https:\/\/publikaai.com.br\/?p=442#breadcrumb\",\"itemListElement\":[{\"@type\":\"ListItem\",\"position\":1,\"name\":\"In\u00edcio\",\"item\":\"https:\/\/publikaai.com.br\/\"},{\"@type\":\"ListItem\",\"position\":2,\"name\":\"Principais problemas de comunica\u00e7\u00e3o nas empresas\"}]},{\"@type\":\"WebSite\",\"@id\":\"https:\/\/publikaai.com.br\/#website\",\"url\":\"https:\/\/publikaai.com.br\/\",\"name\":\"Publika.a\u00ed Comunica\u00e7\u00e3o e Marketing\",\"description\":\"Uma ag\u00eancia com foco em resultado, n\u00e3o segmentada e que transita com facilidade em todos os canais e ve\u00edculos de comunica\u00e7\u00e3o.\",\"publisher\":{\"@id\":\"https:\/\/publikaai.com.br\/#organization\"},\"potentialAction\":[{\"@type\":\"SearchAction\",\"target\":{\"@type\":\"EntryPoint\",\"urlTemplate\":\"https:\/\/publikaai.com.br\/?s={search_term_string}\"},\"query-input\":\"required name=search_term_string\"}],\"inLanguage\":\"pt-BR\"},{\"@type\":\"Organization\",\"@id\":\"https:\/\/publikaai.com.br\/#organization\",\"name\":\"Publika.a\u00ed Comunica\u00e7\u00e3o e Marketing\",\"url\":\"https:\/\/publikaai.com.br\/\",\"logo\":{\"@type\":\"ImageObject\",\"inLanguage\":\"pt-BR\",\"@id\":\"https:\/\/publikaai.com.br\/#\/schema\/logo\/image\/\",\"url\":\"https:\/\/publikaai.com.br\/wp-content\/uploads\/2023\/03\/cropped-publika_ai.webp\",\"contentUrl\":\"https:\/\/publikaai.com.br\/wp-content\/uploads\/2023\/03\/cropped-publika_ai.webp\",\"width\":1350,\"height\":352,\"caption\":\"Publika.a\u00ed Comunica\u00e7\u00e3o e Marketing\"},\"image\":{\"@id\":\"https:\/\/publikaai.com.br\/#\/schema\/logo\/image\/\"},\"sameAs\":[\"https:\/\/www.instagram.com\/publika.ai\"]},{\"@type\":\"Person\",\"@id\":\"https:\/\/publikaai.com.br\/#\/schema\/person\/2a77ee012024d58d7df0e1f5e29da70a\",\"name\":\"Ludmila Baldoni\",\"image\":{\"@type\":\"ImageObject\",\"inLanguage\":\"pt-BR\",\"@id\":\"https:\/\/publikaai.com.br\/#\/schema\/person\/image\/\",\"url\":\"https:\/\/secure.gravatar.com\/avatar\/729ce976da06ee45293a97cfb2794a36?s=96&d=mm&r=g\",\"contentUrl\":\"https:\/\/secure.gravatar.com\/avatar\/729ce976da06ee45293a97cfb2794a36?s=96&d=mm&r=g\",\"caption\":\"Ludmila Baldoni\"},\"description\":\"Comunicativa por natureza ingressou na faculdade de jornalismo ciente do que queria para a sua trajet\u00f3ria profissional e desde ent\u00e3o, a assessoria de imprensa se tornou sua grande paix\u00e3o. Com mais de quinze anos de experi\u00eancia, j\u00e1 atuou como consultora em projetos de comunica\u00e7\u00e3o, coordenou e liderou equipes de jornalistas, organizou feiras e eventos, gerenciou a\u00e7\u00f5es de marketing em todo o pa\u00eds. Durante seis foi anos foi s\u00f3cia de uma assessoria de imprensa e recentemente decidiu buscar v\u00f4os mais altos e fundou a Publika\u00ed, uma ag\u00eancia que tem como miss\u00e3o encontrar solu\u00e7\u00f5es de comunica\u00e7\u00e3o atrav\u00e9s de modelos multissetorias.\",\"url\":\"https:\/\/publikaai.com.br\/?author=3\"}]}<\/script>\n<!-- \/ Yoast SEO plugin. -->","yoast_head_json":{"title":"Principais problemas de comunica\u00e7\u00e3o nas empresas | Evite-os j\u00e1!","description":"Excesso de e-mails, reuni\u00f5es sem sentido e falta de feedbacks s\u00e3o algumas das falhas de comunica\u00e7\u00e3o que afetam a produtividade do neg\u00f3cio.","robots":{"index":"index","follow":"follow","max-snippet":"max-snippet:-1","max-image-preview":"max-image-preview:large","max-video-preview":"max-video-preview:-1"},"canonical":"https:\/\/publikaai.com.br\/?p=442","og_locale":"pt_BR","og_type":"article","og_title":"Principais problemas de comunica\u00e7\u00e3o nas empresas | Evite-os j\u00e1!","og_description":"Excesso de e-mails, reuni\u00f5es sem sentido e falta de feedbacks s\u00e3o algumas das falhas de comunica\u00e7\u00e3o que afetam a produtividade do neg\u00f3cio.","og_url":"https:\/\/publikaai.com.br\/?p=442","og_site_name":"Publika.a\u00ed Comunica\u00e7\u00e3o","article_published_time":"2021-05-20T18:23:44+00:00","article_modified_time":"2023-03-10T16:33:25+00:00","og_image":[{"width":800,"height":400,"url":"https:\/\/publikaai.com.br\/wp-content\/uploads\/2021\/05\/Principais-problemas-de-comunicacao-nas-empresas.jpg","type":"image\/jpeg"}],"author":"Ludmila Baldoni","twitter_card":"summary_large_image","twitter_misc":{"Escrito por":"Ludmila Baldoni","Est. tempo de leitura":"14 minutos"},"schema":{"@context":"https:\/\/schema.org","@graph":[{"@type":"Article","@id":"https:\/\/publikaai.com.br\/?p=442#article","isPartOf":{"@id":"https:\/\/publikaai.com.br\/?p=442"},"author":{"name":"Ludmila Baldoni","@id":"https:\/\/publikaai.com.br\/#\/schema\/person\/2a77ee012024d58d7df0e1f5e29da70a"},"headline":"Principais problemas de comunica\u00e7\u00e3o nas empresas","datePublished":"2021-05-20T18:23:44+00:00","dateModified":"2023-03-10T16:33:25+00:00","mainEntityOfPage":{"@id":"https:\/\/publikaai.com.br\/?p=442"},"wordCount":1678,"commentCount":0,"publisher":{"@id":"https:\/\/publikaai.com.br\/#organization"},"articleSection":["Comunica\u00e7\u00e3o"],"inLanguage":"pt-BR","potentialAction":[{"@type":"CommentAction","name":"Comment","target":["https:\/\/publikaai.com.br\/?p=442#respond"]}]},{"@type":"WebPage","@id":"https:\/\/publikaai.com.br\/?p=442","url":"https:\/\/publikaai.com.br\/?p=442","name":"Principais problemas de comunica\u00e7\u00e3o nas empresas | Evite-os j\u00e1!","isPartOf":{"@id":"https:\/\/publikaai.com.br\/#website"},"datePublished":"2021-05-20T18:23:44+00:00","dateModified":"2023-03-10T16:33:25+00:00","description":"Excesso de e-mails, reuni\u00f5es sem sentido e falta de feedbacks s\u00e3o algumas das falhas de comunica\u00e7\u00e3o que afetam a produtividade do neg\u00f3cio.","breadcrumb":{"@id":"https:\/\/publikaai.com.br\/?p=442#breadcrumb"},"inLanguage":"pt-BR","potentialAction":[{"@type":"ReadAction","target":["https:\/\/publikaai.com.br\/?p=442"]}]},{"@type":"BreadcrumbList","@id":"https:\/\/publikaai.com.br\/?p=442#breadcrumb","itemListElement":[{"@type":"ListItem","position":1,"name":"In\u00edcio","item":"https:\/\/publikaai.com.br\/"},{"@type":"ListItem","position":2,"name":"Principais problemas de comunica\u00e7\u00e3o nas empresas"}]},{"@type":"WebSite","@id":"https:\/\/publikaai.com.br\/#website","url":"https:\/\/publikaai.com.br\/","name":"Publika.a\u00ed Comunica\u00e7\u00e3o e Marketing","description":"Uma ag\u00eancia com foco em resultado, n\u00e3o segmentada e que transita com facilidade em todos os canais e ve\u00edculos de comunica\u00e7\u00e3o.","publisher":{"@id":"https:\/\/publikaai.com.br\/#organization"},"potentialAction":[{"@type":"SearchAction","target":{"@type":"EntryPoint","urlTemplate":"https:\/\/publikaai.com.br\/?s={search_term_string}"},"query-input":"required name=search_term_string"}],"inLanguage":"pt-BR"},{"@type":"Organization","@id":"https:\/\/publikaai.com.br\/#organization","name":"Publika.a\u00ed Comunica\u00e7\u00e3o e Marketing","url":"https:\/\/publikaai.com.br\/","logo":{"@type":"ImageObject","inLanguage":"pt-BR","@id":"https:\/\/publikaai.com.br\/#\/schema\/logo\/image\/","url":"https:\/\/publikaai.com.br\/wp-content\/uploads\/2023\/03\/cropped-publika_ai.webp","contentUrl":"https:\/\/publikaai.com.br\/wp-content\/uploads\/2023\/03\/cropped-publika_ai.webp","width":1350,"height":352,"caption":"Publika.a\u00ed Comunica\u00e7\u00e3o e Marketing"},"image":{"@id":"https:\/\/publikaai.com.br\/#\/schema\/logo\/image\/"},"sameAs":["https:\/\/www.instagram.com\/publika.ai"]},{"@type":"Person","@id":"https:\/\/publikaai.com.br\/#\/schema\/person\/2a77ee012024d58d7df0e1f5e29da70a","name":"Ludmila Baldoni","image":{"@type":"ImageObject","inLanguage":"pt-BR","@id":"https:\/\/publikaai.com.br\/#\/schema\/person\/image\/","url":"https:\/\/secure.gravatar.com\/avatar\/729ce976da06ee45293a97cfb2794a36?s=96&d=mm&r=g","contentUrl":"https:\/\/secure.gravatar.com\/avatar\/729ce976da06ee45293a97cfb2794a36?s=96&d=mm&r=g","caption":"Ludmila Baldoni"},"description":"Comunicativa por natureza ingressou na faculdade de jornalismo ciente do que queria para a sua trajet\u00f3ria profissional e desde ent\u00e3o, a assessoria de imprensa se tornou sua grande paix\u00e3o. Com mais de quinze anos de experi\u00eancia, j\u00e1 atuou como consultora em projetos de comunica\u00e7\u00e3o, coordenou e liderou equipes de jornalistas, organizou feiras e eventos, gerenciou a\u00e7\u00f5es de marketing em todo o pa\u00eds. Durante seis foi anos foi s\u00f3cia de uma assessoria de imprensa e recentemente decidiu buscar v\u00f4os mais altos e fundou a Publika\u00ed, uma ag\u00eancia que tem como miss\u00e3o encontrar solu\u00e7\u00f5es de comunica\u00e7\u00e3o atrav\u00e9s de modelos multissetorias.","url":"https:\/\/publikaai.com.br\/?author=3"}]}},"_links":{"self":[{"href":"https:\/\/publikaai.com.br\/index.php?rest_route=\/wp\/v2\/posts\/442","targetHints":{"allow":["GET"]}}],"collection":[{"href":"https:\/\/publikaai.com.br\/index.php?rest_route=\/wp\/v2\/posts"}],"about":[{"href":"https:\/\/publikaai.com.br\/index.php?rest_route=\/wp\/v2\/types\/post"}],"author":[{"embeddable":true,"href":"https:\/\/publikaai.com.br\/index.php?rest_route=\/wp\/v2\/users\/3"}],"replies":[{"embeddable":true,"href":"https:\/\/publikaai.com.br\/index.php?rest_route=%2Fwp%2Fv2%2Fcomments&post=442"}],"version-history":[{"count":7,"href":"https:\/\/publikaai.com.br\/index.php?rest_route=\/wp\/v2\/posts\/442\/revisions"}],"predecessor-version":[{"id":1106,"href":"https:\/\/publikaai.com.br\/index.php?rest_route=\/wp\/v2\/posts\/442\/revisions\/1106"}],"wp:featuredmedia":[{"embeddable":true,"href":"https:\/\/publikaai.com.br\/index.php?rest_route=\/wp\/v2\/media\/430"}],"wp:attachment":[{"href":"https:\/\/publikaai.com.br\/index.php?rest_route=%2Fwp%2Fv2%2Fmedia&parent=442"}],"wp:term":[{"taxonomy":"category","embeddable":true,"href":"https:\/\/publikaai.com.br\/index.php?rest_route=%2Fwp%2Fv2%2Fcategories&post=442"},{"taxonomy":"post_tag","embeddable":true,"href":"https:\/\/publikaai.com.br\/index.php?rest_route=%2Fwp%2Fv2%2Ftags&post=442"}],"curies":[{"name":"wp","href":"https:\/\/api.w.org\/{rel}","templated":true}]}}