{"id":578,"date":"2021-08-05T11:43:24","date_gmt":"2021-08-05T14:43:24","guid":{"rendered":"https:\/\/publikaai.com.br\/?p=578"},"modified":"2023-03-10T13:31:19","modified_gmt":"2023-03-10T16:31:19","slug":"pauta-jornalistica","status":"publish","type":"post","link":"https:\/\/publikaai.com.br\/?p=578","title":{"rendered":"O que \u00e9 pauta jornal\u00edstica? Sua empresa precisa dela?"},"content":{"rendered":"\t\t<div data-elementor-type=\"wp-post\" data-elementor-id=\"578\" class=\"elementor elementor-578\" data-elementor-post-type=\"post\">\n\t\t\t\t\t\t<section class=\"elementor-section elementor-top-section elementor-element elementor-element-5bdb0b7e elementor-section-boxed elementor-section-height-default elementor-section-height-default\" data-id=\"5bdb0b7e\" data-element_type=\"section\">\n\t\t\t\t\t\t<div class=\"elementor-container elementor-column-gap-default\">\n\t\t\t\t\t<div class=\"elementor-column elementor-col-100 elementor-top-column elementor-element elementor-element-13d7c4e1\" data-id=\"13d7c4e1\" data-element_type=\"column\">\n\t\t\t<div class=\"elementor-widget-wrap\">\n\t\t\t\t\t\t\t<\/div>\n\t\t<\/div>\n\t\t\t\t\t<\/div>\n\t\t<\/section>\n\t\t\t\t<section class=\"elementor-section elementor-top-section elementor-element elementor-element-3612969c elementor-section-boxed elementor-section-height-default elementor-section-height-default\" data-id=\"3612969c\" data-element_type=\"section\" data-settings=\"{&quot;background_background&quot;:&quot;classic&quot;}\">\n\t\t\t\t\t\t\t<div class=\"elementor-background-overlay\"><\/div>\n\t\t\t\t\t\t\t<div class=\"elementor-container elementor-column-gap-default\">\n\t\t\t\t\t<div class=\"elementor-column elementor-col-100 elementor-top-column elementor-element elementor-element-5785fed\" data-id=\"5785fed\" data-element_type=\"column\">\n\t\t\t<div class=\"elementor-widget-wrap elementor-element-populated\">\n\t\t\t\t\t\t<div class=\"elementor-element elementor-element-592ef6a0 elementor-invisible elementor-widget elementor-widget-heading\" data-id=\"592ef6a0\" data-element_type=\"widget\" data-settings=\"{&quot;_animation&quot;:&quot;fadeInUp&quot;}\" data-widget_type=\"heading.default\">\n\t\t\t\t<div class=\"elementor-widget-container\">\n\t\t\t\t\t<h6 class=\"elementor-heading-title elementor-size-default\"><a href=\"https:\/\/publikaai.com.br\/?cat=3\" rel=\"tag\">Imprensa<\/a><\/h6>\t\t\t\t<\/div>\n\t\t\t\t<\/div>\n\t\t\t\t<div class=\"elementor-element elementor-element-594cd477 elementor-invisible elementor-widget elementor-widget-theme-post-title elementor-page-title elementor-widget-heading\" data-id=\"594cd477\" data-element_type=\"widget\" data-settings=\"{&quot;_animation&quot;:&quot;fadeInRight&quot;}\" data-widget_type=\"theme-post-title.default\">\n\t\t\t\t<div class=\"elementor-widget-container\">\n\t\t\t\t\t<h1 class=\"elementor-heading-title elementor-size-default\">O que \u00e9 pauta jornal\u00edstica? Sua empresa precisa dela?<\/h1>\t\t\t\t<\/div>\n\t\t\t\t<\/div>\n\t\t\t\t<div class=\"elementor-element elementor-element-7d884d0d elementor-invisible elementor-widget elementor-widget-post-info\" data-id=\"7d884d0d\" data-element_type=\"widget\" data-settings=\"{&quot;_animation&quot;:&quot;fadeInDown&quot;}\" data-widget_type=\"post-info.default\">\n\t\t\t\t<div class=\"elementor-widget-container\">\n\t\t\t\t\t\t\t<ul class=\"elementor-inline-items elementor-icon-list-items elementor-post-info\">\n\t\t\t\t\t\t\t\t<li class=\"elementor-icon-list-item elementor-repeater-item-78f1a26 elementor-inline-item\" itemprop=\"author\">\n\t\t\t\t\t\t<a href=\"https:\/\/publikaai.com.br\/?author=3\">\n\t\t\t\t\t\t\t\t\t\t\t<span class=\"elementor-icon-list-icon\">\n\t\t\t\t\t\t\t\t<i aria-hidden=\"true\" class=\"material-icons md-verified\" data-md-icon=\"verified\"><\/i>\t\t\t\t\t\t\t<\/span>\n\t\t\t\t\t\t\t\t\t<span class=\"elementor-icon-list-text elementor-post-info__item elementor-post-info__item--type-author\">\n\t\t\t\t\t\t\t\t\t\tLudmila Baldoni\t\t\t\t\t<\/span>\n\t\t\t\t\t\t\t\t\t<\/a>\n\t\t\t\t<\/li>\n\t\t\t\t<li class=\"elementor-icon-list-item elementor-repeater-item-34fd165 elementor-inline-item\" itemprop=\"datePublished\">\n\t\t\t\t\t\t<a href=\"https:\/\/publikaai.com.br\/?m=20210805\">\n\t\t\t\t\t\t\t\t\t\t\t<span class=\"elementor-icon-list-icon\">\n\t\t\t\t\t\t\t\t<i aria-hidden=\"true\" class=\"material-icons md-calendar_today\" data-md-icon=\"calendar_today\"><\/i>\t\t\t\t\t\t\t<\/span>\n\t\t\t\t\t\t\t\t\t<span class=\"elementor-icon-list-text elementor-post-info__item elementor-post-info__item--type-date\">\n\t\t\t\t\t\t\t\t\t\t<time>agosto 5, 2021<\/time>\t\t\t\t\t<\/span>\n\t\t\t\t\t\t\t\t\t<\/a>\n\t\t\t\t<\/li>\n\t\t\t\t<\/ul>\n\t\t\t\t\t\t<\/div>\n\t\t\t\t<\/div>\n\t\t\t\t\t<\/div>\n\t\t<\/div>\n\t\t\t\t\t<\/div>\n\t\t<\/section>\n\t\t\t\t<section class=\"elementor-section elementor-top-section elementor-element elementor-element-5634e1a2 elementor-section-boxed elementor-section-height-default elementor-section-height-default\" data-id=\"5634e1a2\" data-element_type=\"section\">\n\t\t\t\t\t\t<div class=\"elementor-container elementor-column-gap-default\">\n\t\t\t\t\t<div class=\"elementor-column elementor-col-66 elementor-top-column elementor-element elementor-element-1ad50467 animated-fast elementor-invisible\" data-id=\"1ad50467\" data-element_type=\"column\" data-settings=\"{&quot;background_background&quot;:&quot;classic&quot;,&quot;animation&quot;:&quot;fadeInUp&quot;}\">\n\t\t\t<div class=\"elementor-widget-wrap elementor-element-populated\">\n\t\t\t\t\t\t<div class=\"elementor-element elementor-element-55ed4a05 elementor-widget elementor-widget-theme-post-featured-image elementor-widget-image\" data-id=\"55ed4a05\" data-element_type=\"widget\" data-widget_type=\"theme-post-featured-image.default\">\n\t\t\t\t<div class=\"elementor-widget-container\">\n\t\t\t\t\t\t\t\t\t\t\t\t\t\t\t<img fetchpriority=\"high\" decoding=\"async\" width=\"800\" height=\"400\" src=\"https:\/\/publikaai.com.br\/wp-content\/uploads\/2021\/08\/O-que-e-pauta-jornalistica.jpg\" class=\"attachment-full size-full wp-image-572\" alt=\"O que \u00e9 pauta jornal\u00edstica\" srcset=\"https:\/\/publikaai.com.br\/wp-content\/uploads\/2021\/08\/O-que-e-pauta-jornalistica.jpg 800w, https:\/\/publikaai.com.br\/wp-content\/uploads\/2021\/08\/O-que-e-pauta-jornalistica-300x150.jpg 300w, https:\/\/publikaai.com.br\/wp-content\/uploads\/2021\/08\/O-que-e-pauta-jornalistica-768x384.jpg 768w, https:\/\/publikaai.com.br\/wp-content\/uploads\/2021\/08\/O-que-e-pauta-jornalistica-260x130.jpg 260w, https:\/\/publikaai.com.br\/wp-content\/uploads\/2021\/08\/O-que-e-pauta-jornalistica-50x25.jpg 50w, https:\/\/publikaai.com.br\/wp-content\/uploads\/2021\/08\/O-que-e-pauta-jornalistica-150x75.jpg 150w\" sizes=\"(max-width: 800px) 100vw, 800px\" \/>\t\t\t\t\t\t\t\t\t\t\t\t\t\t\t<\/div>\n\t\t\t\t<\/div>\n\t\t\t\t<div class=\"elementor-element elementor-element-253c8bfd elementor-widget elementor-widget-text-editor\" data-id=\"253c8bfd\" data-element_type=\"widget\" data-widget_type=\"text-editor.default\">\n\t\t\t\t<div class=\"elementor-widget-container\">\n\t\t\t\t\t\t\t\t\t\n<p>Toda profiss\u00e3o exige planejamento como uma etapa que precede a conclus\u00e3o do trabalho. Assim como um chef monta um card\u00e1pio e combina sabores antes de realmente preparar os pratos e o estilista desenha as pe\u00e7as antes da produ\u00e7\u00e3o, com o jornalista \u00e9 igual e antes da mat\u00e9ria ser exibida, ele define o foco da reportagem e faz um levantamento das informa\u00e7\u00f5es e das fontes que ser\u00e3o entrevistadas. Esta etapa \u00e9 conhecida como <strong>pauta jornal\u00edstica<\/strong>.<\/p>\n\n\n\n<p>De maneira geral, a pauta jornal\u00edstica \u00e9 o <strong>planejamento de conte\u00fado<\/strong> da reportagem, independente do ve\u00edculo de comunica\u00e7\u00e3o que a publicar\u00e1 (r\u00e1dio, TV, m\u00eddia impressa, online etc) e serve como guia para o jornalista e a toda a equipe envolvida na produ\u00e7\u00e3o do material final.&nbsp;&nbsp;<\/p>\n\n\n\n<p>Vale lembrar que <strong>a pauta antecede a reportagem em si<\/strong>. Ela vem antes mesmo do roteiro. \u00c9 o \u201cesqueleto\u201d que pode despertar o desejo em elaborar uma mat\u00e9ria. E esse desejo muitas vezes \u00e9 despertado por uma <a href=\"https:\/\/publikaai.com.br\">empresa de assessoria de imprensa<\/a> que conseguiu mostrar que determinado fato merece virar not\u00edcia na imprensa.<\/p>\n\n\n\n<p>Leia tamb\u00e9m: <a href=\"https:\/\/publikaai.com.br\/imprensa\/como-funciona-assessoria-imprensa\/\">Como funciona uma assessoria de imprensa?<\/a><\/p>\n\n\n\n<p>Neste artigo vamos explicar em detalhes o que \u00e9 pauta jornal\u00edstica e a sua import\u00e2ncia. Continue lendo!<\/p>\n\n\n\n<h2 class=\"wp-block-heading\">Componentes da pauta jornal\u00edstica<\/h2>\n\n\n\n<p>Este material que precede o trabalho do jornalista precisa ser bem elaborado, afinal, nem sempre quem a escreve ser\u00e1 exatamente quem ir\u00e1 de fato realizar a mat\u00e9ria ou reportagem. No caso das assessorias de imprensa, este material \u00e9 fundamental para mostrar aos jornalistas que produzir\u00e3o o material final, a import\u00e2ncia de determinado tema, quem s\u00e3o os profissionais indicados para abord\u00e1-lo, os locais indicados para a a grava\u00e7\u00e3o, entre outros detalhes.&nbsp;&nbsp;<\/p>\n\n\n\n<p>A pauta jornal\u00edstica, geralmente, \u00e9 composta por informa\u00e7\u00f5es que s\u00e3o essenciais para o desenvolvimento da entrevista, como n\u00fameros, dados e todo o hist\u00f3rico da situa\u00e7\u00e3o.<\/p>\n\n\n\n<h3 class=\"wp-block-heading\">Mat\u00e9ria<\/h3>\n\n\n\n<p>Neste t\u00f3pico, a pauta jornal\u00edstica vai ganhando forma. Por exemplo, se for uma mat\u00e9ria para a TV, o local de grava\u00e7\u00e3o e os entrevistados precisam estar detalhados neste momento. Se for impressa em revista, o jornalista ter\u00e1 uma ideia inicial do espa\u00e7o que ser\u00e1 disponibilizado e quais fotos devem ser captadas para ilustra\u00e7\u00e3o.<\/p>\n\n\n\n<p>Aqui, encontram-se detalhes para a realiza\u00e7\u00e3o da mat\u00e9ria:<\/p>\n\n\n\n<ul class=\"wp-block-list\"><li>A abordagem, o ponto de vista que ser\u00e1 levado em considera\u00e7\u00e3o, a depender das caracter\u00edsticas do ve\u00edculo de comunica\u00e7\u00e3o;<\/li><li>O material que ser\u00e1 utilizado;<\/li><li>Outras observa\u00e7\u00f5es importantes para o desenvolvimento da reportagem.<\/li><\/ul>\n\n\n\n<p><a href=\"https:\/\/publikaai.com.br\/marketing\/o-que-e-publipost\/\">Entenda aqui o que \u00e9 publieditorial.<\/a><\/p>\n\n\n\n<h3 class=\"wp-block-heading\">Fontes<\/h3>\n\n\n\n<p><strong>As fontes s\u00e3o as pessoas, grupos, empresas, institui\u00e7\u00f5es e outras pessoas que poder\u00e3o dar as informa\u00e7\u00f5es necess\u00e1rias para a reportagem<\/strong>. Em um caso criminal, por exemplo, geralmente recorre-se a testemunhas e outras pessoas envolvidas e \u00e0 pol\u00edcia local para conseguir dados para uma mat\u00e9ria.<\/p>\n\n\n\n<p>Vale lembrar de que \u00e9 necess\u00e1rio buscar fontes confi\u00e1veis e relevantes e, se poss\u00edvel, que reflitam os dois lados de uma mesma quest\u00e3o, para que seja constru\u00edda uma narrativa mais isenta poss\u00edvel.<\/p>\n\n\n\n<p>Aqui tamb\u00e9m \u00e9 necess\u00e1ria uma <strong>introdu\u00e7\u00e3o sobre os entrevistados<\/strong> (quem s\u00e3o, qual sua rela\u00e7\u00e3o com o fato, informa\u00e7\u00f5es importantes sobre eles etc.) e as formas de contato (endere\u00e7o, telefone, e-mail).<\/p>\n\n\n\n<h3 class=\"wp-block-heading\">Poss\u00edveis perguntas<\/h3>\n\n\n\n<p>A partir das informa\u00e7\u00f5es conseguidas com anteced\u00eancia, a pauta jornal\u00edstica pode indicar algumas quest\u00f5es importantes para serem esclarecidas. Estas perguntas ajudam o jornalista a se aprofundar no assunto e <strong>desenvolver uma reportagem completa<\/strong>.<\/p>\n\n\n\n<p><strong>N\u00e3o se pode esquecer do b\u00e1sico do jornalismo: abordar <\/strong><strong><em>o qu\u00ea, quem, como, quando, onde e por qu\u00ea.<\/em><\/strong><\/p>\n\n\n\n<p>Ao elaborar as perguntas \u00e9 preciso ter foco no interesse do p\u00fablico final que vai receber o conte\u00fado.<\/p>\n\n\n\n<p>Se voc\u00ea est\u00e1 elaborando uma pauta para atrair a aten\u00e7\u00e3o do jornalista para a sua empresa, \u00e9 preciso completar estas informa\u00e7\u00f5es para que ele tenha uma no\u00e7\u00e3o clara e avalie se vale ou n\u00e3o abordar o tema de maneira informativa e n\u00e3o apenas fazendo uma propaganda do seu neg\u00f3cio.&nbsp;<\/p>\n\n\n\n<p><strong>Ao atuar por v\u00e1rios anos como assessoria de imprensa, n\u00f3s conseguimos transformar as novidades da sua empresa em not\u00edcia.&nbsp;<\/strong><\/p>\n\n\n\n<h2 class=\"wp-block-heading\">Quais s\u00e3o os principais tipos de pauta jornal\u00edstica?<\/h2>\n\n\n\n<p>A depender do formato da mat\u00e9ria jornal\u00edstica, muda-se o tipo de pauta que dever\u00e1 ser elaborada.<\/p>\n\n\n\n<p>De maneira resumida, existem dois tipos: o <strong>fato pontual<\/strong> e a <strong>pauta investigativa<\/strong>.<\/p>\n\n\n\n<h3 class=\"wp-block-heading\">Fato pontual<\/h3>\n\n\n\n<p>Uma mat\u00e9ria que \u00e9 desenvolvida a partir de um acontecimento e que n\u00e3o permite muito planejamento.<\/p>\n\n\n\n<p>Acidentes, fen\u00f4menos da natureza e outros eventos acontecem e <strong>exigem destreza e agilidade do jornalista<\/strong> em quest\u00e3o. Ele precisa unir seu material mais rapidamente, entrevistar fontes e registrar os acontecimentos.<\/p>\n\n\n\n<p>Neste caso, n\u00e3o \u00e9 poss\u00edvel elaborar uma pauta muito detalhada, j\u00e1 que as coisas ser\u00e3o mais improvisadas.. E aqui, <strong>a atua\u00e7\u00e3o do assessor de imprensa faz toda a diferen\u00e7a para a sua empresa, j\u00e1 que ele atuar\u00e1 em conjunto com o jornalista auxiliando e fornecendo conte\u00fado.&nbsp;<\/strong><\/p>\n\n\n\n<h3 class=\"wp-block-heading\">Pauta investigativa<\/h3>\n\n\n\n<p>Apesar do nome relacionado a investiga\u00e7\u00e3o, trata-se simplesmente de uma pauta elaborada para tratar de um assunto mais profundamente. Os componentes citados servem da mesma maneira, mas o trabalho \u00e9 mais calculado e n\u00e3o exige a mesma pressa, mas precisa ser bem trabalhado.<\/p>\n\n\n\n<p>Este tipo de pauta \u00e9 elaborada para grandes reportagens, independente do tipo de ve\u00edculo, e ter\u00e1 v\u00e1rias fontes para construir a narrativa.<\/p>\n\n\n\n<h2 class=\"wp-block-heading\">Qual \u00e9 a import\u00e2ncia da pauta?<\/h2>\n\n\n\n<p>Acima eu expliquei a voc\u00ea em detalhes o que \u00e9 uma pauta jornal\u00edstica, j\u00e1 que ela funciona como uma b\u00fassola para o trabalho da imprensa. Ela \u00e9 fundamental na organiza\u00e7\u00e3o do trabalho e para a condu\u00e7\u00e3o de uma not\u00edcia, mat\u00e9ria, v\u00eddeo ou entrevista, etc.<\/p>\n\n\n\n<p>Sem ela, o jornalista n\u00e3o ter\u00e1 uma linha de racioc\u00ednio na mat\u00e9ria, n\u00e3o ter\u00e1 no\u00e7\u00e3o das tarefas que precisa cumprir para concluir a reportagem e n\u00e3o saber\u00e1 por onde come\u00e7ar e nem o objetivo de uma investiga\u00e7\u00e3o.&nbsp;<\/p>\n\n\n\n<p>Al\u00e9m de tudo isso, a pauta ajuda a prever poss\u00edveis obst\u00e1culos, esmiu\u00e7ar possibilidades e evitar situa\u00e7\u00f5es de improviso.<\/p>\n\n\n\n<h2 class=\"wp-block-heading\">Pauta jornal\u00edstica para empresas<\/h2>\n\n\n\n<p>Do outro lado do balc\u00e3o, os profissionais de <a href=\"https:\/\/publikaai.com.br\/comunicacao\/o-que-e-rp\/\">Rela\u00e7\u00f5es P\u00fablicas<\/a> ou de assessoria de imprensa utilizam os releases, um tipo de pauta, para atrair a aten\u00e7\u00e3o das reda\u00e7\u00f5es.<\/p>\n\n\n\n<p>Eles usam esse formato para divulgar aquisi\u00e7\u00f5es, mudan\u00e7as ou novidades que a empresa est\u00e1 lan\u00e7ando. <a href=\"https:\/\/publikaai.com.br\/imprensa\/tipos-release-profissional\/\">Veja aqui os diversos tipos de releases profissionais e inspire-se.<\/a><\/p>\n\n\n\n<p>Se voc\u00ea tem feito todo esse trabalho e a sua empresa n\u00e3o consegue a visibilidade que merece, <a href=\"https:\/\/publikaai.com.br\/assessoria-imprensa\/\">est\u00e1 na hora de marcar um bate papo com a nossa equipe aqui da Publika\u00ed.<\/a><\/p>\n\n\n\n<p>Depois de entender o que \u00e9 pauta jornal\u00edstica, leia tamb\u00e9m:<\/p>\n\n\n\n<p><a href=\"https:\/\/publikaai.com.br\/marketing\/gatilhos-mentais-poderosos-influenciar-pessoas\/\">Como usar os gatilhos mentais para influenciar pessoas?<\/a><\/p>\n\n\n\n<p><a href=\"https:\/\/publikaai.com.br\/comunicacao\/principais-problemas-comunicacao-empresas\/\">Quais s\u00e3o os principais problemas de comunica\u00e7\u00e3o dentro das empresas?<\/a><\/p>\n\t\t\t\t\t\t\t\t<\/div>\n\t\t\t\t<\/div>\n\t\t\t\t<div class=\"elementor-element elementor-element-45760c46 elementor-share-buttons--skin-flat elementor-share-buttons--shape-circle elementor-grid-5 elementor-grid-mobile-2 elementor-share-buttons--view-icon-text elementor-share-buttons--color-official elementor-widget elementor-widget-share-buttons\" data-id=\"45760c46\" data-element_type=\"widget\" data-widget_type=\"share-buttons.default\">\n\t\t\t\t<div class=\"elementor-widget-container\">\n\t\t\t\t\t\t\t<div class=\"elementor-grid\" role=\"list\">\n\t\t\t\t\t\t\t\t<div class=\"elementor-grid-item\" role=\"listitem\">\n\t\t\t\t\t\t<div class=\"elementor-share-btn elementor-share-btn_facebook\" role=\"button\" tabindex=\"0\" aria-label=\"Share on facebook\">\n\t\t\t\t\t\t\t\t\t\t\t\t\t\t\t<span class=\"elementor-share-btn__icon\">\n\t\t\t\t\t\t\t\t<i class=\"fab fa-facebook\" aria-hidden=\"true\"><\/i>\t\t\t\t\t\t\t<\/span>\n\t\t\t\t\t\t\t\t\t\t\t\t\t\t\t\t\t\t\t\t\t\t<div class=\"elementor-share-btn__text\">\n\t\t\t\t\t\t\t\t\t\t\t\t\t\t\t\t\t\t\t<span class=\"elementor-share-btn__title\">\n\t\t\t\t\t\t\t\t\t\tFacebook\t\t\t\t\t\t\t\t\t<\/span>\n\t\t\t\t\t\t\t\t\t\t\t\t\t\t\t\t\t<\/div>\n\t\t\t\t\t\t\t\t\t\t\t\t\t<\/div>\n\t\t\t\t\t<\/div>\n\t\t\t\t\t\t\t\t\t<div class=\"elementor-grid-item\" role=\"listitem\">\n\t\t\t\t\t\t<div class=\"elementor-share-btn elementor-share-btn_pinterest\" role=\"button\" tabindex=\"0\" aria-label=\"Share on pinterest\">\n\t\t\t\t\t\t\t\t\t\t\t\t\t\t\t<span class=\"elementor-share-btn__icon\">\n\t\t\t\t\t\t\t\t<i class=\"fab fa-pinterest\" aria-hidden=\"true\"><\/i>\t\t\t\t\t\t\t<\/span>\n\t\t\t\t\t\t\t\t\t\t\t\t\t\t\t\t\t\t\t\t\t\t<div class=\"elementor-share-btn__text\">\n\t\t\t\t\t\t\t\t\t\t\t\t\t\t\t\t\t\t\t<span class=\"elementor-share-btn__title\">\n\t\t\t\t\t\t\t\t\t\tPinterest\t\t\t\t\t\t\t\t\t<\/span>\n\t\t\t\t\t\t\t\t\t\t\t\t\t\t\t\t\t<\/div>\n\t\t\t\t\t\t\t\t\t\t\t\t\t<\/div>\n\t\t\t\t\t<\/div>\n\t\t\t\t\t\t\t\t\t<div class=\"elementor-grid-item\" role=\"listitem\">\n\t\t\t\t\t\t<div class=\"elementor-share-btn elementor-share-btn_twitter\" role=\"button\" tabindex=\"0\" aria-label=\"Share on twitter\">\n\t\t\t\t\t\t\t\t\t\t\t\t\t\t\t<span class=\"elementor-share-btn__icon\">\n\t\t\t\t\t\t\t\t<i class=\"fab fa-twitter\" aria-hidden=\"true\"><\/i>\t\t\t\t\t\t\t<\/span>\n\t\t\t\t\t\t\t\t\t\t\t\t\t\t\t\t\t\t\t\t\t\t<div class=\"elementor-share-btn__text\">\n\t\t\t\t\t\t\t\t\t\t\t\t\t\t\t\t\t\t\t<span class=\"elementor-share-btn__title\">\n\t\t\t\t\t\t\t\t\t\tTwitter\t\t\t\t\t\t\t\t\t<\/span>\n\t\t\t\t\t\t\t\t\t\t\t\t\t\t\t\t\t<\/div>\n\t\t\t\t\t\t\t\t\t\t\t\t\t<\/div>\n\t\t\t\t\t<\/div>\n\t\t\t\t\t\t\t\t\t<div class=\"elementor-grid-item\" role=\"listitem\">\n\t\t\t\t\t\t<div class=\"elementor-share-btn elementor-share-btn_linkedin\" role=\"button\" tabindex=\"0\" aria-label=\"Share on linkedin\">\n\t\t\t\t\t\t\t\t\t\t\t\t\t\t\t<span class=\"elementor-share-btn__icon\">\n\t\t\t\t\t\t\t\t<i class=\"fab fa-linkedin\" aria-hidden=\"true\"><\/i>\t\t\t\t\t\t\t<\/span>\n\t\t\t\t\t\t\t\t\t\t\t\t\t\t\t\t\t\t\t\t\t\t<div class=\"elementor-share-btn__text\">\n\t\t\t\t\t\t\t\t\t\t\t\t\t\t\t\t\t\t\t<span class=\"elementor-share-btn__title\">\n\t\t\t\t\t\t\t\t\t\tLinkedIn\t\t\t\t\t\t\t\t\t<\/span>\n\t\t\t\t\t\t\t\t\t\t\t\t\t\t\t\t\t<\/div>\n\t\t\t\t\t\t\t\t\t\t\t\t\t<\/div>\n\t\t\t\t\t<\/div>\n\t\t\t\t\t\t\t\t\t<div class=\"elementor-grid-item\" role=\"listitem\">\n\t\t\t\t\t\t<div class=\"elementor-share-btn elementor-share-btn_whatsapp\" role=\"button\" tabindex=\"0\" aria-label=\"Share on whatsapp\">\n\t\t\t\t\t\t\t\t\t\t\t\t\t\t\t<span class=\"elementor-share-btn__icon\">\n\t\t\t\t\t\t\t\t<i class=\"fab fa-whatsapp\" aria-hidden=\"true\"><\/i>\t\t\t\t\t\t\t<\/span>\n\t\t\t\t\t\t\t\t\t\t\t\t\t\t\t\t\t\t\t\t\t\t<div class=\"elementor-share-btn__text\">\n\t\t\t\t\t\t\t\t\t\t\t\t\t\t\t\t\t\t\t<span class=\"elementor-share-btn__title\">\n\t\t\t\t\t\t\t\t\t\tWhatsApp\t\t\t\t\t\t\t\t\t<\/span>\n\t\t\t\t\t\t\t\t\t\t\t\t\t\t\t\t\t<\/div>\n\t\t\t\t\t\t\t\t\t\t\t\t\t<\/div>\n\t\t\t\t\t<\/div>\n\t\t\t\t\t\t<\/div>\n\t\t\t\t\t\t<\/div>\n\t\t\t\t<\/div>\n\t\t\t\t\t<\/div>\n\t\t<\/div>\n\t\t\t\t<div class=\"elementor-column elementor-col-33 elementor-top-column elementor-element elementor-element-43481f56\" data-id=\"43481f56\" data-element_type=\"column\">\n\t\t\t<div class=\"elementor-widget-wrap elementor-element-populated\">\n\t\t\t\t\t\t<section class=\"elementor-section elementor-inner-section elementor-element elementor-element-2c2f7771 elementor-section-boxed elementor-section-height-default elementor-section-height-default\" data-id=\"2c2f7771\" data-element_type=\"section\">\n\t\t\t\t\t\t<div class=\"elementor-container elementor-column-gap-default\">\n\t\t\t\t\t<div class=\"elementor-column elementor-col-100 elementor-inner-column elementor-element elementor-element-28600bb elementor-invisible\" data-id=\"28600bb\" data-element_type=\"column\" data-settings=\"{&quot;background_background&quot;:&quot;classic&quot;,&quot;animation&quot;:&quot;fadeInRight&quot;}\">\n\t\t\t<div class=\"elementor-widget-wrap elementor-element-populated\">\n\t\t\t\t\t\t<div class=\"elementor-element elementor-element-ad9508f elementor-widget elementor-widget-heading\" data-id=\"ad9508f\" data-element_type=\"widget\" data-widget_type=\"heading.default\">\n\t\t\t\t<div class=\"elementor-widget-container\">\n\t\t\t\t\t<h3 class=\"elementor-heading-title elementor-size-default\">Autora<\/h3>\t\t\t\t<\/div>\n\t\t\t\t<\/div>\n\t\t\t\t<div class=\"elementor-element elementor-element-cc04fa9 elementor-author-box--layout-image-above elementor-author-box--align-left elementor-widget elementor-widget-author-box\" data-id=\"cc04fa9\" data-element_type=\"widget\" data-widget_type=\"author-box.default\">\n\t\t\t\t<div class=\"elementor-widget-container\">\n\t\t\t\t\t\t\t<div class=\"elementor-author-box\">\n\t\t\t\t\t\t\t<div  class=\"elementor-author-box__avatar\">\n\t\t\t\t\t<img decoding=\"async\" src=\"https:\/\/publikaai.com.br\/wp-content\/uploads\/2023\/03\/lud-250x300.webp\" alt=\"Picture of Ludmila Baldoni\" loading=\"lazy\">\n\t\t\t\t<\/div>\n\t\t\t\n\t\t\t<div class=\"elementor-author-box__text\">\n\t\t\t\t\t\t\t\t\t<div >\n\t\t\t\t\t\t<h5 class=\"elementor-author-box__name\">\n\t\t\t\t\t\t\tLudmila Baldoni\t\t\t\t\t\t<\/h5>\n\t\t\t\t\t<\/div>\n\t\t\t\t\n\t\t\t\t\t\t\t\t\t<div class=\"elementor-author-box__bio\">\n\t\t\t\t\t\t<p>SEO Publika.ai<\/p>\n<p>Comunicativa por natureza ingressou na faculdade de jornalismo ciente do que queria para a sua trajet\u00f3ria profissional e desde ent\u00e3o, a assessoria de imprensa se tornou sua grande paix\u00e3o.<\/p>\n<p>Com mais de quinze anos de experi\u00eancia, j\u00e1 atuou como consultora em projetos de comunica\u00e7\u00e3o, coordenou e liderou equipes de jornalistas, organizou feiras e eventos, gerenciou a\u00e7\u00f5es de marketing em todo o pa\u00eds. <\/p>\n<p>Durante seis foi anos foi s\u00f3cia de uma assessoria de imprensa e recentemente decidiu buscar v\u00f4os mais altos e fundou a Publika\u00ed, uma ag\u00eancia que tem como miss\u00e3o encontrar solu\u00e7\u00f5es de comunica\u00e7\u00e3o atrav\u00e9s de modelos multissetorias.<\/p>\n\t\t\t\t\t<\/div>\n\t\t\t\t\n\t\t\t\t\t\t\t<\/div>\n\t\t<\/div>\n\t\t\t\t\t\t<\/div>\n\t\t\t\t<\/div>\n\t\t\t\t<div class=\"elementor-element elementor-element-6603180 elementor-widget elementor-widget-heading\" data-id=\"6603180\" data-element_type=\"widget\" data-widget_type=\"heading.default\">\n\t\t\t\t<div class=\"elementor-widget-container\">\n\t\t\t\t\t<h3 class=\"elementor-heading-title elementor-size-default\">\u00daltimos Posts<\/h3>\t\t\t\t<\/div>\n\t\t\t\t<\/div>\n\t\t\t\t<div class=\"elementor-element elementor-element-f4f094b elementor-grid-1 elementor-posts--thumbnail-left elementor-grid-tablet-2 elementor-grid-mobile-1 elementor-widget elementor-widget-posts\" data-id=\"f4f094b\" data-element_type=\"widget\" data-settings=\"{&quot;classic_columns&quot;:&quot;1&quot;,&quot;classic_row_gap&quot;:{&quot;unit&quot;:&quot;px&quot;,&quot;size&quot;:14,&quot;sizes&quot;:[]},&quot;classic_columns_tablet&quot;:&quot;2&quot;,&quot;classic_columns_mobile&quot;:&quot;1&quot;,&quot;classic_row_gap_tablet&quot;:{&quot;unit&quot;:&quot;px&quot;,&quot;size&quot;:&quot;&quot;,&quot;sizes&quot;:[]},&quot;classic_row_gap_mobile&quot;:{&quot;unit&quot;:&quot;px&quot;,&quot;size&quot;:&quot;&quot;,&quot;sizes&quot;:[]}}\" data-widget_type=\"posts.classic\">\n\t\t\t\t<div class=\"elementor-widget-container\">\n\t\t\t\t\t\t\t<div class=\"elementor-posts-container elementor-posts elementor-posts--skin-classic elementor-grid\">\n\t\t\t\t<article class=\"elementor-post elementor-grid-item post-627 post type-post status-publish format-standard has-post-thumbnail hentry category-marketing\">\n\t\t\t\t<a class=\"elementor-post__thumbnail__link\" href=\"https:\/\/publikaai.com.br\/?p=627\" tabindex=\"-1\" >\n\t\t\t<div class=\"elementor-post__thumbnail\"><img decoding=\"async\" width=\"800\" height=\"400\" src=\"https:\/\/publikaai.com.br\/wp-content\/uploads\/2021\/09\/Como-aumentar-a-credibilidade-da-sua-empresa.webp\" class=\"attachment-full size-full wp-image-1306\" alt=\"\" srcset=\"https:\/\/publikaai.com.br\/wp-content\/uploads\/2021\/09\/Como-aumentar-a-credibilidade-da-sua-empresa.webp 800w, https:\/\/publikaai.com.br\/wp-content\/uploads\/2021\/09\/Como-aumentar-a-credibilidade-da-sua-empresa-300x150.webp 300w, https:\/\/publikaai.com.br\/wp-content\/uploads\/2021\/09\/Como-aumentar-a-credibilidade-da-sua-empresa-768x384.webp 768w\" sizes=\"(max-width: 800px) 100vw, 800px\" \/><\/div>\n\t\t<\/a>\n\t\t\t\t<div class=\"elementor-post__text\">\n\t\t\t\t<h3 class=\"elementor-post__title\">\n\t\t\t<a href=\"https:\/\/publikaai.com.br\/?p=627\" >\n\t\t\t\tComo aumentar a credibilidade da sua empresa?\t\t\t<\/a>\n\t\t<\/h3>\n\t\t\t\t<div class=\"elementor-post__meta-data\">\n\t\t\t\t\t<span class=\"elementor-post-author\">\n\t\t\tLudmila Baldoni\t\t<\/span>\n\t\t\t\t<\/div>\n\t\t\n\t\t<a class=\"elementor-post__read-more\" href=\"https:\/\/publikaai.com.br\/?p=627\" aria-label=\"Read more about Como aumentar a credibilidade da sua empresa?\" tabindex=\"-1\" >\n\t\t\tSaiba mais \u00bb\t\t<\/a>\n\n\t\t\t\t<\/div>\n\t\t\t\t<\/article>\n\t\t\t\t<article class=\"elementor-post elementor-grid-item post-622 post type-post status-publish format-standard has-post-thumbnail hentry category-comunicacao\">\n\t\t\t\t<a class=\"elementor-post__thumbnail__link\" href=\"https:\/\/publikaai.com.br\/?p=622\" tabindex=\"-1\" >\n\t\t\t<div class=\"elementor-post__thumbnail\"><img decoding=\"async\" width=\"800\" height=\"400\" src=\"https:\/\/publikaai.com.br\/wp-content\/uploads\/2021\/09\/Principais-estrategias-de-comunicacao-empresarial.webp\" class=\"attachment-full size-full wp-image-1308\" alt=\"\" srcset=\"https:\/\/publikaai.com.br\/wp-content\/uploads\/2021\/09\/Principais-estrategias-de-comunicacao-empresarial.webp 800w, https:\/\/publikaai.com.br\/wp-content\/uploads\/2021\/09\/Principais-estrategias-de-comunicacao-empresarial-300x150.webp 300w, https:\/\/publikaai.com.br\/wp-content\/uploads\/2021\/09\/Principais-estrategias-de-comunicacao-empresarial-768x384.webp 768w\" sizes=\"(max-width: 800px) 100vw, 800px\" \/><\/div>\n\t\t<\/a>\n\t\t\t\t<div class=\"elementor-post__text\">\n\t\t\t\t<h3 class=\"elementor-post__title\">\n\t\t\t<a href=\"https:\/\/publikaai.com.br\/?p=622\" >\n\t\t\t\tPrincipais estrat\u00e9gias de comunica\u00e7\u00e3o empresarial\t\t\t<\/a>\n\t\t<\/h3>\n\t\t\t\t<div class=\"elementor-post__meta-data\">\n\t\t\t\t\t<span class=\"elementor-post-author\">\n\t\t\tLudmila Baldoni\t\t<\/span>\n\t\t\t\t<\/div>\n\t\t\n\t\t<a class=\"elementor-post__read-more\" href=\"https:\/\/publikaai.com.br\/?p=622\" aria-label=\"Read more about Principais estrat\u00e9gias de comunica\u00e7\u00e3o empresarial\" tabindex=\"-1\" >\n\t\t\tSaiba mais \u00bb\t\t<\/a>\n\n\t\t\t\t<\/div>\n\t\t\t\t<\/article>\n\t\t\t\t<article class=\"elementor-post elementor-grid-item post-617 post type-post status-publish format-standard has-post-thumbnail hentry category-comunicacao\">\n\t\t\t\t<a class=\"elementor-post__thumbnail__link\" href=\"https:\/\/publikaai.com.br\/?p=617\" tabindex=\"-1\" >\n\t\t\t<div class=\"elementor-post__thumbnail\"><img loading=\"lazy\" decoding=\"async\" width=\"800\" height=\"400\" src=\"https:\/\/publikaai.com.br\/wp-content\/uploads\/2021\/08\/agentes-da-comunicacao-interna.webp\" class=\"attachment-full size-full wp-image-1310\" alt=\"\" srcset=\"https:\/\/publikaai.com.br\/wp-content\/uploads\/2021\/08\/agentes-da-comunicacao-interna.webp 800w, https:\/\/publikaai.com.br\/wp-content\/uploads\/2021\/08\/agentes-da-comunicacao-interna-300x150.webp 300w, https:\/\/publikaai.com.br\/wp-content\/uploads\/2021\/08\/agentes-da-comunicacao-interna-768x384.webp 768w\" sizes=\"(max-width: 800px) 100vw, 800px\" \/><\/div>\n\t\t<\/a>\n\t\t\t\t<div class=\"elementor-post__text\">\n\t\t\t\t<h3 class=\"elementor-post__title\">\n\t\t\t<a href=\"https:\/\/publikaai.com.br\/?p=617\" >\n\t\t\t\tQuais s\u00e3o os agentes da comunica\u00e7\u00e3o interna nas empresas?\t\t\t<\/a>\n\t\t<\/h3>\n\t\t\t\t<div class=\"elementor-post__meta-data\">\n\t\t\t\t\t<span class=\"elementor-post-author\">\n\t\t\tLudmila Baldoni\t\t<\/span>\n\t\t\t\t<\/div>\n\t\t\n\t\t<a class=\"elementor-post__read-more\" href=\"https:\/\/publikaai.com.br\/?p=617\" aria-label=\"Read more about Quais s\u00e3o os agentes da comunica\u00e7\u00e3o interna nas empresas?\" tabindex=\"-1\" >\n\t\t\tSaiba mais \u00bb\t\t<\/a>\n\n\t\t\t\t<\/div>\n\t\t\t\t<\/article>\n\t\t\t\t<article class=\"elementor-post elementor-grid-item post-614 post type-post status-publish format-standard has-post-thumbnail hentry category-imprensa\">\n\t\t\t\t<a class=\"elementor-post__thumbnail__link\" href=\"https:\/\/publikaai.com.br\/?p=614\" tabindex=\"-1\" >\n\t\t\t<div class=\"elementor-post__thumbnail\"><img loading=\"lazy\" decoding=\"async\" width=\"800\" height=\"400\" src=\"https:\/\/publikaai.com.br\/wp-content\/uploads\/2021\/08\/assessoria-de-imprensa-para-arquitetos.webp\" class=\"attachment-full size-full wp-image-1312\" alt=\"\" srcset=\"https:\/\/publikaai.com.br\/wp-content\/uploads\/2021\/08\/assessoria-de-imprensa-para-arquitetos.webp 800w, https:\/\/publikaai.com.br\/wp-content\/uploads\/2021\/08\/assessoria-de-imprensa-para-arquitetos-300x150.webp 300w, https:\/\/publikaai.com.br\/wp-content\/uploads\/2021\/08\/assessoria-de-imprensa-para-arquitetos-768x384.webp 768w\" sizes=\"(max-width: 800px) 100vw, 800px\" \/><\/div>\n\t\t<\/a>\n\t\t\t\t<div class=\"elementor-post__text\">\n\t\t\t\t<h3 class=\"elementor-post__title\">\n\t\t\t<a href=\"https:\/\/publikaai.com.br\/?p=614\" >\n\t\t\t\tQual \u00e9 a import\u00e2ncia da assessoria de imprensa para arquitetos?\t\t\t<\/a>\n\t\t<\/h3>\n\t\t\t\t<div class=\"elementor-post__meta-data\">\n\t\t\t\t\t<span class=\"elementor-post-author\">\n\t\t\tLudmila Baldoni\t\t<\/span>\n\t\t\t\t<\/div>\n\t\t\n\t\t<a class=\"elementor-post__read-more\" href=\"https:\/\/publikaai.com.br\/?p=614\" aria-label=\"Read more about Qual \u00e9 a import\u00e2ncia da assessoria de imprensa para arquitetos?\" tabindex=\"-1\" >\n\t\t\tSaiba mais \u00bb\t\t<\/a>\n\n\t\t\t\t<\/div>\n\t\t\t\t<\/article>\n\t\t\t\t<article class=\"elementor-post elementor-grid-item post-611 post type-post status-publish format-standard has-post-thumbnail hentry category-marketing\">\n\t\t\t\t<a class=\"elementor-post__thumbnail__link\" href=\"https:\/\/publikaai.com.br\/?p=611\" tabindex=\"-1\" >\n\t\t\t<div class=\"elementor-post__thumbnail\"><img loading=\"lazy\" decoding=\"async\" width=\"800\" height=\"400\" src=\"https:\/\/publikaai.com.br\/wp-content\/uploads\/2021\/08\/O-que-e-pauta-jornalistica-1.jpg\" class=\"attachment-full size-full wp-image-603\" alt=\"Estrat\u00e9gias de comunica\u00e7\u00e3o em crise de imagem\" srcset=\"https:\/\/publikaai.com.br\/wp-content\/uploads\/2021\/08\/O-que-e-pauta-jornalistica-1.jpg 800w, https:\/\/publikaai.com.br\/wp-content\/uploads\/2021\/08\/O-que-e-pauta-jornalistica-1-300x150.jpg 300w, https:\/\/publikaai.com.br\/wp-content\/uploads\/2021\/08\/O-que-e-pauta-jornalistica-1-768x384.jpg 768w, https:\/\/publikaai.com.br\/wp-content\/uploads\/2021\/08\/O-que-e-pauta-jornalistica-1-260x130.jpg 260w, https:\/\/publikaai.com.br\/wp-content\/uploads\/2021\/08\/O-que-e-pauta-jornalistica-1-50x25.jpg 50w, https:\/\/publikaai.com.br\/wp-content\/uploads\/2021\/08\/O-que-e-pauta-jornalistica-1-150x75.jpg 150w\" sizes=\"(max-width: 800px) 100vw, 800px\" \/><\/div>\n\t\t<\/a>\n\t\t\t\t<div class=\"elementor-post__text\">\n\t\t\t\t<h3 class=\"elementor-post__title\">\n\t\t\t<a href=\"https:\/\/publikaai.com.br\/?p=611\" >\n\t\t\t\tEstrat\u00e9gias de comunica\u00e7\u00e3o em crise de imagem\t\t\t<\/a>\n\t\t<\/h3>\n\t\t\t\t<div class=\"elementor-post__meta-data\">\n\t\t\t\t\t<span class=\"elementor-post-author\">\n\t\t\tLudmila Baldoni\t\t<\/span>\n\t\t\t\t<\/div>\n\t\t\n\t\t<a class=\"elementor-post__read-more\" href=\"https:\/\/publikaai.com.br\/?p=611\" aria-label=\"Read more about Estrat\u00e9gias de comunica\u00e7\u00e3o em crise de imagem\" tabindex=\"-1\" >\n\t\t\tSaiba mais \u00bb\t\t<\/a>\n\n\t\t\t\t<\/div>\n\t\t\t\t<\/article>\n\t\t\t\t<article class=\"elementor-post elementor-grid-item post-608 post type-post status-publish format-standard has-post-thumbnail hentry category-comunicacao\">\n\t\t\t\t<a class=\"elementor-post__thumbnail__link\" href=\"https:\/\/publikaai.com.br\/?p=608\" tabindex=\"-1\" >\n\t\t\t<div class=\"elementor-post__thumbnail\"><img loading=\"lazy\" decoding=\"async\" width=\"800\" height=\"400\" src=\"https:\/\/publikaai.com.br\/wp-content\/uploads\/2021\/08\/Como-fazer-sugestao-de-pauta-1.jpg\" class=\"attachment-full size-full wp-image-602\" alt=\"Para que serve uma nota de esclarecimento?\" srcset=\"https:\/\/publikaai.com.br\/wp-content\/uploads\/2021\/08\/Como-fazer-sugestao-de-pauta-1.jpg 800w, https:\/\/publikaai.com.br\/wp-content\/uploads\/2021\/08\/Como-fazer-sugestao-de-pauta-1-300x150.jpg 300w, https:\/\/publikaai.com.br\/wp-content\/uploads\/2021\/08\/Como-fazer-sugestao-de-pauta-1-768x384.jpg 768w, https:\/\/publikaai.com.br\/wp-content\/uploads\/2021\/08\/Como-fazer-sugestao-de-pauta-1-260x130.jpg 260w, https:\/\/publikaai.com.br\/wp-content\/uploads\/2021\/08\/Como-fazer-sugestao-de-pauta-1-50x25.jpg 50w, https:\/\/publikaai.com.br\/wp-content\/uploads\/2021\/08\/Como-fazer-sugestao-de-pauta-1-150x75.jpg 150w\" sizes=\"(max-width: 800px) 100vw, 800px\" \/><\/div>\n\t\t<\/a>\n\t\t\t\t<div class=\"elementor-post__text\">\n\t\t\t\t<h3 class=\"elementor-post__title\">\n\t\t\t<a href=\"https:\/\/publikaai.com.br\/?p=608\" >\n\t\t\t\tPara que serve uma nota de esclarecimento?\t\t\t<\/a>\n\t\t<\/h3>\n\t\t\t\t<div class=\"elementor-post__meta-data\">\n\t\t\t\t\t<span class=\"elementor-post-author\">\n\t\t\tLudmila Baldoni\t\t<\/span>\n\t\t\t\t<\/div>\n\t\t\n\t\t<a class=\"elementor-post__read-more\" href=\"https:\/\/publikaai.com.br\/?p=608\" aria-label=\"Read more about Para que serve uma nota de esclarecimento?\" tabindex=\"-1\" >\n\t\t\tSaiba mais \u00bb\t\t<\/a>\n\n\t\t\t\t<\/div>\n\t\t\t\t<\/article>\n\t\t\t\t<article class=\"elementor-post elementor-grid-item post-605 post type-post status-publish format-standard has-post-thumbnail hentry category-imprensa\">\n\t\t\t\t<a class=\"elementor-post__thumbnail__link\" href=\"https:\/\/publikaai.com.br\/?p=605\" tabindex=\"-1\" >\n\t\t\t<div class=\"elementor-post__thumbnail\"><img loading=\"lazy\" decoding=\"async\" width=\"800\" height=\"400\" src=\"https:\/\/publikaai.com.br\/wp-content\/uploads\/2021\/08\/O-que-e-press-kit-1-1.jpg\" class=\"attachment-full size-full wp-image-600\" alt=\"Por que sua empresa precisa de um assessor de imprensa?\" srcset=\"https:\/\/publikaai.com.br\/wp-content\/uploads\/2021\/08\/O-que-e-press-kit-1-1.jpg 800w, https:\/\/publikaai.com.br\/wp-content\/uploads\/2021\/08\/O-que-e-press-kit-1-1-300x150.jpg 300w, https:\/\/publikaai.com.br\/wp-content\/uploads\/2021\/08\/O-que-e-press-kit-1-1-768x384.jpg 768w, https:\/\/publikaai.com.br\/wp-content\/uploads\/2021\/08\/O-que-e-press-kit-1-1-260x130.jpg 260w, https:\/\/publikaai.com.br\/wp-content\/uploads\/2021\/08\/O-que-e-press-kit-1-1-50x25.jpg 50w, https:\/\/publikaai.com.br\/wp-content\/uploads\/2021\/08\/O-que-e-press-kit-1-1-150x75.jpg 150w\" sizes=\"(max-width: 800px) 100vw, 800px\" \/><\/div>\n\t\t<\/a>\n\t\t\t\t<div class=\"elementor-post__text\">\n\t\t\t\t<h3 class=\"elementor-post__title\">\n\t\t\t<a href=\"https:\/\/publikaai.com.br\/?p=605\" >\n\t\t\t\tPor que sua empresa precisa de um assessor de imprensa?\t\t\t<\/a>\n\t\t<\/h3>\n\t\t\t\t<div class=\"elementor-post__meta-data\">\n\t\t\t\t\t<span class=\"elementor-post-author\">\n\t\t\tLudmila Baldoni\t\t<\/span>\n\t\t\t\t<\/div>\n\t\t\n\t\t<a class=\"elementor-post__read-more\" href=\"https:\/\/publikaai.com.br\/?p=605\" aria-label=\"Read more about Por que sua empresa precisa de um assessor de imprensa?\" tabindex=\"-1\" >\n\t\t\tSaiba mais \u00bb\t\t<\/a>\n\n\t\t\t\t<\/div>\n\t\t\t\t<\/article>\n\t\t\t\t<article class=\"elementor-post elementor-grid-item post-583 post type-post status-publish format-standard has-post-thumbnail hentry category-imprensa\">\n\t\t\t\t<a class=\"elementor-post__thumbnail__link\" href=\"https:\/\/publikaai.com.br\/?p=583\" tabindex=\"-1\" >\n\t\t\t<div class=\"elementor-post__thumbnail\"><img loading=\"lazy\" decoding=\"async\" width=\"800\" height=\"400\" src=\"https:\/\/publikaai.com.br\/wp-content\/uploads\/2021\/08\/o-que-e-press-kit-.jpg\" class=\"attachment-full size-full wp-image-570\" alt=\"O que \u00e9 press kit? Para que serve? Por que fazer um?\" srcset=\"https:\/\/publikaai.com.br\/wp-content\/uploads\/2021\/08\/o-que-e-press-kit-.jpg 800w, https:\/\/publikaai.com.br\/wp-content\/uploads\/2021\/08\/o-que-e-press-kit--300x150.jpg 300w, https:\/\/publikaai.com.br\/wp-content\/uploads\/2021\/08\/o-que-e-press-kit--768x384.jpg 768w, https:\/\/publikaai.com.br\/wp-content\/uploads\/2021\/08\/o-que-e-press-kit--260x130.jpg 260w, https:\/\/publikaai.com.br\/wp-content\/uploads\/2021\/08\/o-que-e-press-kit--50x25.jpg 50w, https:\/\/publikaai.com.br\/wp-content\/uploads\/2021\/08\/o-que-e-press-kit--150x75.jpg 150w\" sizes=\"(max-width: 800px) 100vw, 800px\" \/><\/div>\n\t\t<\/a>\n\t\t\t\t<div class=\"elementor-post__text\">\n\t\t\t\t<h3 class=\"elementor-post__title\">\n\t\t\t<a href=\"https:\/\/publikaai.com.br\/?p=583\" >\n\t\t\t\tO que \u00e9 press kit?\t\t\t<\/a>\n\t\t<\/h3>\n\t\t\t\t<div class=\"elementor-post__meta-data\">\n\t\t\t\t\t<span class=\"elementor-post-author\">\n\t\t\tLudmila Baldoni\t\t<\/span>\n\t\t\t\t<\/div>\n\t\t\n\t\t<a class=\"elementor-post__read-more\" href=\"https:\/\/publikaai.com.br\/?p=583\" aria-label=\"Read more about O que \u00e9 press kit?\" tabindex=\"-1\" >\n\t\t\tSaiba mais \u00bb\t\t<\/a>\n\n\t\t\t\t<\/div>\n\t\t\t\t<\/article>\n\t\t\t\t<article class=\"elementor-post elementor-grid-item post-580 post type-post status-publish format-standard has-post-thumbnail hentry category-imprensa\">\n\t\t\t\t<a class=\"elementor-post__thumbnail__link\" href=\"https:\/\/publikaai.com.br\/?p=580\" tabindex=\"-1\" >\n\t\t\t<div class=\"elementor-post__thumbnail\"><img loading=\"lazy\" decoding=\"async\" width=\"800\" height=\"400\" src=\"https:\/\/publikaai.com.br\/wp-content\/uploads\/2021\/08\/Como-fazer-sugestao-de-pauta.jpg\" class=\"attachment-full size-full wp-image-571\" alt=\"Como fazer sugest\u00e3o de pauta?\" srcset=\"https:\/\/publikaai.com.br\/wp-content\/uploads\/2021\/08\/Como-fazer-sugestao-de-pauta.jpg 800w, https:\/\/publikaai.com.br\/wp-content\/uploads\/2021\/08\/Como-fazer-sugestao-de-pauta-300x150.jpg 300w, https:\/\/publikaai.com.br\/wp-content\/uploads\/2021\/08\/Como-fazer-sugestao-de-pauta-768x384.jpg 768w, https:\/\/publikaai.com.br\/wp-content\/uploads\/2021\/08\/Como-fazer-sugestao-de-pauta-260x130.jpg 260w, https:\/\/publikaai.com.br\/wp-content\/uploads\/2021\/08\/Como-fazer-sugestao-de-pauta-50x25.jpg 50w, https:\/\/publikaai.com.br\/wp-content\/uploads\/2021\/08\/Como-fazer-sugestao-de-pauta-150x75.jpg 150w\" sizes=\"(max-width: 800px) 100vw, 800px\" \/><\/div>\n\t\t<\/a>\n\t\t\t\t<div class=\"elementor-post__text\">\n\t\t\t\t<h3 class=\"elementor-post__title\">\n\t\t\t<a href=\"https:\/\/publikaai.com.br\/?p=580\" >\n\t\t\t\tComo fazer sugest\u00e3o de pauta?\t\t\t<\/a>\n\t\t<\/h3>\n\t\t\t\t<div class=\"elementor-post__meta-data\">\n\t\t\t\t\t<span class=\"elementor-post-author\">\n\t\t\tLudmila Baldoni\t\t<\/span>\n\t\t\t\t<\/div>\n\t\t\n\t\t<a class=\"elementor-post__read-more\" href=\"https:\/\/publikaai.com.br\/?p=580\" aria-label=\"Read more about Como fazer sugest\u00e3o de pauta?\" tabindex=\"-1\" >\n\t\t\tSaiba mais \u00bb\t\t<\/a>\n\n\t\t\t\t<\/div>\n\t\t\t\t<\/article>\n\t\t\t\t<article class=\"elementor-post elementor-grid-item post-578 post type-post status-publish format-standard has-post-thumbnail hentry category-imprensa\">\n\t\t\t\t<a class=\"elementor-post__thumbnail__link\" href=\"https:\/\/publikaai.com.br\/?p=578\" tabindex=\"-1\" >\n\t\t\t<div class=\"elementor-post__thumbnail\"><img fetchpriority=\"high\" decoding=\"async\" width=\"800\" height=\"400\" src=\"https:\/\/publikaai.com.br\/wp-content\/uploads\/2021\/08\/O-que-e-pauta-jornalistica.jpg\" class=\"attachment-full size-full wp-image-572\" alt=\"O que \u00e9 pauta jornal\u00edstica\" srcset=\"https:\/\/publikaai.com.br\/wp-content\/uploads\/2021\/08\/O-que-e-pauta-jornalistica.jpg 800w, https:\/\/publikaai.com.br\/wp-content\/uploads\/2021\/08\/O-que-e-pauta-jornalistica-300x150.jpg 300w, https:\/\/publikaai.com.br\/wp-content\/uploads\/2021\/08\/O-que-e-pauta-jornalistica-768x384.jpg 768w, https:\/\/publikaai.com.br\/wp-content\/uploads\/2021\/08\/O-que-e-pauta-jornalistica-260x130.jpg 260w, https:\/\/publikaai.com.br\/wp-content\/uploads\/2021\/08\/O-que-e-pauta-jornalistica-50x25.jpg 50w, https:\/\/publikaai.com.br\/wp-content\/uploads\/2021\/08\/O-que-e-pauta-jornalistica-150x75.jpg 150w\" sizes=\"(max-width: 800px) 100vw, 800px\" \/><\/div>\n\t\t<\/a>\n\t\t\t\t<div class=\"elementor-post__text\">\n\t\t\t\t<h3 class=\"elementor-post__title\">\n\t\t\t<a href=\"https:\/\/publikaai.com.br\/?p=578\" >\n\t\t\t\tO que \u00e9 pauta jornal\u00edstica? Sua empresa precisa dela?\t\t\t<\/a>\n\t\t<\/h3>\n\t\t\t\t<div class=\"elementor-post__meta-data\">\n\t\t\t\t\t<span class=\"elementor-post-author\">\n\t\t\tLudmila Baldoni\t\t<\/span>\n\t\t\t\t<\/div>\n\t\t\n\t\t<a class=\"elementor-post__read-more\" href=\"https:\/\/publikaai.com.br\/?p=578\" aria-label=\"Read more about O que \u00e9 pauta jornal\u00edstica? Sua empresa precisa dela?\" tabindex=\"-1\" >\n\t\t\tSaiba mais \u00bb\t\t<\/a>\n\n\t\t\t\t<\/div>\n\t\t\t\t<\/article>\n\t\t\t\t<article class=\"elementor-post elementor-grid-item post-574 post type-post status-publish format-standard has-post-thumbnail hentry category-imprensa\">\n\t\t\t\t<a class=\"elementor-post__thumbnail__link\" href=\"https:\/\/publikaai.com.br\/?p=574\" tabindex=\"-1\" >\n\t\t\t<div class=\"elementor-post__thumbnail\"><img loading=\"lazy\" decoding=\"async\" width=\"800\" height=\"400\" src=\"https:\/\/publikaai.com.br\/wp-content\/uploads\/2021\/08\/O-que-e-mailing-de-imprensa.jpg\" class=\"attachment-full size-full wp-image-573\" alt=\"O que \u00e9 mailing de imprensa\" srcset=\"https:\/\/publikaai.com.br\/wp-content\/uploads\/2021\/08\/O-que-e-mailing-de-imprensa.jpg 800w, https:\/\/publikaai.com.br\/wp-content\/uploads\/2021\/08\/O-que-e-mailing-de-imprensa-300x150.jpg 300w, https:\/\/publikaai.com.br\/wp-content\/uploads\/2021\/08\/O-que-e-mailing-de-imprensa-768x384.jpg 768w, https:\/\/publikaai.com.br\/wp-content\/uploads\/2021\/08\/O-que-e-mailing-de-imprensa-260x130.jpg 260w, https:\/\/publikaai.com.br\/wp-content\/uploads\/2021\/08\/O-que-e-mailing-de-imprensa-50x25.jpg 50w, https:\/\/publikaai.com.br\/wp-content\/uploads\/2021\/08\/O-que-e-mailing-de-imprensa-150x75.jpg 150w\" sizes=\"(max-width: 800px) 100vw, 800px\" \/><\/div>\n\t\t<\/a>\n\t\t\t\t<div class=\"elementor-post__text\">\n\t\t\t\t<h3 class=\"elementor-post__title\">\n\t\t\t<a href=\"https:\/\/publikaai.com.br\/?p=574\" >\n\t\t\t\tO que \u00e9 mailing de imprensa? Para que serve?\t\t\t<\/a>\n\t\t<\/h3>\n\t\t\t\t<div class=\"elementor-post__meta-data\">\n\t\t\t\t\t<span class=\"elementor-post-author\">\n\t\t\tLudmila Baldoni\t\t<\/span>\n\t\t\t\t<\/div>\n\t\t\n\t\t<a class=\"elementor-post__read-more\" href=\"https:\/\/publikaai.com.br\/?p=574\" aria-label=\"Read more about O que \u00e9 mailing de imprensa? Para que serve?\" tabindex=\"-1\" >\n\t\t\tSaiba mais \u00bb\t\t<\/a>\n\n\t\t\t\t<\/div>\n\t\t\t\t<\/article>\n\t\t\t\t<article class=\"elementor-post elementor-grid-item post-442 post type-post status-publish format-standard has-post-thumbnail hentry category-comunicacao\">\n\t\t\t\t<a class=\"elementor-post__thumbnail__link\" href=\"https:\/\/publikaai.com.br\/?p=442\" tabindex=\"-1\" >\n\t\t\t<div class=\"elementor-post__thumbnail\"><img loading=\"lazy\" decoding=\"async\" width=\"800\" height=\"400\" src=\"https:\/\/publikaai.com.br\/wp-content\/uploads\/2021\/05\/Principais-problemas-de-comunicacao-nas-empresas.jpg\" class=\"attachment-full size-full wp-image-430\" alt=\"Principais problemas de comunica\u00e7\u00e3o nas empresas\" srcset=\"https:\/\/publikaai.com.br\/wp-content\/uploads\/2021\/05\/Principais-problemas-de-comunicacao-nas-empresas.jpg 800w, https:\/\/publikaai.com.br\/wp-content\/uploads\/2021\/05\/Principais-problemas-de-comunicacao-nas-empresas-300x150.jpg 300w, https:\/\/publikaai.com.br\/wp-content\/uploads\/2021\/05\/Principais-problemas-de-comunicacao-nas-empresas-768x384.jpg 768w, https:\/\/publikaai.com.br\/wp-content\/uploads\/2021\/05\/Principais-problemas-de-comunicacao-nas-empresas-260x130.jpg 260w, https:\/\/publikaai.com.br\/wp-content\/uploads\/2021\/05\/Principais-problemas-de-comunicacao-nas-empresas-50x25.jpg 50w, https:\/\/publikaai.com.br\/wp-content\/uploads\/2021\/05\/Principais-problemas-de-comunicacao-nas-empresas-150x75.jpg 150w\" sizes=\"(max-width: 800px) 100vw, 800px\" \/><\/div>\n\t\t<\/a>\n\t\t\t\t<div class=\"elementor-post__text\">\n\t\t\t\t<h3 class=\"elementor-post__title\">\n\t\t\t<a href=\"https:\/\/publikaai.com.br\/?p=442\" >\n\t\t\t\tPrincipais problemas de comunica\u00e7\u00e3o nas empresas\t\t\t<\/a>\n\t\t<\/h3>\n\t\t\t\t<div class=\"elementor-post__meta-data\">\n\t\t\t\t\t<span class=\"elementor-post-author\">\n\t\t\tLudmila Baldoni\t\t<\/span>\n\t\t\t\t<\/div>\n\t\t\n\t\t<a class=\"elementor-post__read-more\" href=\"https:\/\/publikaai.com.br\/?p=442\" aria-label=\"Read more about Principais problemas de comunica\u00e7\u00e3o nas empresas\" tabindex=\"-1\" >\n\t\t\tSaiba mais \u00bb\t\t<\/a>\n\n\t\t\t\t<\/div>\n\t\t\t\t<\/article>\n\t\t\t\t<article class=\"elementor-post elementor-grid-item post-439 post type-post status-publish format-standard has-post-thumbnail hentry category-imprensa\">\n\t\t\t\t<a class=\"elementor-post__thumbnail__link\" href=\"https:\/\/publikaai.com.br\/?p=439\" tabindex=\"-1\" >\n\t\t\t<div class=\"elementor-post__thumbnail\"><img loading=\"lazy\" decoding=\"async\" width=\"800\" height=\"400\" src=\"https:\/\/publikaai.com.br\/wp-content\/uploads\/2021\/05\/Como-funciona-uma-assessoria-de-imprensa.jpg\" class=\"attachment-full size-full wp-image-431\" alt=\"Como funciona uma assessoria de imprensa?\" srcset=\"https:\/\/publikaai.com.br\/wp-content\/uploads\/2021\/05\/Como-funciona-uma-assessoria-de-imprensa.jpg 800w, https:\/\/publikaai.com.br\/wp-content\/uploads\/2021\/05\/Como-funciona-uma-assessoria-de-imprensa-300x150.jpg 300w, https:\/\/publikaai.com.br\/wp-content\/uploads\/2021\/05\/Como-funciona-uma-assessoria-de-imprensa-768x384.jpg 768w, https:\/\/publikaai.com.br\/wp-content\/uploads\/2021\/05\/Como-funciona-uma-assessoria-de-imprensa-260x130.jpg 260w, https:\/\/publikaai.com.br\/wp-content\/uploads\/2021\/05\/Como-funciona-uma-assessoria-de-imprensa-50x25.jpg 50w, https:\/\/publikaai.com.br\/wp-content\/uploads\/2021\/05\/Como-funciona-uma-assessoria-de-imprensa-150x75.jpg 150w\" sizes=\"(max-width: 800px) 100vw, 800px\" \/><\/div>\n\t\t<\/a>\n\t\t\t\t<div class=\"elementor-post__text\">\n\t\t\t\t<h3 class=\"elementor-post__title\">\n\t\t\t<a href=\"https:\/\/publikaai.com.br\/?p=439\" >\n\t\t\t\tComo funciona uma assessoria de imprensa?\t\t\t<\/a>\n\t\t<\/h3>\n\t\t\t\t<div class=\"elementor-post__meta-data\">\n\t\t\t\t\t<span class=\"elementor-post-author\">\n\t\t\tLudmila Baldoni\t\t<\/span>\n\t\t\t\t<\/div>\n\t\t\n\t\t<a class=\"elementor-post__read-more\" href=\"https:\/\/publikaai.com.br\/?p=439\" aria-label=\"Read more about Como funciona uma assessoria de imprensa?\" tabindex=\"-1\" >\n\t\t\tSaiba mais \u00bb\t\t<\/a>\n\n\t\t\t\t<\/div>\n\t\t\t\t<\/article>\n\t\t\t\t<article class=\"elementor-post elementor-grid-item post-436 post type-post status-publish format-standard has-post-thumbnail hentry category-marketing\">\n\t\t\t\t<a class=\"elementor-post__thumbnail__link\" href=\"https:\/\/publikaai.com.br\/?p=436\" tabindex=\"-1\" >\n\t\t\t<div class=\"elementor-post__thumbnail\"><img loading=\"lazy\" decoding=\"async\" width=\"800\" height=\"400\" src=\"https:\/\/publikaai.com.br\/wp-content\/uploads\/2021\/05\/gatilhos-mentais-poderosos-para-influenciar-pessoas.jpg\" class=\"attachment-full size-full wp-image-432\" alt=\"gatilhos mentais poderosos para influenciar pessoas\" srcset=\"https:\/\/publikaai.com.br\/wp-content\/uploads\/2021\/05\/gatilhos-mentais-poderosos-para-influenciar-pessoas.jpg 800w, https:\/\/publikaai.com.br\/wp-content\/uploads\/2021\/05\/gatilhos-mentais-poderosos-para-influenciar-pessoas-300x150.jpg 300w, https:\/\/publikaai.com.br\/wp-content\/uploads\/2021\/05\/gatilhos-mentais-poderosos-para-influenciar-pessoas-768x384.jpg 768w, https:\/\/publikaai.com.br\/wp-content\/uploads\/2021\/05\/gatilhos-mentais-poderosos-para-influenciar-pessoas-260x130.jpg 260w, https:\/\/publikaai.com.br\/wp-content\/uploads\/2021\/05\/gatilhos-mentais-poderosos-para-influenciar-pessoas-50x25.jpg 50w, https:\/\/publikaai.com.br\/wp-content\/uploads\/2021\/05\/gatilhos-mentais-poderosos-para-influenciar-pessoas-150x75.jpg 150w\" sizes=\"(max-width: 800px) 100vw, 800px\" \/><\/div>\n\t\t<\/a>\n\t\t\t\t<div class=\"elementor-post__text\">\n\t\t\t\t<h3 class=\"elementor-post__title\">\n\t\t\t<a href=\"https:\/\/publikaai.com.br\/?p=436\" >\n\t\t\t\t7 gatilhos mentais poderosos para influenciar pessoas\t\t\t<\/a>\n\t\t<\/h3>\n\t\t\t\t<div class=\"elementor-post__meta-data\">\n\t\t\t\t\t<span class=\"elementor-post-author\">\n\t\t\tLudmila Baldoni\t\t<\/span>\n\t\t\t\t<\/div>\n\t\t\n\t\t<a class=\"elementor-post__read-more\" href=\"https:\/\/publikaai.com.br\/?p=436\" aria-label=\"Read more about 7 gatilhos mentais poderosos para influenciar pessoas\" tabindex=\"-1\" >\n\t\t\tSaiba mais \u00bb\t\t<\/a>\n\n\t\t\t\t<\/div>\n\t\t\t\t<\/article>\n\t\t\t\t<article class=\"elementor-post elementor-grid-item post-434 post type-post status-publish format-standard has-post-thumbnail hentry category-comunicacao\">\n\t\t\t\t<a class=\"elementor-post__thumbnail__link\" href=\"https:\/\/publikaai.com.br\/?p=434\" tabindex=\"-1\" >\n\t\t\t<div class=\"elementor-post__thumbnail\"><img loading=\"lazy\" decoding=\"async\" width=\"800\" height=\"400\" src=\"https:\/\/publikaai.com.br\/wp-content\/uploads\/2021\/05\/O-que-e-editorial.jpg\" class=\"attachment-full size-full wp-image-433\" alt=\"O que \u00e9 editorial\" srcset=\"https:\/\/publikaai.com.br\/wp-content\/uploads\/2021\/05\/O-que-e-editorial.jpg 800w, https:\/\/publikaai.com.br\/wp-content\/uploads\/2021\/05\/O-que-e-editorial-300x150.jpg 300w, https:\/\/publikaai.com.br\/wp-content\/uploads\/2021\/05\/O-que-e-editorial-768x384.jpg 768w, https:\/\/publikaai.com.br\/wp-content\/uploads\/2021\/05\/O-que-e-editorial-260x130.jpg 260w, https:\/\/publikaai.com.br\/wp-content\/uploads\/2021\/05\/O-que-e-editorial-50x25.jpg 50w, https:\/\/publikaai.com.br\/wp-content\/uploads\/2021\/05\/O-que-e-editorial-150x75.jpg 150w\" sizes=\"(max-width: 800px) 100vw, 800px\" \/><\/div>\n\t\t<\/a>\n\t\t\t\t<div class=\"elementor-post__text\">\n\t\t\t\t<h3 class=\"elementor-post__title\">\n\t\t\t<a href=\"https:\/\/publikaai.com.br\/?p=434\" >\n\t\t\t\tO que \u00e9 um editorial?\t\t\t<\/a>\n\t\t<\/h3>\n\t\t\t\t<div class=\"elementor-post__meta-data\">\n\t\t\t\t\t<span class=\"elementor-post-author\">\n\t\t\tLudmila Baldoni\t\t<\/span>\n\t\t\t\t<\/div>\n\t\t\n\t\t<a class=\"elementor-post__read-more\" href=\"https:\/\/publikaai.com.br\/?p=434\" aria-label=\"Read more about O que \u00e9 um editorial?\" tabindex=\"-1\" >\n\t\t\tSaiba mais \u00bb\t\t<\/a>\n\n\t\t\t\t<\/div>\n\t\t\t\t<\/article>\n\t\t\t\t<article class=\"elementor-post elementor-grid-item post-427 post type-post status-publish format-standard has-post-thumbnail hentry category-comunicacao\">\n\t\t\t\t<a class=\"elementor-post__thumbnail__link\" href=\"https:\/\/publikaai.com.br\/?p=427\" tabindex=\"-1\" >\n\t\t\t<div class=\"elementor-post__thumbnail\"><img loading=\"lazy\" decoding=\"async\" width=\"800\" height=\"400\" src=\"https:\/\/publikaai.com.br\/wp-content\/uploads\/2021\/05\/o-que-e-rp.jpg\" class=\"attachment-full size-full wp-image-426\" alt=\"o que \u00e9 rp\" srcset=\"https:\/\/publikaai.com.br\/wp-content\/uploads\/2021\/05\/o-que-e-rp.jpg 800w, https:\/\/publikaai.com.br\/wp-content\/uploads\/2021\/05\/o-que-e-rp-300x150.jpg 300w, https:\/\/publikaai.com.br\/wp-content\/uploads\/2021\/05\/o-que-e-rp-768x384.jpg 768w, https:\/\/publikaai.com.br\/wp-content\/uploads\/2021\/05\/o-que-e-rp-260x130.jpg 260w, https:\/\/publikaai.com.br\/wp-content\/uploads\/2021\/05\/o-que-e-rp-50x25.jpg 50w, https:\/\/publikaai.com.br\/wp-content\/uploads\/2021\/05\/o-que-e-rp-150x75.jpg 150w\" sizes=\"(max-width: 800px) 100vw, 800px\" \/><\/div>\n\t\t<\/a>\n\t\t\t\t<div class=\"elementor-post__text\">\n\t\t\t\t<h3 class=\"elementor-post__title\">\n\t\t\t<a href=\"https:\/\/publikaai.com.br\/?p=427\" >\n\t\t\t\tO que \u00e9 RP ou PR? Entenda o significado e atividades desse profissional\t\t\t<\/a>\n\t\t<\/h3>\n\t\t\t\t<div class=\"elementor-post__meta-data\">\n\t\t\t\t\t<span class=\"elementor-post-author\">\n\t\t\tLudmila Baldoni\t\t<\/span>\n\t\t\t\t<\/div>\n\t\t\n\t\t<a class=\"elementor-post__read-more\" href=\"https:\/\/publikaai.com.br\/?p=427\" aria-label=\"Read more about O que \u00e9 RP ou PR? Entenda o significado e atividades desse profissional\" tabindex=\"-1\" >\n\t\t\tSaiba mais \u00bb\t\t<\/a>\n\n\t\t\t\t<\/div>\n\t\t\t\t<\/article>\n\t\t\t\t<\/div>\n\t\t\n\t\t\t\t\t\t<\/div>\n\t\t\t\t<\/div>\n\t\t\t\t\t<\/div>\n\t\t<\/div>\n\t\t\t\t\t<\/div>\n\t\t<\/section>\n\t\t\t\t\t<\/div>\n\t\t<\/div>\n\t\t\t\t\t<\/div>\n\t\t<\/section>\n\t\t\t\t<\/div>\n\t\t","protected":false},"excerpt":{"rendered":"<p>Este \u00e9 o documento base para o trabalho de um jornalista e pode ser produzido internamente pelo ve\u00edculo ou enviado por empresas. Entenda mais!<\/p>\n","protected":false},"author":3,"featured_media":572,"comment_status":"open","ping_status":"open","sticky":false,"template":"elementor_canvas","format":"standard","meta":{"_joinchat":[],"footnotes":""},"categories":[3],"tags":[],"class_list":["post-578","post","type-post","status-publish","format-standard","has-post-thumbnail","hentry","category-imprensa"],"yoast_head":"<!-- This site is optimized with the Yoast SEO plugin v20.8 - https:\/\/yoast.com\/wordpress\/plugins\/seo\/ -->\n<title>O que \u00e9 pauta jornal\u00edstica? Como us\u00e1-la na sua estrat\u00e9gia comercial?<\/title>\n<meta name=\"description\" content=\"Este \u00e9 o documento base para o trabalho de um jornalista e pode ser produzido internamente pelo ve\u00edculo ou enviado por empresas. Entenda mais!\" \/>\n<meta name=\"robots\" content=\"index, follow, max-snippet:-1, max-image-preview:large, max-video-preview:-1\" \/>\n<link rel=\"canonical\" href=\"https:\/\/publikaai.com.br\/?p=578\" \/>\n<meta property=\"og:locale\" content=\"pt_BR\" \/>\n<meta property=\"og:type\" content=\"article\" \/>\n<meta property=\"og:title\" content=\"O que \u00e9 pauta jornal\u00edstica? Como us\u00e1-la na sua estrat\u00e9gia comercial?\" \/>\n<meta property=\"og:description\" content=\"Este \u00e9 o documento base para o trabalho de um jornalista e pode ser produzido internamente pelo ve\u00edculo ou enviado por empresas. Entenda mais!\" \/>\n<meta property=\"og:url\" content=\"https:\/\/publikaai.com.br\/?p=578\" \/>\n<meta property=\"og:site_name\" content=\"Publika.a\u00ed Comunica\u00e7\u00e3o\" \/>\n<meta property=\"article:published_time\" content=\"2021-08-05T14:43:24+00:00\" \/>\n<meta property=\"article:modified_time\" content=\"2023-03-10T16:31:19+00:00\" \/>\n<meta property=\"og:image\" content=\"https:\/\/publikaai.com.br\/wp-content\/uploads\/2021\/08\/O-que-e-pauta-jornalistica.jpg\" \/>\n\t<meta property=\"og:image:width\" content=\"800\" \/>\n\t<meta property=\"og:image:height\" content=\"400\" \/>\n\t<meta property=\"og:image:type\" content=\"image\/jpeg\" \/>\n<meta name=\"author\" content=\"Ludmila Baldoni\" \/>\n<meta name=\"twitter:card\" content=\"summary_large_image\" \/>\n<meta name=\"twitter:label1\" content=\"Escrito por\" \/>\n\t<meta name=\"twitter:data1\" content=\"Ludmila Baldoni\" \/>\n\t<meta name=\"twitter:label2\" content=\"Est. tempo de leitura\" \/>\n\t<meta name=\"twitter:data2\" content=\"12 minutos\" \/>\n<script type=\"application\/ld+json\" class=\"yoast-schema-graph\">{\"@context\":\"https:\/\/schema.org\",\"@graph\":[{\"@type\":\"Article\",\"@id\":\"https:\/\/publikaai.com.br\/?p=578#article\",\"isPartOf\":{\"@id\":\"https:\/\/publikaai.com.br\/?p=578\"},\"author\":{\"name\":\"Ludmila Baldoni\",\"@id\":\"https:\/\/publikaai.com.br\/#\/schema\/person\/2a77ee012024d58d7df0e1f5e29da70a\"},\"headline\":\"O que \u00e9 pauta jornal\u00edstica? Sua empresa precisa dela?\",\"datePublished\":\"2021-08-05T14:43:24+00:00\",\"dateModified\":\"2023-03-10T16:31:19+00:00\",\"mainEntityOfPage\":{\"@id\":\"https:\/\/publikaai.com.br\/?p=578\"},\"wordCount\":1204,\"commentCount\":0,\"publisher\":{\"@id\":\"https:\/\/publikaai.com.br\/#organization\"},\"articleSection\":[\"Imprensa\"],\"inLanguage\":\"pt-BR\",\"potentialAction\":[{\"@type\":\"CommentAction\",\"name\":\"Comment\",\"target\":[\"https:\/\/publikaai.com.br\/?p=578#respond\"]}]},{\"@type\":\"WebPage\",\"@id\":\"https:\/\/publikaai.com.br\/?p=578\",\"url\":\"https:\/\/publikaai.com.br\/?p=578\",\"name\":\"O que \u00e9 pauta jornal\u00edstica? Como us\u00e1-la na sua estrat\u00e9gia comercial?\",\"isPartOf\":{\"@id\":\"https:\/\/publikaai.com.br\/#website\"},\"datePublished\":\"2021-08-05T14:43:24+00:00\",\"dateModified\":\"2023-03-10T16:31:19+00:00\",\"description\":\"Este \u00e9 o documento base para o trabalho de um jornalista e pode ser produzido internamente pelo ve\u00edculo ou enviado por empresas. Entenda mais!\",\"breadcrumb\":{\"@id\":\"https:\/\/publikaai.com.br\/?p=578#breadcrumb\"},\"inLanguage\":\"pt-BR\",\"potentialAction\":[{\"@type\":\"ReadAction\",\"target\":[\"https:\/\/publikaai.com.br\/?p=578\"]}]},{\"@type\":\"BreadcrumbList\",\"@id\":\"https:\/\/publikaai.com.br\/?p=578#breadcrumb\",\"itemListElement\":[{\"@type\":\"ListItem\",\"position\":1,\"name\":\"In\u00edcio\",\"item\":\"https:\/\/publikaai.com.br\/\"},{\"@type\":\"ListItem\",\"position\":2,\"name\":\"O que \u00e9 pauta jornal\u00edstica? Sua empresa precisa dela?\"}]},{\"@type\":\"WebSite\",\"@id\":\"https:\/\/publikaai.com.br\/#website\",\"url\":\"https:\/\/publikaai.com.br\/\",\"name\":\"Publika.a\u00ed Comunica\u00e7\u00e3o e Marketing\",\"description\":\"Uma ag\u00eancia com foco em resultado, n\u00e3o segmentada e que transita com facilidade em todos os canais e ve\u00edculos de comunica\u00e7\u00e3o.\",\"publisher\":{\"@id\":\"https:\/\/publikaai.com.br\/#organization\"},\"potentialAction\":[{\"@type\":\"SearchAction\",\"target\":{\"@type\":\"EntryPoint\",\"urlTemplate\":\"https:\/\/publikaai.com.br\/?s={search_term_string}\"},\"query-input\":\"required name=search_term_string\"}],\"inLanguage\":\"pt-BR\"},{\"@type\":\"Organization\",\"@id\":\"https:\/\/publikaai.com.br\/#organization\",\"name\":\"Publika.a\u00ed Comunica\u00e7\u00e3o e Marketing\",\"url\":\"https:\/\/publikaai.com.br\/\",\"logo\":{\"@type\":\"ImageObject\",\"inLanguage\":\"pt-BR\",\"@id\":\"https:\/\/publikaai.com.br\/#\/schema\/logo\/image\/\",\"url\":\"https:\/\/publikaai.com.br\/wp-content\/uploads\/2023\/03\/cropped-publika_ai.webp\",\"contentUrl\":\"https:\/\/publikaai.com.br\/wp-content\/uploads\/2023\/03\/cropped-publika_ai.webp\",\"width\":1350,\"height\":352,\"caption\":\"Publika.a\u00ed Comunica\u00e7\u00e3o e Marketing\"},\"image\":{\"@id\":\"https:\/\/publikaai.com.br\/#\/schema\/logo\/image\/\"},\"sameAs\":[\"https:\/\/www.instagram.com\/publika.ai\"]},{\"@type\":\"Person\",\"@id\":\"https:\/\/publikaai.com.br\/#\/schema\/person\/2a77ee012024d58d7df0e1f5e29da70a\",\"name\":\"Ludmila Baldoni\",\"image\":{\"@type\":\"ImageObject\",\"inLanguage\":\"pt-BR\",\"@id\":\"https:\/\/publikaai.com.br\/#\/schema\/person\/image\/\",\"url\":\"https:\/\/secure.gravatar.com\/avatar\/729ce976da06ee45293a97cfb2794a36?s=96&d=mm&r=g\",\"contentUrl\":\"https:\/\/secure.gravatar.com\/avatar\/729ce976da06ee45293a97cfb2794a36?s=96&d=mm&r=g\",\"caption\":\"Ludmila Baldoni\"},\"description\":\"Comunicativa por natureza ingressou na faculdade de jornalismo ciente do que queria para a sua trajet\u00f3ria profissional e desde ent\u00e3o, a assessoria de imprensa se tornou sua grande paix\u00e3o. Com mais de quinze anos de experi\u00eancia, j\u00e1 atuou como consultora em projetos de comunica\u00e7\u00e3o, coordenou e liderou equipes de jornalistas, organizou feiras e eventos, gerenciou a\u00e7\u00f5es de marketing em todo o pa\u00eds. Durante seis foi anos foi s\u00f3cia de uma assessoria de imprensa e recentemente decidiu buscar v\u00f4os mais altos e fundou a Publika\u00ed, uma ag\u00eancia que tem como miss\u00e3o encontrar solu\u00e7\u00f5es de comunica\u00e7\u00e3o atrav\u00e9s de modelos multissetorias.\",\"url\":\"https:\/\/publikaai.com.br\/?author=3\"}]}<\/script>\n<!-- \/ Yoast SEO plugin. -->","yoast_head_json":{"title":"O que \u00e9 pauta jornal\u00edstica? Como us\u00e1-la na sua estrat\u00e9gia comercial?","description":"Este \u00e9 o documento base para o trabalho de um jornalista e pode ser produzido internamente pelo ve\u00edculo ou enviado por empresas. Entenda mais!","robots":{"index":"index","follow":"follow","max-snippet":"max-snippet:-1","max-image-preview":"max-image-preview:large","max-video-preview":"max-video-preview:-1"},"canonical":"https:\/\/publikaai.com.br\/?p=578","og_locale":"pt_BR","og_type":"article","og_title":"O que \u00e9 pauta jornal\u00edstica? Como us\u00e1-la na sua estrat\u00e9gia comercial?","og_description":"Este \u00e9 o documento base para o trabalho de um jornalista e pode ser produzido internamente pelo ve\u00edculo ou enviado por empresas. Entenda mais!","og_url":"https:\/\/publikaai.com.br\/?p=578","og_site_name":"Publika.a\u00ed Comunica\u00e7\u00e3o","article_published_time":"2021-08-05T14:43:24+00:00","article_modified_time":"2023-03-10T16:31:19+00:00","og_image":[{"width":800,"height":400,"url":"https:\/\/publikaai.com.br\/wp-content\/uploads\/2021\/08\/O-que-e-pauta-jornalistica.jpg","type":"image\/jpeg"}],"author":"Ludmila Baldoni","twitter_card":"summary_large_image","twitter_misc":{"Escrito por":"Ludmila Baldoni","Est. tempo de leitura":"12 minutos"},"schema":{"@context":"https:\/\/schema.org","@graph":[{"@type":"Article","@id":"https:\/\/publikaai.com.br\/?p=578#article","isPartOf":{"@id":"https:\/\/publikaai.com.br\/?p=578"},"author":{"name":"Ludmila Baldoni","@id":"https:\/\/publikaai.com.br\/#\/schema\/person\/2a77ee012024d58d7df0e1f5e29da70a"},"headline":"O que \u00e9 pauta jornal\u00edstica? Sua empresa precisa dela?","datePublished":"2021-08-05T14:43:24+00:00","dateModified":"2023-03-10T16:31:19+00:00","mainEntityOfPage":{"@id":"https:\/\/publikaai.com.br\/?p=578"},"wordCount":1204,"commentCount":0,"publisher":{"@id":"https:\/\/publikaai.com.br\/#organization"},"articleSection":["Imprensa"],"inLanguage":"pt-BR","potentialAction":[{"@type":"CommentAction","name":"Comment","target":["https:\/\/publikaai.com.br\/?p=578#respond"]}]},{"@type":"WebPage","@id":"https:\/\/publikaai.com.br\/?p=578","url":"https:\/\/publikaai.com.br\/?p=578","name":"O que \u00e9 pauta jornal\u00edstica? Como us\u00e1-la na sua estrat\u00e9gia comercial?","isPartOf":{"@id":"https:\/\/publikaai.com.br\/#website"},"datePublished":"2021-08-05T14:43:24+00:00","dateModified":"2023-03-10T16:31:19+00:00","description":"Este \u00e9 o documento base para o trabalho de um jornalista e pode ser produzido internamente pelo ve\u00edculo ou enviado por empresas. Entenda mais!","breadcrumb":{"@id":"https:\/\/publikaai.com.br\/?p=578#breadcrumb"},"inLanguage":"pt-BR","potentialAction":[{"@type":"ReadAction","target":["https:\/\/publikaai.com.br\/?p=578"]}]},{"@type":"BreadcrumbList","@id":"https:\/\/publikaai.com.br\/?p=578#breadcrumb","itemListElement":[{"@type":"ListItem","position":1,"name":"In\u00edcio","item":"https:\/\/publikaai.com.br\/"},{"@type":"ListItem","position":2,"name":"O que \u00e9 pauta jornal\u00edstica? Sua empresa precisa dela?"}]},{"@type":"WebSite","@id":"https:\/\/publikaai.com.br\/#website","url":"https:\/\/publikaai.com.br\/","name":"Publika.a\u00ed Comunica\u00e7\u00e3o e Marketing","description":"Uma ag\u00eancia com foco em resultado, n\u00e3o segmentada e que transita com facilidade em todos os canais e ve\u00edculos de comunica\u00e7\u00e3o.","publisher":{"@id":"https:\/\/publikaai.com.br\/#organization"},"potentialAction":[{"@type":"SearchAction","target":{"@type":"EntryPoint","urlTemplate":"https:\/\/publikaai.com.br\/?s={search_term_string}"},"query-input":"required name=search_term_string"}],"inLanguage":"pt-BR"},{"@type":"Organization","@id":"https:\/\/publikaai.com.br\/#organization","name":"Publika.a\u00ed Comunica\u00e7\u00e3o e Marketing","url":"https:\/\/publikaai.com.br\/","logo":{"@type":"ImageObject","inLanguage":"pt-BR","@id":"https:\/\/publikaai.com.br\/#\/schema\/logo\/image\/","url":"https:\/\/publikaai.com.br\/wp-content\/uploads\/2023\/03\/cropped-publika_ai.webp","contentUrl":"https:\/\/publikaai.com.br\/wp-content\/uploads\/2023\/03\/cropped-publika_ai.webp","width":1350,"height":352,"caption":"Publika.a\u00ed Comunica\u00e7\u00e3o e Marketing"},"image":{"@id":"https:\/\/publikaai.com.br\/#\/schema\/logo\/image\/"},"sameAs":["https:\/\/www.instagram.com\/publika.ai"]},{"@type":"Person","@id":"https:\/\/publikaai.com.br\/#\/schema\/person\/2a77ee012024d58d7df0e1f5e29da70a","name":"Ludmila Baldoni","image":{"@type":"ImageObject","inLanguage":"pt-BR","@id":"https:\/\/publikaai.com.br\/#\/schema\/person\/image\/","url":"https:\/\/secure.gravatar.com\/avatar\/729ce976da06ee45293a97cfb2794a36?s=96&d=mm&r=g","contentUrl":"https:\/\/secure.gravatar.com\/avatar\/729ce976da06ee45293a97cfb2794a36?s=96&d=mm&r=g","caption":"Ludmila Baldoni"},"description":"Comunicativa por natureza ingressou na faculdade de jornalismo ciente do que queria para a sua trajet\u00f3ria profissional e desde ent\u00e3o, a assessoria de imprensa se tornou sua grande paix\u00e3o. Com mais de quinze anos de experi\u00eancia, j\u00e1 atuou como consultora em projetos de comunica\u00e7\u00e3o, coordenou e liderou equipes de jornalistas, organizou feiras e eventos, gerenciou a\u00e7\u00f5es de marketing em todo o pa\u00eds. Durante seis foi anos foi s\u00f3cia de uma assessoria de imprensa e recentemente decidiu buscar v\u00f4os mais altos e fundou a Publika\u00ed, uma ag\u00eancia que tem como miss\u00e3o encontrar solu\u00e7\u00f5es de comunica\u00e7\u00e3o atrav\u00e9s de modelos multissetorias.","url":"https:\/\/publikaai.com.br\/?author=3"}]}},"_links":{"self":[{"href":"https:\/\/publikaai.com.br\/index.php?rest_route=\/wp\/v2\/posts\/578","targetHints":{"allow":["GET"]}}],"collection":[{"href":"https:\/\/publikaai.com.br\/index.php?rest_route=\/wp\/v2\/posts"}],"about":[{"href":"https:\/\/publikaai.com.br\/index.php?rest_route=\/wp\/v2\/types\/post"}],"author":[{"embeddable":true,"href":"https:\/\/publikaai.com.br\/index.php?rest_route=\/wp\/v2\/users\/3"}],"replies":[{"embeddable":true,"href":"https:\/\/publikaai.com.br\/index.php?rest_route=%2Fwp%2Fv2%2Fcomments&post=578"}],"version-history":[{"count":10,"href":"https:\/\/publikaai.com.br\/index.php?rest_route=\/wp\/v2\/posts\/578\/revisions"}],"predecessor-version":[{"id":1097,"href":"https:\/\/publikaai.com.br\/index.php?rest_route=\/wp\/v2\/posts\/578\/revisions\/1097"}],"wp:featuredmedia":[{"embeddable":true,"href":"https:\/\/publikaai.com.br\/index.php?rest_route=\/wp\/v2\/media\/572"}],"wp:attachment":[{"href":"https:\/\/publikaai.com.br\/index.php?rest_route=%2Fwp%2Fv2%2Fmedia&parent=578"}],"wp:term":[{"taxonomy":"category","embeddable":true,"href":"https:\/\/publikaai.com.br\/index.php?rest_route=%2Fwp%2Fv2%2Fcategories&post=578"},{"taxonomy":"post_tag","embeddable":true,"href":"https:\/\/publikaai.com.br\/index.php?rest_route=%2Fwp%2Fv2%2Ftags&post=578"}],"curies":[{"name":"wp","href":"https:\/\/api.w.org\/{rel}","templated":true}]}}