{"id":583,"date":"2021-08-05T12:01:53","date_gmt":"2021-08-05T15:01:53","guid":{"rendered":"https:\/\/publikaai.com.br\/?p=583"},"modified":"2023-03-10T13:29:08","modified_gmt":"2023-03-10T16:29:08","slug":"press-kit","status":"publish","type":"post","link":"https:\/\/publikaai.com.br\/?p=583","title":{"rendered":"O que \u00e9 press kit?"},"content":{"rendered":"\t\t<div data-elementor-type=\"wp-post\" data-elementor-id=\"583\" class=\"elementor elementor-583\" data-elementor-post-type=\"post\">\n\t\t\t\t\t\t<section class=\"elementor-section elementor-top-section elementor-element elementor-element-5b4591aa elementor-section-boxed elementor-section-height-default elementor-section-height-default\" data-id=\"5b4591aa\" data-element_type=\"section\">\n\t\t\t\t\t\t<div class=\"elementor-container elementor-column-gap-default\">\n\t\t\t\t\t<div class=\"elementor-column elementor-col-100 elementor-top-column elementor-element elementor-element-2936aeb4\" data-id=\"2936aeb4\" data-element_type=\"column\">\n\t\t\t<div class=\"elementor-widget-wrap\">\n\t\t\t\t\t\t\t<\/div>\n\t\t<\/div>\n\t\t\t\t\t<\/div>\n\t\t<\/section>\n\t\t\t\t<section class=\"elementor-section elementor-top-section elementor-element elementor-element-43a1f526 elementor-section-boxed elementor-section-height-default elementor-section-height-default\" data-id=\"43a1f526\" data-element_type=\"section\" data-settings=\"{&quot;background_background&quot;:&quot;classic&quot;}\">\n\t\t\t\t\t\t\t<div class=\"elementor-background-overlay\"><\/div>\n\t\t\t\t\t\t\t<div class=\"elementor-container elementor-column-gap-default\">\n\t\t\t\t\t<div class=\"elementor-column elementor-col-100 elementor-top-column elementor-element elementor-element-b55cb29\" data-id=\"b55cb29\" data-element_type=\"column\">\n\t\t\t<div class=\"elementor-widget-wrap elementor-element-populated\">\n\t\t\t\t\t\t<div class=\"elementor-element elementor-element-5551483f elementor-invisible elementor-widget elementor-widget-heading\" data-id=\"5551483f\" data-element_type=\"widget\" data-settings=\"{&quot;_animation&quot;:&quot;fadeInUp&quot;}\" data-widget_type=\"heading.default\">\n\t\t\t\t<div class=\"elementor-widget-container\">\n\t\t\t\t\t<h6 class=\"elementor-heading-title elementor-size-default\"><a href=\"https:\/\/publikaai.com.br\/?cat=3\" rel=\"tag\">Imprensa<\/a><\/h6>\t\t\t\t<\/div>\n\t\t\t\t<\/div>\n\t\t\t\t<div class=\"elementor-element elementor-element-7aae667e elementor-invisible elementor-widget elementor-widget-theme-post-title elementor-page-title elementor-widget-heading\" data-id=\"7aae667e\" data-element_type=\"widget\" data-settings=\"{&quot;_animation&quot;:&quot;fadeInRight&quot;}\" data-widget_type=\"theme-post-title.default\">\n\t\t\t\t<div class=\"elementor-widget-container\">\n\t\t\t\t\t<h1 class=\"elementor-heading-title elementor-size-default\">O que \u00e9 press kit?<\/h1>\t\t\t\t<\/div>\n\t\t\t\t<\/div>\n\t\t\t\t<div class=\"elementor-element elementor-element-4ed4843f elementor-invisible elementor-widget elementor-widget-post-info\" data-id=\"4ed4843f\" data-element_type=\"widget\" data-settings=\"{&quot;_animation&quot;:&quot;fadeInDown&quot;}\" data-widget_type=\"post-info.default\">\n\t\t\t\t<div class=\"elementor-widget-container\">\n\t\t\t\t\t\t\t<ul class=\"elementor-inline-items elementor-icon-list-items elementor-post-info\">\n\t\t\t\t\t\t\t\t<li class=\"elementor-icon-list-item elementor-repeater-item-78f1a26 elementor-inline-item\" itemprop=\"author\">\n\t\t\t\t\t\t<a href=\"https:\/\/publikaai.com.br\/?author=3\">\n\t\t\t\t\t\t\t\t\t\t\t<span class=\"elementor-icon-list-icon\">\n\t\t\t\t\t\t\t\t<i aria-hidden=\"true\" class=\"material-icons md-verified\" data-md-icon=\"verified\"><\/i>\t\t\t\t\t\t\t<\/span>\n\t\t\t\t\t\t\t\t\t<span class=\"elementor-icon-list-text elementor-post-info__item elementor-post-info__item--type-author\">\n\t\t\t\t\t\t\t\t\t\tLudmila Baldoni\t\t\t\t\t<\/span>\n\t\t\t\t\t\t\t\t\t<\/a>\n\t\t\t\t<\/li>\n\t\t\t\t<li class=\"elementor-icon-list-item elementor-repeater-item-34fd165 elementor-inline-item\" itemprop=\"datePublished\">\n\t\t\t\t\t\t<a href=\"https:\/\/publikaai.com.br\/?m=20210805\">\n\t\t\t\t\t\t\t\t\t\t\t<span class=\"elementor-icon-list-icon\">\n\t\t\t\t\t\t\t\t<i aria-hidden=\"true\" class=\"material-icons md-calendar_today\" data-md-icon=\"calendar_today\"><\/i>\t\t\t\t\t\t\t<\/span>\n\t\t\t\t\t\t\t\t\t<span class=\"elementor-icon-list-text elementor-post-info__item elementor-post-info__item--type-date\">\n\t\t\t\t\t\t\t\t\t\t<time>agosto 5, 2021<\/time>\t\t\t\t\t<\/span>\n\t\t\t\t\t\t\t\t\t<\/a>\n\t\t\t\t<\/li>\n\t\t\t\t<\/ul>\n\t\t\t\t\t\t<\/div>\n\t\t\t\t<\/div>\n\t\t\t\t\t<\/div>\n\t\t<\/div>\n\t\t\t\t\t<\/div>\n\t\t<\/section>\n\t\t\t\t<section class=\"elementor-section elementor-top-section elementor-element elementor-element-4cb74003 elementor-section-boxed elementor-section-height-default elementor-section-height-default\" data-id=\"4cb74003\" data-element_type=\"section\">\n\t\t\t\t\t\t<div class=\"elementor-container elementor-column-gap-default\">\n\t\t\t\t\t<div class=\"elementor-column elementor-col-66 elementor-top-column elementor-element elementor-element-1745cf39 animated-fast elementor-invisible\" data-id=\"1745cf39\" data-element_type=\"column\" data-settings=\"{&quot;background_background&quot;:&quot;classic&quot;,&quot;animation&quot;:&quot;fadeInUp&quot;}\">\n\t\t\t<div class=\"elementor-widget-wrap elementor-element-populated\">\n\t\t\t\t\t\t<div class=\"elementor-element elementor-element-6cd4d8c5 elementor-widget elementor-widget-theme-post-featured-image elementor-widget-image\" data-id=\"6cd4d8c5\" data-element_type=\"widget\" data-widget_type=\"theme-post-featured-image.default\">\n\t\t\t\t<div class=\"elementor-widget-container\">\n\t\t\t\t\t\t\t\t\t\t\t\t\t\t\t<img fetchpriority=\"high\" decoding=\"async\" width=\"800\" height=\"400\" src=\"https:\/\/publikaai.com.br\/wp-content\/uploads\/2021\/08\/o-que-e-press-kit-.jpg\" class=\"attachment-full size-full wp-image-570\" alt=\"O que \u00e9 press kit? Para que serve? Por que fazer um?\" srcset=\"https:\/\/publikaai.com.br\/wp-content\/uploads\/2021\/08\/o-que-e-press-kit-.jpg 800w, https:\/\/publikaai.com.br\/wp-content\/uploads\/2021\/08\/o-que-e-press-kit--300x150.jpg 300w, https:\/\/publikaai.com.br\/wp-content\/uploads\/2021\/08\/o-que-e-press-kit--768x384.jpg 768w, https:\/\/publikaai.com.br\/wp-content\/uploads\/2021\/08\/o-que-e-press-kit--260x130.jpg 260w, https:\/\/publikaai.com.br\/wp-content\/uploads\/2021\/08\/o-que-e-press-kit--50x25.jpg 50w, https:\/\/publikaai.com.br\/wp-content\/uploads\/2021\/08\/o-que-e-press-kit--150x75.jpg 150w\" sizes=\"(max-width: 800px) 100vw, 800px\" \/>\t\t\t\t\t\t\t\t\t\t\t\t\t\t\t<\/div>\n\t\t\t\t<\/div>\n\t\t\t\t<div class=\"elementor-element elementor-element-6d48d9c1 elementor-widget elementor-widget-text-editor\" data-id=\"6d48d9c1\" data-element_type=\"widget\" data-widget_type=\"text-editor.default\">\n\t\t\t\t<div class=\"elementor-widget-container\">\n\t\t\t\t\t\t\t\t\t\n<p>Nomeado de kit de imprensa por ser originalmente enviado para jornalistas e funcion\u00e1rios dos ve\u00edculos de comunica\u00e7\u00e3o, <strong>o press kit<\/strong> \u00e9 um recurso utilizado por empresas para divulgar suas novidades ou contatos.<\/p>\n\n\n\n<p>Mais do que uma apresenta\u00e7\u00e3o, trata-se de um cart\u00e3o de neg\u00f3cios multim\u00eddia que, quando bem elaborado, pode oferecer um \u00f3timo custo-benef\u00edcio.<\/p>\n\n\n\n<p>O press kit \u00e9 elaborado com o prop\u00f3sito de apresentar algo, de modo que a pessoa que o recebe consiga testar, usar, mexer e analisar todos os \u00e2ngulos, por isso, ele acaba sendo usual para o envio de convites, livros e produtos f\u00edsicos.&nbsp;<\/p>\n\n\n\n<p>Hoje, o press kit tamb\u00e9m \u00e9 a maneira mais comum de criar um <a href=\"https:\/\/publikaai.com.br\/marketing\/papel-influenciador-digital\/\">relacionamento com influenciadores digitais<\/a> e trocar audi\u00eancia entre a sua empresa e os seguidores de determinada pessoa. Mas \u00e9 claro que isso s\u00f3 funciona se houver sinergia entre os p\u00fablicos.<\/p>\n\n\n\n<p>Se voc\u00ea n\u00e3o sabe <strong>o que \u00e9 press kit<\/strong>, continue a leitura que vou explicar como funciona e como preparar esse material que faz parte da rotina de uma <a href=\"https:\/\/publikaai.com.br\/imprensa\/como-funciona-assessoria-imprensa\/\">empresa de assessoria de imprensa<\/a>.<\/p>\n\n\n\n<p><a href=\"https:\/\/publikaai.com.br\/imprensa\/assessor-de-imprensa\/\">Entenda aqui o que faz um assessor de imprensa.<\/a><\/p>\n\n\n\n<h2 class=\"wp-block-heading\">Para que serve o press kit?<\/h2>\n\n\n\n<p>Esse material tem como fun\u00e7\u00e3o <strong>anunciar as principais informa\u00e7\u00f5es<\/strong> sobre uma inova\u00e7\u00e3o ou inaugura\u00e7\u00e3o de empresa a jornalistas ou a influenciadores que possam publicar a respeito, <strong>gerando exposi\u00e7\u00e3o espont\u00e2nea<\/strong> e <strong>positiva sobre a marca<\/strong>.<\/p>\n\n\n\n<p>A novidade pode ser a adi\u00e7\u00e3o de um produto ao cat\u00e1logo, campanha ou a\u00e7\u00e3o social recente, a fus\u00e3o entre marcas ou eventos importantes.<\/p>\n\n\n\n<p>Contar com um profissional de Rela\u00e7\u00f5es P\u00fablicas ou <strong>uma assessoria de imprensa para elaborar o seu press kit \u00e9 primordial<\/strong> para que seja dado o foco jornal\u00edstico ao material, deixando ele atraente para os jornalistas.<\/p>\n\n\n\n<p>O foco em not\u00edcia \u00e9 o tra\u00e7o que diferencia o press kit do m\u00eddia kit.<\/p>\n\n\n\n<p>Enquanto o \u00faltimo re\u00fane dados, estat\u00edsticas e informa\u00e7\u00f5es hist\u00f3ricas da empresa ao longo do tempo, <strong>o press kit dedica-se a comunicar<\/strong> um \u00fanico acontecimento ou lan\u00e7amento realizado.<\/p>\n\n\n\n<h2 class=\"wp-block-heading\">Como \u00e9 um press kit na pr\u00e1tica?<\/h2>\n\n\n\n<p>Como o nome indica, o press kit \u00e9 formado por alguns elementos. Um deles \u00e9 o <a href=\"https:\/\/publikaai.com.br\/imprensa\/enviar-release-para-imprensa\/\"><strong>press release<\/strong><\/a>, texto sucinto dedicado a fornecer os principais fatos e informa\u00e7\u00f5es sobre a organiza\u00e7\u00e3o, servi\u00e7o, produto ou evento em quest\u00e3o.<\/p>\n\n\n\n<p>Em adi\u00e7\u00e3o ao texto, o press kit costuma <strong>conter amostras<\/strong> e <strong>objetos personalizados<\/strong> que representem a novidade anunciada.<\/p>\n\n\n\n<p>Tais materiais podem ser brindes, o produto lan\u00e7ado, cupons ou vouchers que permitam ao destinat\u00e1rio usufruir do servi\u00e7o ou ainda itens que capturem a <strong>mensagem que a empresa deseja transmitir<\/strong> sobre si mesma.<\/p>\n\n\n\n<h2 class=\"wp-block-heading\">O que \u00e9 press kit digital?<\/h2>\n\n\n\n<p>O press kit tamb\u00e9m <strong>pode assumir um formato completamente digital<\/strong> e ser publicado no site da organiza\u00e7\u00e3o.<\/p>\n\n\n\n<p>Assim, qualquer jornalista, blogueiro, poss\u00edvel investidor ou parceiro, por exemplo, pode encontrar facilmente todas as informa\u00e7\u00f5es necess\u00e1rias para conhecer a marca e produzir conte\u00fado sobre ela.<\/p>\n\n\n\n<p>A vantagem do formato virtual est\u00e1 na <strong>facilidade em modificar, corrigir, atualizar e compartilhar<\/strong> o press kit em tempo real.<\/p>\n\n\n\n<h2 class=\"wp-block-heading\">Quem deve receber o press kit?<\/h2>\n\n\n\n<p>O kit de imprensa, geralmente, \u00e9 produzido por empresas que oferecem <a href=\"https:\/\/publikaai.com.br\/\"><strong>solu\u00e7\u00f5es de assessoria de imprensa<\/strong><\/a>, como \u00e9 o caso aqui da Publika\u00ed.<\/p>\n\n\n\n<p>Desenvolvemos o material visando um grupo espec\u00edfico de pessoas influentes e formadores de opini\u00e3o capazes de agregar valor \u00e0 empresa assessorada ao fazer avalia\u00e7\u00f5es<em> e <\/em><strong>publica\u00e7\u00f5es acerca do press kit recebido<\/strong>.<\/p>\n\n\n\n<p>O kit \u00e9 personalizado a fim de que a individualidade cative cada um que o recebe, incentivando-os a mencion\u00e1-lo no ve\u00edculo de comunica\u00e7\u00e3o ou rede social em que atua.<\/p>\n\n\n\n<p>Os escolhidos para receber o kit s\u00e3o jornalistas, rep\u00f3rteres, redatores e, principalmente, <a href=\"https:\/\/publikaai.com.br\/marketing\/papel-influenciador-digital\/\">influenciadores digitais<\/a> cuja audi\u00eancia \u00e9 <strong>compat\u00edvel com o perfil de potenciais clientes da empresa<\/strong>.<\/p>\n\n\n\n<p>Dessa forma, se uma marca de produtos fitness <strong>almeja trazer visibilidade<\/strong> para seu novo suco detox, ela pode enviar um <strong>press kit<\/strong> a respeito para um colunista que escreve sobre h\u00e1bitos saud\u00e1veis ou para uma celebridade relevante no mundo fitness.<\/p>\n\n\n\n<p>Se voc\u00ea n\u00e3o sabe por onde come\u00e7ar a desenvolver um press kit, aproveite o \u00edcone do WhatsApp que aparece aqui na p\u00e1gina e me chama, vamos bater um papo.<\/p>\n\n\n\n<h2 class=\"wp-block-heading\">Como elaborar um press kit eficiente?<\/h2>\n\n\n\n<p>A fim de aproveitar a exposi\u00e7\u00e3o gerada pelo kit de imprensa, \u00e9 necess\u00e1rio planej\u00e1-lo conforme os <strong>objetivos de marketing da empresa<\/strong>.<\/p>\n\n\n\n<p>Para ajudar voc\u00ea nesse processo, vou compartilhar algumas dicas valiosas sobre como fazer um press kit.<\/p>\n\n\n\n<h3 class=\"wp-block-heading\">Estabele\u00e7a o objetivo do press kit<\/h3>\n\n\n\n<p>A formata\u00e7\u00e3o e conte\u00fado do kit devem ser pautados a partir do <strong>tipo de novidade anunciada<\/strong>.<\/p>\n\n\n\n<p>Dessa forma, se o objetivo \u00e9 lan\u00e7ar um produto, o ideal \u00e9 focar na descri\u00e7\u00e3o de seus detalhes, como compr\u00e1-lo e inserir uma amostra gr\u00e1tis, no caso de um kit f\u00edsico.<\/p>\n\n\n\n<h3 class=\"wp-block-heading\">Distribua-o para as pessoas certas<\/h3>\n\n\n\n<p>O p\u00fablico alvo da organiza\u00e7\u00e3o \u00e9 o aspecto norteador para a escolha dos jornalistas e influencers que receber\u00e3o o kit.<\/p>\n\n\n\n<p>Para <strong>direcionar seus esfor\u00e7os \u00e0s pessoas corretas<\/strong>, conduza pesquisas sobre os canais de not\u00edcias acompanhados e personalidade admiradas pelos potenciais compradores do seu produto.<\/p>\n\n\n\n<p>Se a empresa possuir seu <strong><a href=\"https:\/\/publikaai.com.br\/imprensa\/mailing-imprensa\/\">pr\u00f3prio mailing de imprensa<\/a><\/strong>, a tarefa de eleger os destinat\u00e1rios do kit torna-se quase autom\u00e1tica. Isso porque uma lista de contatos \u00fateis apresenta um apanhado dos profissionais que produzem conte\u00fado sobre o nicho em que a organiza\u00e7\u00e3o atua.<\/p>\n\n\n\n<p><a href=\"https:\/\/publikaai.com.br\/marketing\/gatilhos-mentais-poderosos-influenciar-pessoas\/\">Veja aqui uma lista de gatilhos mentais ideais para influenciar pessoas.<\/a><\/p>\n\n\n\n<h3 class=\"wp-block-heading\">Seja criativo acima de tudo<\/h3>\n\n\n\n<p>Assim como a caixa de entrada de jornalistas \u00e9 frequentemente bombardeada por <strong>sugest\u00f5es de pautas<\/strong>, os profissionais da m\u00eddia, como os <strong>influenciadores digitais<\/strong>, est\u00e3o acostumados a receber v\u00e1rios e-mails por dia..<\/p>\n\n\n\n<p><strong>Apostar na criatividade<\/strong> \u00e9 a sa\u00edda para que seu press kit n\u00e3o seja mais um &#8220;recebido&#8221; em meio a tantos outros.<\/p>\n\n\n\n<p>Optar pelo caminho criativo implica <strong>abrir m\u00e3o da pr\u00e1tica de enviar brindes gen\u00e9ricos<\/strong> sem personalidade, que servem para qualquer ocasi\u00e3o e qualquer pessoa.&nbsp;<\/p>\n\n\n\n<p>No lugar disso, deve-se investir na <strong>escrita de um press release<\/strong> e na sele\u00e7\u00e3o de itens que representem a empresa e sua mensagem de forma inovadora.<\/p>\n\n\n\n<p>Por atuar exclusivamente no segmento de comunica\u00e7\u00e3o, a empresa de assessoria de imprensa Publika\u00ed entende que toda informa\u00e7\u00e3o precisa ser facilmente compreendida pelo receptor, devendo despertar curiosidade para conquistar a m\u00eddia espont\u00e2nea.<\/p>\n\n\n\n<p><a href=\"https:\/\/publikaai.com.br\/assessoria-imprensa\/\">Nesse sentido, sempre <strong>atuamos para ampliar a visibilidade da marca pela imprensa<\/strong>.<\/a><\/p>\n\n\n\n<p>Com mais de 15 anos de atua\u00e7\u00e3o no mercado de assessoria de imprensa, Ludmila Baldoni fundou a Publika\u00ed para fornecer qualidade para as empresas assessoradas por meio de um forte relacionamento com jornalistas dos ve\u00edculos digitais e offline.<\/p>\n\n\n\n<p>Se voc\u00ea j\u00e1 entende o que \u00e9 press kit, mas n\u00e3o consegue a visibilidade que a sua empresa merece, est\u00e1 na hora de marcar um bate papo com a nossa equipe aqui da Publika\u00ed. <strong>Vamos virar esse jogo!<\/strong><\/p>\n\n\n\n<p>Depois de entender aqui o que \u00e9 press kit, aproveite para ler tamb\u00e9m:<\/p>\n\n\n\n<p><a href=\"https:\/\/publikaai.com.br\/imprensa\/assessoria-imprensa-para-advogado\/\">Como um assessor de imprensa \u00e9 \u00fatil para advogados?<\/a><\/p>\n\n\n\n<p><a href=\"https:\/\/publikaai.com.br\/imprensa\/media-training\/\">Saiba o que \u00e9 media training<\/a><\/p>\n\t\t\t\t\t\t\t\t<\/div>\n\t\t\t\t<\/div>\n\t\t\t\t<div class=\"elementor-element elementor-element-7ba4f885 elementor-share-buttons--skin-flat elementor-share-buttons--shape-circle elementor-grid-5 elementor-grid-mobile-2 elementor-share-buttons--view-icon-text elementor-share-buttons--color-official elementor-widget elementor-widget-share-buttons\" data-id=\"7ba4f885\" data-element_type=\"widget\" data-widget_type=\"share-buttons.default\">\n\t\t\t\t<div class=\"elementor-widget-container\">\n\t\t\t\t\t\t\t<div class=\"elementor-grid\" role=\"list\">\n\t\t\t\t\t\t\t\t<div class=\"elementor-grid-item\" role=\"listitem\">\n\t\t\t\t\t\t<div class=\"elementor-share-btn elementor-share-btn_facebook\" role=\"button\" tabindex=\"0\" aria-label=\"Share on facebook\">\n\t\t\t\t\t\t\t\t\t\t\t\t\t\t\t<span class=\"elementor-share-btn__icon\">\n\t\t\t\t\t\t\t\t<i class=\"fab fa-facebook\" aria-hidden=\"true\"><\/i>\t\t\t\t\t\t\t<\/span>\n\t\t\t\t\t\t\t\t\t\t\t\t\t\t\t\t\t\t\t\t\t\t<div class=\"elementor-share-btn__text\">\n\t\t\t\t\t\t\t\t\t\t\t\t\t\t\t\t\t\t\t<span class=\"elementor-share-btn__title\">\n\t\t\t\t\t\t\t\t\t\tFacebook\t\t\t\t\t\t\t\t\t<\/span>\n\t\t\t\t\t\t\t\t\t\t\t\t\t\t\t\t\t<\/div>\n\t\t\t\t\t\t\t\t\t\t\t\t\t<\/div>\n\t\t\t\t\t<\/div>\n\t\t\t\t\t\t\t\t\t<div class=\"elementor-grid-item\" role=\"listitem\">\n\t\t\t\t\t\t<div class=\"elementor-share-btn elementor-share-btn_pinterest\" role=\"button\" tabindex=\"0\" aria-label=\"Share on pinterest\">\n\t\t\t\t\t\t\t\t\t\t\t\t\t\t\t<span class=\"elementor-share-btn__icon\">\n\t\t\t\t\t\t\t\t<i class=\"fab fa-pinterest\" aria-hidden=\"true\"><\/i>\t\t\t\t\t\t\t<\/span>\n\t\t\t\t\t\t\t\t\t\t\t\t\t\t\t\t\t\t\t\t\t\t<div class=\"elementor-share-btn__text\">\n\t\t\t\t\t\t\t\t\t\t\t\t\t\t\t\t\t\t\t<span class=\"elementor-share-btn__title\">\n\t\t\t\t\t\t\t\t\t\tPinterest\t\t\t\t\t\t\t\t\t<\/span>\n\t\t\t\t\t\t\t\t\t\t\t\t\t\t\t\t\t<\/div>\n\t\t\t\t\t\t\t\t\t\t\t\t\t<\/div>\n\t\t\t\t\t<\/div>\n\t\t\t\t\t\t\t\t\t<div class=\"elementor-grid-item\" role=\"listitem\">\n\t\t\t\t\t\t<div class=\"elementor-share-btn elementor-share-btn_twitter\" role=\"button\" tabindex=\"0\" aria-label=\"Share on twitter\">\n\t\t\t\t\t\t\t\t\t\t\t\t\t\t\t<span class=\"elementor-share-btn__icon\">\n\t\t\t\t\t\t\t\t<i class=\"fab fa-twitter\" aria-hidden=\"true\"><\/i>\t\t\t\t\t\t\t<\/span>\n\t\t\t\t\t\t\t\t\t\t\t\t\t\t\t\t\t\t\t\t\t\t<div class=\"elementor-share-btn__text\">\n\t\t\t\t\t\t\t\t\t\t\t\t\t\t\t\t\t\t\t<span class=\"elementor-share-btn__title\">\n\t\t\t\t\t\t\t\t\t\tTwitter\t\t\t\t\t\t\t\t\t<\/span>\n\t\t\t\t\t\t\t\t\t\t\t\t\t\t\t\t\t<\/div>\n\t\t\t\t\t\t\t\t\t\t\t\t\t<\/div>\n\t\t\t\t\t<\/div>\n\t\t\t\t\t\t\t\t\t<div class=\"elementor-grid-item\" role=\"listitem\">\n\t\t\t\t\t\t<div class=\"elementor-share-btn elementor-share-btn_linkedin\" role=\"button\" tabindex=\"0\" aria-label=\"Share on linkedin\">\n\t\t\t\t\t\t\t\t\t\t\t\t\t\t\t<span class=\"elementor-share-btn__icon\">\n\t\t\t\t\t\t\t\t<i class=\"fab fa-linkedin\" aria-hidden=\"true\"><\/i>\t\t\t\t\t\t\t<\/span>\n\t\t\t\t\t\t\t\t\t\t\t\t\t\t\t\t\t\t\t\t\t\t<div class=\"elementor-share-btn__text\">\n\t\t\t\t\t\t\t\t\t\t\t\t\t\t\t\t\t\t\t<span class=\"elementor-share-btn__title\">\n\t\t\t\t\t\t\t\t\t\tLinkedIn\t\t\t\t\t\t\t\t\t<\/span>\n\t\t\t\t\t\t\t\t\t\t\t\t\t\t\t\t\t<\/div>\n\t\t\t\t\t\t\t\t\t\t\t\t\t<\/div>\n\t\t\t\t\t<\/div>\n\t\t\t\t\t\t\t\t\t<div class=\"elementor-grid-item\" role=\"listitem\">\n\t\t\t\t\t\t<div class=\"elementor-share-btn elementor-share-btn_whatsapp\" role=\"button\" tabindex=\"0\" aria-label=\"Share on whatsapp\">\n\t\t\t\t\t\t\t\t\t\t\t\t\t\t\t<span class=\"elementor-share-btn__icon\">\n\t\t\t\t\t\t\t\t<i class=\"fab fa-whatsapp\" aria-hidden=\"true\"><\/i>\t\t\t\t\t\t\t<\/span>\n\t\t\t\t\t\t\t\t\t\t\t\t\t\t\t\t\t\t\t\t\t\t<div class=\"elementor-share-btn__text\">\n\t\t\t\t\t\t\t\t\t\t\t\t\t\t\t\t\t\t\t<span class=\"elementor-share-btn__title\">\n\t\t\t\t\t\t\t\t\t\tWhatsApp\t\t\t\t\t\t\t\t\t<\/span>\n\t\t\t\t\t\t\t\t\t\t\t\t\t\t\t\t\t<\/div>\n\t\t\t\t\t\t\t\t\t\t\t\t\t<\/div>\n\t\t\t\t\t<\/div>\n\t\t\t\t\t\t<\/div>\n\t\t\t\t\t\t<\/div>\n\t\t\t\t<\/div>\n\t\t\t\t\t<\/div>\n\t\t<\/div>\n\t\t\t\t<div class=\"elementor-column elementor-col-33 elementor-top-column elementor-element elementor-element-4dd2567b\" data-id=\"4dd2567b\" data-element_type=\"column\">\n\t\t\t<div class=\"elementor-widget-wrap elementor-element-populated\">\n\t\t\t\t\t\t<section class=\"elementor-section elementor-inner-section elementor-element elementor-element-3b087b12 elementor-section-boxed elementor-section-height-default elementor-section-height-default\" data-id=\"3b087b12\" data-element_type=\"section\">\n\t\t\t\t\t\t<div class=\"elementor-container elementor-column-gap-default\">\n\t\t\t\t\t<div class=\"elementor-column elementor-col-100 elementor-inner-column elementor-element elementor-element-d1569f4 elementor-invisible\" data-id=\"d1569f4\" data-element_type=\"column\" data-settings=\"{&quot;background_background&quot;:&quot;classic&quot;,&quot;animation&quot;:&quot;fadeInRight&quot;}\">\n\t\t\t<div class=\"elementor-widget-wrap elementor-element-populated\">\n\t\t\t\t\t\t<div class=\"elementor-element elementor-element-797406c elementor-widget elementor-widget-heading\" data-id=\"797406c\" data-element_type=\"widget\" data-widget_type=\"heading.default\">\n\t\t\t\t<div class=\"elementor-widget-container\">\n\t\t\t\t\t<h3 class=\"elementor-heading-title elementor-size-default\">Autora<\/h3>\t\t\t\t<\/div>\n\t\t\t\t<\/div>\n\t\t\t\t<div class=\"elementor-element elementor-element-78e29ba elementor-author-box--layout-image-above elementor-author-box--align-left elementor-widget elementor-widget-author-box\" data-id=\"78e29ba\" data-element_type=\"widget\" data-widget_type=\"author-box.default\">\n\t\t\t\t<div class=\"elementor-widget-container\">\n\t\t\t\t\t\t\t<div class=\"elementor-author-box\">\n\t\t\t\t\t\t\t<div  class=\"elementor-author-box__avatar\">\n\t\t\t\t\t<img decoding=\"async\" src=\"https:\/\/publikaai.com.br\/wp-content\/uploads\/2023\/03\/lud-250x300.webp\" alt=\"Picture of Ludmila Baldoni\" loading=\"lazy\">\n\t\t\t\t<\/div>\n\t\t\t\n\t\t\t<div class=\"elementor-author-box__text\">\n\t\t\t\t\t\t\t\t\t<div >\n\t\t\t\t\t\t<h5 class=\"elementor-author-box__name\">\n\t\t\t\t\t\t\tLudmila Baldoni\t\t\t\t\t\t<\/h5>\n\t\t\t\t\t<\/div>\n\t\t\t\t\n\t\t\t\t\t\t\t\t\t<div class=\"elementor-author-box__bio\">\n\t\t\t\t\t\t<p>SEO Publika.ai<\/p>\n<p>Comunicativa por natureza ingressou na faculdade de jornalismo ciente do que queria para a sua trajet\u00f3ria profissional e desde ent\u00e3o, a assessoria de imprensa se tornou sua grande paix\u00e3o.<\/p>\n<p>Com mais de quinze anos de experi\u00eancia, j\u00e1 atuou como consultora em projetos de comunica\u00e7\u00e3o, coordenou e liderou equipes de jornalistas, organizou feiras e eventos, gerenciou a\u00e7\u00f5es de marketing em todo o pa\u00eds. <\/p>\n<p>Durante seis foi anos foi s\u00f3cia de uma assessoria de imprensa e recentemente decidiu buscar v\u00f4os mais altos e fundou a Publika\u00ed, uma ag\u00eancia que tem como miss\u00e3o encontrar solu\u00e7\u00f5es de comunica\u00e7\u00e3o atrav\u00e9s de modelos multissetorias.<\/p>\n\t\t\t\t\t<\/div>\n\t\t\t\t\n\t\t\t\t\t\t\t<\/div>\n\t\t<\/div>\n\t\t\t\t\t\t<\/div>\n\t\t\t\t<\/div>\n\t\t\t\t<div class=\"elementor-element elementor-element-24a74a4 elementor-widget elementor-widget-heading\" data-id=\"24a74a4\" data-element_type=\"widget\" data-widget_type=\"heading.default\">\n\t\t\t\t<div class=\"elementor-widget-container\">\n\t\t\t\t\t<h3 class=\"elementor-heading-title elementor-size-default\">\u00daltimos Posts<\/h3>\t\t\t\t<\/div>\n\t\t\t\t<\/div>\n\t\t\t\t<div class=\"elementor-element elementor-element-f2fde75 elementor-grid-1 elementor-posts--thumbnail-left elementor-grid-tablet-2 elementor-grid-mobile-1 elementor-widget elementor-widget-posts\" data-id=\"f2fde75\" data-element_type=\"widget\" data-settings=\"{&quot;classic_columns&quot;:&quot;1&quot;,&quot;classic_row_gap&quot;:{&quot;unit&quot;:&quot;px&quot;,&quot;size&quot;:14,&quot;sizes&quot;:[]},&quot;classic_columns_tablet&quot;:&quot;2&quot;,&quot;classic_columns_mobile&quot;:&quot;1&quot;,&quot;classic_row_gap_tablet&quot;:{&quot;unit&quot;:&quot;px&quot;,&quot;size&quot;:&quot;&quot;,&quot;sizes&quot;:[]},&quot;classic_row_gap_mobile&quot;:{&quot;unit&quot;:&quot;px&quot;,&quot;size&quot;:&quot;&quot;,&quot;sizes&quot;:[]}}\" data-widget_type=\"posts.classic\">\n\t\t\t\t<div class=\"elementor-widget-container\">\n\t\t\t\t\t\t\t<div class=\"elementor-posts-container elementor-posts elementor-posts--skin-classic elementor-grid\">\n\t\t\t\t<article class=\"elementor-post elementor-grid-item post-627 post type-post status-publish format-standard has-post-thumbnail hentry category-marketing\">\n\t\t\t\t<a class=\"elementor-post__thumbnail__link\" href=\"https:\/\/publikaai.com.br\/?p=627\" tabindex=\"-1\" >\n\t\t\t<div class=\"elementor-post__thumbnail\"><img decoding=\"async\" width=\"800\" height=\"400\" src=\"https:\/\/publikaai.com.br\/wp-content\/uploads\/2021\/09\/Como-aumentar-a-credibilidade-da-sua-empresa.webp\" class=\"attachment-full size-full wp-image-1306\" alt=\"\" srcset=\"https:\/\/publikaai.com.br\/wp-content\/uploads\/2021\/09\/Como-aumentar-a-credibilidade-da-sua-empresa.webp 800w, https:\/\/publikaai.com.br\/wp-content\/uploads\/2021\/09\/Como-aumentar-a-credibilidade-da-sua-empresa-300x150.webp 300w, https:\/\/publikaai.com.br\/wp-content\/uploads\/2021\/09\/Como-aumentar-a-credibilidade-da-sua-empresa-768x384.webp 768w\" sizes=\"(max-width: 800px) 100vw, 800px\" \/><\/div>\n\t\t<\/a>\n\t\t\t\t<div class=\"elementor-post__text\">\n\t\t\t\t<h3 class=\"elementor-post__title\">\n\t\t\t<a href=\"https:\/\/publikaai.com.br\/?p=627\" >\n\t\t\t\tComo aumentar a credibilidade da sua empresa?\t\t\t<\/a>\n\t\t<\/h3>\n\t\t\t\t<div class=\"elementor-post__meta-data\">\n\t\t\t\t\t<span class=\"elementor-post-author\">\n\t\t\tLudmila Baldoni\t\t<\/span>\n\t\t\t\t<\/div>\n\t\t\n\t\t<a class=\"elementor-post__read-more\" href=\"https:\/\/publikaai.com.br\/?p=627\" aria-label=\"Read more about Como aumentar a credibilidade da sua empresa?\" tabindex=\"-1\" >\n\t\t\tSaiba mais \u00bb\t\t<\/a>\n\n\t\t\t\t<\/div>\n\t\t\t\t<\/article>\n\t\t\t\t<article class=\"elementor-post elementor-grid-item post-622 post type-post status-publish format-standard has-post-thumbnail hentry category-comunicacao\">\n\t\t\t\t<a class=\"elementor-post__thumbnail__link\" href=\"https:\/\/publikaai.com.br\/?p=622\" tabindex=\"-1\" >\n\t\t\t<div class=\"elementor-post__thumbnail\"><img decoding=\"async\" width=\"800\" height=\"400\" src=\"https:\/\/publikaai.com.br\/wp-content\/uploads\/2021\/09\/Principais-estrategias-de-comunicacao-empresarial.webp\" class=\"attachment-full size-full wp-image-1308\" alt=\"\" srcset=\"https:\/\/publikaai.com.br\/wp-content\/uploads\/2021\/09\/Principais-estrategias-de-comunicacao-empresarial.webp 800w, https:\/\/publikaai.com.br\/wp-content\/uploads\/2021\/09\/Principais-estrategias-de-comunicacao-empresarial-300x150.webp 300w, https:\/\/publikaai.com.br\/wp-content\/uploads\/2021\/09\/Principais-estrategias-de-comunicacao-empresarial-768x384.webp 768w\" sizes=\"(max-width: 800px) 100vw, 800px\" \/><\/div>\n\t\t<\/a>\n\t\t\t\t<div class=\"elementor-post__text\">\n\t\t\t\t<h3 class=\"elementor-post__title\">\n\t\t\t<a href=\"https:\/\/publikaai.com.br\/?p=622\" >\n\t\t\t\tPrincipais estrat\u00e9gias de comunica\u00e7\u00e3o empresarial\t\t\t<\/a>\n\t\t<\/h3>\n\t\t\t\t<div class=\"elementor-post__meta-data\">\n\t\t\t\t\t<span class=\"elementor-post-author\">\n\t\t\tLudmila Baldoni\t\t<\/span>\n\t\t\t\t<\/div>\n\t\t\n\t\t<a class=\"elementor-post__read-more\" href=\"https:\/\/publikaai.com.br\/?p=622\" aria-label=\"Read more about Principais estrat\u00e9gias de comunica\u00e7\u00e3o empresarial\" tabindex=\"-1\" >\n\t\t\tSaiba mais \u00bb\t\t<\/a>\n\n\t\t\t\t<\/div>\n\t\t\t\t<\/article>\n\t\t\t\t<article class=\"elementor-post elementor-grid-item post-617 post type-post status-publish format-standard has-post-thumbnail hentry category-comunicacao\">\n\t\t\t\t<a class=\"elementor-post__thumbnail__link\" href=\"https:\/\/publikaai.com.br\/?p=617\" tabindex=\"-1\" >\n\t\t\t<div class=\"elementor-post__thumbnail\"><img loading=\"lazy\" decoding=\"async\" width=\"800\" height=\"400\" src=\"https:\/\/publikaai.com.br\/wp-content\/uploads\/2021\/08\/agentes-da-comunicacao-interna.webp\" class=\"attachment-full size-full wp-image-1310\" alt=\"\" srcset=\"https:\/\/publikaai.com.br\/wp-content\/uploads\/2021\/08\/agentes-da-comunicacao-interna.webp 800w, https:\/\/publikaai.com.br\/wp-content\/uploads\/2021\/08\/agentes-da-comunicacao-interna-300x150.webp 300w, https:\/\/publikaai.com.br\/wp-content\/uploads\/2021\/08\/agentes-da-comunicacao-interna-768x384.webp 768w\" sizes=\"(max-width: 800px) 100vw, 800px\" \/><\/div>\n\t\t<\/a>\n\t\t\t\t<div class=\"elementor-post__text\">\n\t\t\t\t<h3 class=\"elementor-post__title\">\n\t\t\t<a href=\"https:\/\/publikaai.com.br\/?p=617\" >\n\t\t\t\tQuais s\u00e3o os agentes da comunica\u00e7\u00e3o interna nas empresas?\t\t\t<\/a>\n\t\t<\/h3>\n\t\t\t\t<div class=\"elementor-post__meta-data\">\n\t\t\t\t\t<span class=\"elementor-post-author\">\n\t\t\tLudmila Baldoni\t\t<\/span>\n\t\t\t\t<\/div>\n\t\t\n\t\t<a class=\"elementor-post__read-more\" href=\"https:\/\/publikaai.com.br\/?p=617\" aria-label=\"Read more about Quais s\u00e3o os agentes da comunica\u00e7\u00e3o interna nas empresas?\" tabindex=\"-1\" >\n\t\t\tSaiba mais \u00bb\t\t<\/a>\n\n\t\t\t\t<\/div>\n\t\t\t\t<\/article>\n\t\t\t\t<article class=\"elementor-post elementor-grid-item post-614 post type-post status-publish format-standard has-post-thumbnail hentry category-imprensa\">\n\t\t\t\t<a class=\"elementor-post__thumbnail__link\" href=\"https:\/\/publikaai.com.br\/?p=614\" tabindex=\"-1\" >\n\t\t\t<div class=\"elementor-post__thumbnail\"><img loading=\"lazy\" decoding=\"async\" width=\"800\" height=\"400\" src=\"https:\/\/publikaai.com.br\/wp-content\/uploads\/2021\/08\/assessoria-de-imprensa-para-arquitetos.webp\" class=\"attachment-full size-full wp-image-1312\" alt=\"\" srcset=\"https:\/\/publikaai.com.br\/wp-content\/uploads\/2021\/08\/assessoria-de-imprensa-para-arquitetos.webp 800w, https:\/\/publikaai.com.br\/wp-content\/uploads\/2021\/08\/assessoria-de-imprensa-para-arquitetos-300x150.webp 300w, https:\/\/publikaai.com.br\/wp-content\/uploads\/2021\/08\/assessoria-de-imprensa-para-arquitetos-768x384.webp 768w\" sizes=\"(max-width: 800px) 100vw, 800px\" \/><\/div>\n\t\t<\/a>\n\t\t\t\t<div class=\"elementor-post__text\">\n\t\t\t\t<h3 class=\"elementor-post__title\">\n\t\t\t<a href=\"https:\/\/publikaai.com.br\/?p=614\" >\n\t\t\t\tQual \u00e9 a import\u00e2ncia da assessoria de imprensa para arquitetos?\t\t\t<\/a>\n\t\t<\/h3>\n\t\t\t\t<div class=\"elementor-post__meta-data\">\n\t\t\t\t\t<span class=\"elementor-post-author\">\n\t\t\tLudmila Baldoni\t\t<\/span>\n\t\t\t\t<\/div>\n\t\t\n\t\t<a class=\"elementor-post__read-more\" href=\"https:\/\/publikaai.com.br\/?p=614\" aria-label=\"Read more about Qual \u00e9 a import\u00e2ncia da assessoria de imprensa para arquitetos?\" tabindex=\"-1\" >\n\t\t\tSaiba mais \u00bb\t\t<\/a>\n\n\t\t\t\t<\/div>\n\t\t\t\t<\/article>\n\t\t\t\t<article class=\"elementor-post elementor-grid-item post-611 post type-post status-publish format-standard has-post-thumbnail hentry category-marketing\">\n\t\t\t\t<a class=\"elementor-post__thumbnail__link\" href=\"https:\/\/publikaai.com.br\/?p=611\" tabindex=\"-1\" >\n\t\t\t<div class=\"elementor-post__thumbnail\"><img loading=\"lazy\" decoding=\"async\" width=\"800\" height=\"400\" src=\"https:\/\/publikaai.com.br\/wp-content\/uploads\/2021\/08\/O-que-e-pauta-jornalistica-1.jpg\" class=\"attachment-full size-full wp-image-603\" alt=\"Estrat\u00e9gias de comunica\u00e7\u00e3o em crise de imagem\" srcset=\"https:\/\/publikaai.com.br\/wp-content\/uploads\/2021\/08\/O-que-e-pauta-jornalistica-1.jpg 800w, https:\/\/publikaai.com.br\/wp-content\/uploads\/2021\/08\/O-que-e-pauta-jornalistica-1-300x150.jpg 300w, https:\/\/publikaai.com.br\/wp-content\/uploads\/2021\/08\/O-que-e-pauta-jornalistica-1-768x384.jpg 768w, https:\/\/publikaai.com.br\/wp-content\/uploads\/2021\/08\/O-que-e-pauta-jornalistica-1-260x130.jpg 260w, https:\/\/publikaai.com.br\/wp-content\/uploads\/2021\/08\/O-que-e-pauta-jornalistica-1-50x25.jpg 50w, https:\/\/publikaai.com.br\/wp-content\/uploads\/2021\/08\/O-que-e-pauta-jornalistica-1-150x75.jpg 150w\" sizes=\"(max-width: 800px) 100vw, 800px\" \/><\/div>\n\t\t<\/a>\n\t\t\t\t<div class=\"elementor-post__text\">\n\t\t\t\t<h3 class=\"elementor-post__title\">\n\t\t\t<a href=\"https:\/\/publikaai.com.br\/?p=611\" >\n\t\t\t\tEstrat\u00e9gias de comunica\u00e7\u00e3o em crise de imagem\t\t\t<\/a>\n\t\t<\/h3>\n\t\t\t\t<div class=\"elementor-post__meta-data\">\n\t\t\t\t\t<span class=\"elementor-post-author\">\n\t\t\tLudmila Baldoni\t\t<\/span>\n\t\t\t\t<\/div>\n\t\t\n\t\t<a class=\"elementor-post__read-more\" href=\"https:\/\/publikaai.com.br\/?p=611\" aria-label=\"Read more about Estrat\u00e9gias de comunica\u00e7\u00e3o em crise de imagem\" tabindex=\"-1\" >\n\t\t\tSaiba mais \u00bb\t\t<\/a>\n\n\t\t\t\t<\/div>\n\t\t\t\t<\/article>\n\t\t\t\t<article class=\"elementor-post elementor-grid-item post-608 post type-post status-publish format-standard has-post-thumbnail hentry category-comunicacao\">\n\t\t\t\t<a class=\"elementor-post__thumbnail__link\" href=\"https:\/\/publikaai.com.br\/?p=608\" tabindex=\"-1\" >\n\t\t\t<div class=\"elementor-post__thumbnail\"><img loading=\"lazy\" decoding=\"async\" width=\"800\" height=\"400\" src=\"https:\/\/publikaai.com.br\/wp-content\/uploads\/2021\/08\/Como-fazer-sugestao-de-pauta-1.jpg\" class=\"attachment-full size-full wp-image-602\" alt=\"Para que serve uma nota de esclarecimento?\" srcset=\"https:\/\/publikaai.com.br\/wp-content\/uploads\/2021\/08\/Como-fazer-sugestao-de-pauta-1.jpg 800w, https:\/\/publikaai.com.br\/wp-content\/uploads\/2021\/08\/Como-fazer-sugestao-de-pauta-1-300x150.jpg 300w, https:\/\/publikaai.com.br\/wp-content\/uploads\/2021\/08\/Como-fazer-sugestao-de-pauta-1-768x384.jpg 768w, https:\/\/publikaai.com.br\/wp-content\/uploads\/2021\/08\/Como-fazer-sugestao-de-pauta-1-260x130.jpg 260w, https:\/\/publikaai.com.br\/wp-content\/uploads\/2021\/08\/Como-fazer-sugestao-de-pauta-1-50x25.jpg 50w, https:\/\/publikaai.com.br\/wp-content\/uploads\/2021\/08\/Como-fazer-sugestao-de-pauta-1-150x75.jpg 150w\" sizes=\"(max-width: 800px) 100vw, 800px\" \/><\/div>\n\t\t<\/a>\n\t\t\t\t<div class=\"elementor-post__text\">\n\t\t\t\t<h3 class=\"elementor-post__title\">\n\t\t\t<a href=\"https:\/\/publikaai.com.br\/?p=608\" >\n\t\t\t\tPara que serve uma nota de esclarecimento?\t\t\t<\/a>\n\t\t<\/h3>\n\t\t\t\t<div class=\"elementor-post__meta-data\">\n\t\t\t\t\t<span class=\"elementor-post-author\">\n\t\t\tLudmila Baldoni\t\t<\/span>\n\t\t\t\t<\/div>\n\t\t\n\t\t<a class=\"elementor-post__read-more\" href=\"https:\/\/publikaai.com.br\/?p=608\" aria-label=\"Read more about Para que serve uma nota de esclarecimento?\" tabindex=\"-1\" >\n\t\t\tSaiba mais \u00bb\t\t<\/a>\n\n\t\t\t\t<\/div>\n\t\t\t\t<\/article>\n\t\t\t\t<article class=\"elementor-post elementor-grid-item post-605 post type-post status-publish format-standard has-post-thumbnail hentry category-imprensa\">\n\t\t\t\t<a class=\"elementor-post__thumbnail__link\" href=\"https:\/\/publikaai.com.br\/?p=605\" tabindex=\"-1\" >\n\t\t\t<div class=\"elementor-post__thumbnail\"><img loading=\"lazy\" decoding=\"async\" width=\"800\" height=\"400\" src=\"https:\/\/publikaai.com.br\/wp-content\/uploads\/2021\/08\/O-que-e-press-kit-1-1.jpg\" class=\"attachment-full size-full wp-image-600\" alt=\"Por que sua empresa precisa de um assessor de imprensa?\" srcset=\"https:\/\/publikaai.com.br\/wp-content\/uploads\/2021\/08\/O-que-e-press-kit-1-1.jpg 800w, https:\/\/publikaai.com.br\/wp-content\/uploads\/2021\/08\/O-que-e-press-kit-1-1-300x150.jpg 300w, https:\/\/publikaai.com.br\/wp-content\/uploads\/2021\/08\/O-que-e-press-kit-1-1-768x384.jpg 768w, https:\/\/publikaai.com.br\/wp-content\/uploads\/2021\/08\/O-que-e-press-kit-1-1-260x130.jpg 260w, https:\/\/publikaai.com.br\/wp-content\/uploads\/2021\/08\/O-que-e-press-kit-1-1-50x25.jpg 50w, https:\/\/publikaai.com.br\/wp-content\/uploads\/2021\/08\/O-que-e-press-kit-1-1-150x75.jpg 150w\" sizes=\"(max-width: 800px) 100vw, 800px\" \/><\/div>\n\t\t<\/a>\n\t\t\t\t<div class=\"elementor-post__text\">\n\t\t\t\t<h3 class=\"elementor-post__title\">\n\t\t\t<a href=\"https:\/\/publikaai.com.br\/?p=605\" >\n\t\t\t\tPor que sua empresa precisa de um assessor de imprensa?\t\t\t<\/a>\n\t\t<\/h3>\n\t\t\t\t<div class=\"elementor-post__meta-data\">\n\t\t\t\t\t<span class=\"elementor-post-author\">\n\t\t\tLudmila Baldoni\t\t<\/span>\n\t\t\t\t<\/div>\n\t\t\n\t\t<a class=\"elementor-post__read-more\" href=\"https:\/\/publikaai.com.br\/?p=605\" aria-label=\"Read more about Por que sua empresa precisa de um assessor de imprensa?\" tabindex=\"-1\" >\n\t\t\tSaiba mais \u00bb\t\t<\/a>\n\n\t\t\t\t<\/div>\n\t\t\t\t<\/article>\n\t\t\t\t<article class=\"elementor-post elementor-grid-item post-583 post type-post status-publish format-standard has-post-thumbnail hentry category-imprensa\">\n\t\t\t\t<a class=\"elementor-post__thumbnail__link\" href=\"https:\/\/publikaai.com.br\/?p=583\" tabindex=\"-1\" >\n\t\t\t<div class=\"elementor-post__thumbnail\"><img fetchpriority=\"high\" decoding=\"async\" width=\"800\" height=\"400\" src=\"https:\/\/publikaai.com.br\/wp-content\/uploads\/2021\/08\/o-que-e-press-kit-.jpg\" class=\"attachment-full size-full wp-image-570\" alt=\"O que \u00e9 press kit? Para que serve? Por que fazer um?\" srcset=\"https:\/\/publikaai.com.br\/wp-content\/uploads\/2021\/08\/o-que-e-press-kit-.jpg 800w, https:\/\/publikaai.com.br\/wp-content\/uploads\/2021\/08\/o-que-e-press-kit--300x150.jpg 300w, https:\/\/publikaai.com.br\/wp-content\/uploads\/2021\/08\/o-que-e-press-kit--768x384.jpg 768w, https:\/\/publikaai.com.br\/wp-content\/uploads\/2021\/08\/o-que-e-press-kit--260x130.jpg 260w, https:\/\/publikaai.com.br\/wp-content\/uploads\/2021\/08\/o-que-e-press-kit--50x25.jpg 50w, https:\/\/publikaai.com.br\/wp-content\/uploads\/2021\/08\/o-que-e-press-kit--150x75.jpg 150w\" sizes=\"(max-width: 800px) 100vw, 800px\" \/><\/div>\n\t\t<\/a>\n\t\t\t\t<div class=\"elementor-post__text\">\n\t\t\t\t<h3 class=\"elementor-post__title\">\n\t\t\t<a href=\"https:\/\/publikaai.com.br\/?p=583\" >\n\t\t\t\tO que \u00e9 press kit?\t\t\t<\/a>\n\t\t<\/h3>\n\t\t\t\t<div class=\"elementor-post__meta-data\">\n\t\t\t\t\t<span class=\"elementor-post-author\">\n\t\t\tLudmila Baldoni\t\t<\/span>\n\t\t\t\t<\/div>\n\t\t\n\t\t<a class=\"elementor-post__read-more\" href=\"https:\/\/publikaai.com.br\/?p=583\" aria-label=\"Read more about O que \u00e9 press kit?\" tabindex=\"-1\" >\n\t\t\tSaiba mais \u00bb\t\t<\/a>\n\n\t\t\t\t<\/div>\n\t\t\t\t<\/article>\n\t\t\t\t<article class=\"elementor-post elementor-grid-item post-580 post type-post status-publish format-standard has-post-thumbnail hentry category-imprensa\">\n\t\t\t\t<a class=\"elementor-post__thumbnail__link\" href=\"https:\/\/publikaai.com.br\/?p=580\" tabindex=\"-1\" >\n\t\t\t<div class=\"elementor-post__thumbnail\"><img loading=\"lazy\" decoding=\"async\" width=\"800\" height=\"400\" src=\"https:\/\/publikaai.com.br\/wp-content\/uploads\/2021\/08\/Como-fazer-sugestao-de-pauta.jpg\" class=\"attachment-full size-full wp-image-571\" alt=\"Como fazer sugest\u00e3o de pauta?\" srcset=\"https:\/\/publikaai.com.br\/wp-content\/uploads\/2021\/08\/Como-fazer-sugestao-de-pauta.jpg 800w, https:\/\/publikaai.com.br\/wp-content\/uploads\/2021\/08\/Como-fazer-sugestao-de-pauta-300x150.jpg 300w, https:\/\/publikaai.com.br\/wp-content\/uploads\/2021\/08\/Como-fazer-sugestao-de-pauta-768x384.jpg 768w, https:\/\/publikaai.com.br\/wp-content\/uploads\/2021\/08\/Como-fazer-sugestao-de-pauta-260x130.jpg 260w, https:\/\/publikaai.com.br\/wp-content\/uploads\/2021\/08\/Como-fazer-sugestao-de-pauta-50x25.jpg 50w, https:\/\/publikaai.com.br\/wp-content\/uploads\/2021\/08\/Como-fazer-sugestao-de-pauta-150x75.jpg 150w\" sizes=\"(max-width: 800px) 100vw, 800px\" \/><\/div>\n\t\t<\/a>\n\t\t\t\t<div class=\"elementor-post__text\">\n\t\t\t\t<h3 class=\"elementor-post__title\">\n\t\t\t<a href=\"https:\/\/publikaai.com.br\/?p=580\" >\n\t\t\t\tComo fazer sugest\u00e3o de pauta?\t\t\t<\/a>\n\t\t<\/h3>\n\t\t\t\t<div class=\"elementor-post__meta-data\">\n\t\t\t\t\t<span class=\"elementor-post-author\">\n\t\t\tLudmila Baldoni\t\t<\/span>\n\t\t\t\t<\/div>\n\t\t\n\t\t<a class=\"elementor-post__read-more\" href=\"https:\/\/publikaai.com.br\/?p=580\" aria-label=\"Read more about Como fazer sugest\u00e3o de pauta?\" tabindex=\"-1\" >\n\t\t\tSaiba mais \u00bb\t\t<\/a>\n\n\t\t\t\t<\/div>\n\t\t\t\t<\/article>\n\t\t\t\t<article class=\"elementor-post elementor-grid-item post-578 post type-post status-publish format-standard has-post-thumbnail hentry category-imprensa\">\n\t\t\t\t<a class=\"elementor-post__thumbnail__link\" href=\"https:\/\/publikaai.com.br\/?p=578\" tabindex=\"-1\" >\n\t\t\t<div class=\"elementor-post__thumbnail\"><img loading=\"lazy\" decoding=\"async\" width=\"800\" height=\"400\" src=\"https:\/\/publikaai.com.br\/wp-content\/uploads\/2021\/08\/O-que-e-pauta-jornalistica.jpg\" class=\"attachment-full size-full wp-image-572\" alt=\"O que \u00e9 pauta jornal\u00edstica\" srcset=\"https:\/\/publikaai.com.br\/wp-content\/uploads\/2021\/08\/O-que-e-pauta-jornalistica.jpg 800w, https:\/\/publikaai.com.br\/wp-content\/uploads\/2021\/08\/O-que-e-pauta-jornalistica-300x150.jpg 300w, https:\/\/publikaai.com.br\/wp-content\/uploads\/2021\/08\/O-que-e-pauta-jornalistica-768x384.jpg 768w, https:\/\/publikaai.com.br\/wp-content\/uploads\/2021\/08\/O-que-e-pauta-jornalistica-260x130.jpg 260w, https:\/\/publikaai.com.br\/wp-content\/uploads\/2021\/08\/O-que-e-pauta-jornalistica-50x25.jpg 50w, https:\/\/publikaai.com.br\/wp-content\/uploads\/2021\/08\/O-que-e-pauta-jornalistica-150x75.jpg 150w\" sizes=\"(max-width: 800px) 100vw, 800px\" \/><\/div>\n\t\t<\/a>\n\t\t\t\t<div class=\"elementor-post__text\">\n\t\t\t\t<h3 class=\"elementor-post__title\">\n\t\t\t<a href=\"https:\/\/publikaai.com.br\/?p=578\" >\n\t\t\t\tO que \u00e9 pauta jornal\u00edstica? Sua empresa precisa dela?\t\t\t<\/a>\n\t\t<\/h3>\n\t\t\t\t<div class=\"elementor-post__meta-data\">\n\t\t\t\t\t<span class=\"elementor-post-author\">\n\t\t\tLudmila Baldoni\t\t<\/span>\n\t\t\t\t<\/div>\n\t\t\n\t\t<a class=\"elementor-post__read-more\" href=\"https:\/\/publikaai.com.br\/?p=578\" aria-label=\"Read more about O que \u00e9 pauta jornal\u00edstica? Sua empresa precisa dela?\" tabindex=\"-1\" >\n\t\t\tSaiba mais \u00bb\t\t<\/a>\n\n\t\t\t\t<\/div>\n\t\t\t\t<\/article>\n\t\t\t\t<article class=\"elementor-post elementor-grid-item post-574 post type-post status-publish format-standard has-post-thumbnail hentry category-imprensa\">\n\t\t\t\t<a class=\"elementor-post__thumbnail__link\" href=\"https:\/\/publikaai.com.br\/?p=574\" tabindex=\"-1\" >\n\t\t\t<div class=\"elementor-post__thumbnail\"><img loading=\"lazy\" decoding=\"async\" width=\"800\" height=\"400\" src=\"https:\/\/publikaai.com.br\/wp-content\/uploads\/2021\/08\/O-que-e-mailing-de-imprensa.jpg\" class=\"attachment-full size-full wp-image-573\" alt=\"O que \u00e9 mailing de imprensa\" srcset=\"https:\/\/publikaai.com.br\/wp-content\/uploads\/2021\/08\/O-que-e-mailing-de-imprensa.jpg 800w, https:\/\/publikaai.com.br\/wp-content\/uploads\/2021\/08\/O-que-e-mailing-de-imprensa-300x150.jpg 300w, https:\/\/publikaai.com.br\/wp-content\/uploads\/2021\/08\/O-que-e-mailing-de-imprensa-768x384.jpg 768w, https:\/\/publikaai.com.br\/wp-content\/uploads\/2021\/08\/O-que-e-mailing-de-imprensa-260x130.jpg 260w, https:\/\/publikaai.com.br\/wp-content\/uploads\/2021\/08\/O-que-e-mailing-de-imprensa-50x25.jpg 50w, https:\/\/publikaai.com.br\/wp-content\/uploads\/2021\/08\/O-que-e-mailing-de-imprensa-150x75.jpg 150w\" sizes=\"(max-width: 800px) 100vw, 800px\" \/><\/div>\n\t\t<\/a>\n\t\t\t\t<div class=\"elementor-post__text\">\n\t\t\t\t<h3 class=\"elementor-post__title\">\n\t\t\t<a href=\"https:\/\/publikaai.com.br\/?p=574\" >\n\t\t\t\tO que \u00e9 mailing de imprensa? Para que serve?\t\t\t<\/a>\n\t\t<\/h3>\n\t\t\t\t<div class=\"elementor-post__meta-data\">\n\t\t\t\t\t<span class=\"elementor-post-author\">\n\t\t\tLudmila Baldoni\t\t<\/span>\n\t\t\t\t<\/div>\n\t\t\n\t\t<a class=\"elementor-post__read-more\" href=\"https:\/\/publikaai.com.br\/?p=574\" aria-label=\"Read more about O que \u00e9 mailing de imprensa? Para que serve?\" tabindex=\"-1\" >\n\t\t\tSaiba mais \u00bb\t\t<\/a>\n\n\t\t\t\t<\/div>\n\t\t\t\t<\/article>\n\t\t\t\t<article class=\"elementor-post elementor-grid-item post-442 post type-post status-publish format-standard has-post-thumbnail hentry category-comunicacao\">\n\t\t\t\t<a class=\"elementor-post__thumbnail__link\" href=\"https:\/\/publikaai.com.br\/?p=442\" tabindex=\"-1\" >\n\t\t\t<div class=\"elementor-post__thumbnail\"><img loading=\"lazy\" decoding=\"async\" width=\"800\" height=\"400\" src=\"https:\/\/publikaai.com.br\/wp-content\/uploads\/2021\/05\/Principais-problemas-de-comunicacao-nas-empresas.jpg\" class=\"attachment-full size-full wp-image-430\" alt=\"Principais problemas de comunica\u00e7\u00e3o nas empresas\" srcset=\"https:\/\/publikaai.com.br\/wp-content\/uploads\/2021\/05\/Principais-problemas-de-comunicacao-nas-empresas.jpg 800w, https:\/\/publikaai.com.br\/wp-content\/uploads\/2021\/05\/Principais-problemas-de-comunicacao-nas-empresas-300x150.jpg 300w, https:\/\/publikaai.com.br\/wp-content\/uploads\/2021\/05\/Principais-problemas-de-comunicacao-nas-empresas-768x384.jpg 768w, https:\/\/publikaai.com.br\/wp-content\/uploads\/2021\/05\/Principais-problemas-de-comunicacao-nas-empresas-260x130.jpg 260w, https:\/\/publikaai.com.br\/wp-content\/uploads\/2021\/05\/Principais-problemas-de-comunicacao-nas-empresas-50x25.jpg 50w, https:\/\/publikaai.com.br\/wp-content\/uploads\/2021\/05\/Principais-problemas-de-comunicacao-nas-empresas-150x75.jpg 150w\" sizes=\"(max-width: 800px) 100vw, 800px\" \/><\/div>\n\t\t<\/a>\n\t\t\t\t<div class=\"elementor-post__text\">\n\t\t\t\t<h3 class=\"elementor-post__title\">\n\t\t\t<a href=\"https:\/\/publikaai.com.br\/?p=442\" >\n\t\t\t\tPrincipais problemas de comunica\u00e7\u00e3o nas empresas\t\t\t<\/a>\n\t\t<\/h3>\n\t\t\t\t<div class=\"elementor-post__meta-data\">\n\t\t\t\t\t<span class=\"elementor-post-author\">\n\t\t\tLudmila Baldoni\t\t<\/span>\n\t\t\t\t<\/div>\n\t\t\n\t\t<a class=\"elementor-post__read-more\" href=\"https:\/\/publikaai.com.br\/?p=442\" aria-label=\"Read more about Principais problemas de comunica\u00e7\u00e3o nas empresas\" tabindex=\"-1\" >\n\t\t\tSaiba mais \u00bb\t\t<\/a>\n\n\t\t\t\t<\/div>\n\t\t\t\t<\/article>\n\t\t\t\t<article class=\"elementor-post elementor-grid-item post-439 post type-post status-publish format-standard has-post-thumbnail hentry category-imprensa\">\n\t\t\t\t<a class=\"elementor-post__thumbnail__link\" href=\"https:\/\/publikaai.com.br\/?p=439\" tabindex=\"-1\" >\n\t\t\t<div class=\"elementor-post__thumbnail\"><img loading=\"lazy\" decoding=\"async\" width=\"800\" height=\"400\" src=\"https:\/\/publikaai.com.br\/wp-content\/uploads\/2021\/05\/Como-funciona-uma-assessoria-de-imprensa.jpg\" class=\"attachment-full size-full wp-image-431\" alt=\"Como funciona uma assessoria de imprensa?\" srcset=\"https:\/\/publikaai.com.br\/wp-content\/uploads\/2021\/05\/Como-funciona-uma-assessoria-de-imprensa.jpg 800w, https:\/\/publikaai.com.br\/wp-content\/uploads\/2021\/05\/Como-funciona-uma-assessoria-de-imprensa-300x150.jpg 300w, https:\/\/publikaai.com.br\/wp-content\/uploads\/2021\/05\/Como-funciona-uma-assessoria-de-imprensa-768x384.jpg 768w, https:\/\/publikaai.com.br\/wp-content\/uploads\/2021\/05\/Como-funciona-uma-assessoria-de-imprensa-260x130.jpg 260w, https:\/\/publikaai.com.br\/wp-content\/uploads\/2021\/05\/Como-funciona-uma-assessoria-de-imprensa-50x25.jpg 50w, https:\/\/publikaai.com.br\/wp-content\/uploads\/2021\/05\/Como-funciona-uma-assessoria-de-imprensa-150x75.jpg 150w\" sizes=\"(max-width: 800px) 100vw, 800px\" \/><\/div>\n\t\t<\/a>\n\t\t\t\t<div class=\"elementor-post__text\">\n\t\t\t\t<h3 class=\"elementor-post__title\">\n\t\t\t<a href=\"https:\/\/publikaai.com.br\/?p=439\" >\n\t\t\t\tComo funciona uma assessoria de imprensa?\t\t\t<\/a>\n\t\t<\/h3>\n\t\t\t\t<div class=\"elementor-post__meta-data\">\n\t\t\t\t\t<span class=\"elementor-post-author\">\n\t\t\tLudmila Baldoni\t\t<\/span>\n\t\t\t\t<\/div>\n\t\t\n\t\t<a class=\"elementor-post__read-more\" href=\"https:\/\/publikaai.com.br\/?p=439\" aria-label=\"Read more about Como funciona uma assessoria de imprensa?\" tabindex=\"-1\" >\n\t\t\tSaiba mais \u00bb\t\t<\/a>\n\n\t\t\t\t<\/div>\n\t\t\t\t<\/article>\n\t\t\t\t<article class=\"elementor-post elementor-grid-item post-436 post type-post status-publish format-standard has-post-thumbnail hentry category-marketing\">\n\t\t\t\t<a class=\"elementor-post__thumbnail__link\" href=\"https:\/\/publikaai.com.br\/?p=436\" tabindex=\"-1\" >\n\t\t\t<div class=\"elementor-post__thumbnail\"><img loading=\"lazy\" decoding=\"async\" width=\"800\" height=\"400\" src=\"https:\/\/publikaai.com.br\/wp-content\/uploads\/2021\/05\/gatilhos-mentais-poderosos-para-influenciar-pessoas.jpg\" class=\"attachment-full size-full wp-image-432\" alt=\"gatilhos mentais poderosos para influenciar pessoas\" srcset=\"https:\/\/publikaai.com.br\/wp-content\/uploads\/2021\/05\/gatilhos-mentais-poderosos-para-influenciar-pessoas.jpg 800w, https:\/\/publikaai.com.br\/wp-content\/uploads\/2021\/05\/gatilhos-mentais-poderosos-para-influenciar-pessoas-300x150.jpg 300w, https:\/\/publikaai.com.br\/wp-content\/uploads\/2021\/05\/gatilhos-mentais-poderosos-para-influenciar-pessoas-768x384.jpg 768w, https:\/\/publikaai.com.br\/wp-content\/uploads\/2021\/05\/gatilhos-mentais-poderosos-para-influenciar-pessoas-260x130.jpg 260w, https:\/\/publikaai.com.br\/wp-content\/uploads\/2021\/05\/gatilhos-mentais-poderosos-para-influenciar-pessoas-50x25.jpg 50w, https:\/\/publikaai.com.br\/wp-content\/uploads\/2021\/05\/gatilhos-mentais-poderosos-para-influenciar-pessoas-150x75.jpg 150w\" sizes=\"(max-width: 800px) 100vw, 800px\" \/><\/div>\n\t\t<\/a>\n\t\t\t\t<div class=\"elementor-post__text\">\n\t\t\t\t<h3 class=\"elementor-post__title\">\n\t\t\t<a href=\"https:\/\/publikaai.com.br\/?p=436\" >\n\t\t\t\t7 gatilhos mentais poderosos para influenciar pessoas\t\t\t<\/a>\n\t\t<\/h3>\n\t\t\t\t<div class=\"elementor-post__meta-data\">\n\t\t\t\t\t<span class=\"elementor-post-author\">\n\t\t\tLudmila Baldoni\t\t<\/span>\n\t\t\t\t<\/div>\n\t\t\n\t\t<a class=\"elementor-post__read-more\" href=\"https:\/\/publikaai.com.br\/?p=436\" aria-label=\"Read more about 7 gatilhos mentais poderosos para influenciar pessoas\" tabindex=\"-1\" >\n\t\t\tSaiba mais \u00bb\t\t<\/a>\n\n\t\t\t\t<\/div>\n\t\t\t\t<\/article>\n\t\t\t\t<article class=\"elementor-post elementor-grid-item post-434 post type-post status-publish format-standard has-post-thumbnail hentry category-comunicacao\">\n\t\t\t\t<a class=\"elementor-post__thumbnail__link\" href=\"https:\/\/publikaai.com.br\/?p=434\" tabindex=\"-1\" >\n\t\t\t<div class=\"elementor-post__thumbnail\"><img loading=\"lazy\" decoding=\"async\" width=\"800\" height=\"400\" src=\"https:\/\/publikaai.com.br\/wp-content\/uploads\/2021\/05\/O-que-e-editorial.jpg\" class=\"attachment-full size-full wp-image-433\" alt=\"O que \u00e9 editorial\" srcset=\"https:\/\/publikaai.com.br\/wp-content\/uploads\/2021\/05\/O-que-e-editorial.jpg 800w, https:\/\/publikaai.com.br\/wp-content\/uploads\/2021\/05\/O-que-e-editorial-300x150.jpg 300w, https:\/\/publikaai.com.br\/wp-content\/uploads\/2021\/05\/O-que-e-editorial-768x384.jpg 768w, https:\/\/publikaai.com.br\/wp-content\/uploads\/2021\/05\/O-que-e-editorial-260x130.jpg 260w, https:\/\/publikaai.com.br\/wp-content\/uploads\/2021\/05\/O-que-e-editorial-50x25.jpg 50w, https:\/\/publikaai.com.br\/wp-content\/uploads\/2021\/05\/O-que-e-editorial-150x75.jpg 150w\" sizes=\"(max-width: 800px) 100vw, 800px\" \/><\/div>\n\t\t<\/a>\n\t\t\t\t<div class=\"elementor-post__text\">\n\t\t\t\t<h3 class=\"elementor-post__title\">\n\t\t\t<a href=\"https:\/\/publikaai.com.br\/?p=434\" >\n\t\t\t\tO que \u00e9 um editorial?\t\t\t<\/a>\n\t\t<\/h3>\n\t\t\t\t<div class=\"elementor-post__meta-data\">\n\t\t\t\t\t<span class=\"elementor-post-author\">\n\t\t\tLudmila Baldoni\t\t<\/span>\n\t\t\t\t<\/div>\n\t\t\n\t\t<a class=\"elementor-post__read-more\" href=\"https:\/\/publikaai.com.br\/?p=434\" aria-label=\"Read more about O que \u00e9 um editorial?\" tabindex=\"-1\" >\n\t\t\tSaiba mais \u00bb\t\t<\/a>\n\n\t\t\t\t<\/div>\n\t\t\t\t<\/article>\n\t\t\t\t<article class=\"elementor-post elementor-grid-item post-427 post type-post status-publish format-standard has-post-thumbnail hentry category-comunicacao\">\n\t\t\t\t<a class=\"elementor-post__thumbnail__link\" href=\"https:\/\/publikaai.com.br\/?p=427\" tabindex=\"-1\" >\n\t\t\t<div class=\"elementor-post__thumbnail\"><img loading=\"lazy\" decoding=\"async\" width=\"800\" height=\"400\" src=\"https:\/\/publikaai.com.br\/wp-content\/uploads\/2021\/05\/o-que-e-rp.jpg\" class=\"attachment-full size-full wp-image-426\" alt=\"o que \u00e9 rp\" srcset=\"https:\/\/publikaai.com.br\/wp-content\/uploads\/2021\/05\/o-que-e-rp.jpg 800w, https:\/\/publikaai.com.br\/wp-content\/uploads\/2021\/05\/o-que-e-rp-300x150.jpg 300w, https:\/\/publikaai.com.br\/wp-content\/uploads\/2021\/05\/o-que-e-rp-768x384.jpg 768w, https:\/\/publikaai.com.br\/wp-content\/uploads\/2021\/05\/o-que-e-rp-260x130.jpg 260w, https:\/\/publikaai.com.br\/wp-content\/uploads\/2021\/05\/o-que-e-rp-50x25.jpg 50w, https:\/\/publikaai.com.br\/wp-content\/uploads\/2021\/05\/o-que-e-rp-150x75.jpg 150w\" sizes=\"(max-width: 800px) 100vw, 800px\" \/><\/div>\n\t\t<\/a>\n\t\t\t\t<div class=\"elementor-post__text\">\n\t\t\t\t<h3 class=\"elementor-post__title\">\n\t\t\t<a href=\"https:\/\/publikaai.com.br\/?p=427\" >\n\t\t\t\tO que \u00e9 RP ou PR? Entenda o significado e atividades desse profissional\t\t\t<\/a>\n\t\t<\/h3>\n\t\t\t\t<div class=\"elementor-post__meta-data\">\n\t\t\t\t\t<span class=\"elementor-post-author\">\n\t\t\tLudmila Baldoni\t\t<\/span>\n\t\t\t\t<\/div>\n\t\t\n\t\t<a class=\"elementor-post__read-more\" href=\"https:\/\/publikaai.com.br\/?p=427\" aria-label=\"Read more about O que \u00e9 RP ou PR? Entenda o significado e atividades desse profissional\" tabindex=\"-1\" >\n\t\t\tSaiba mais \u00bb\t\t<\/a>\n\n\t\t\t\t<\/div>\n\t\t\t\t<\/article>\n\t\t\t\t<\/div>\n\t\t\n\t\t\t\t\t\t<\/div>\n\t\t\t\t<\/div>\n\t\t\t\t\t<\/div>\n\t\t<\/div>\n\t\t\t\t\t<\/div>\n\t\t<\/section>\n\t\t\t\t\t<\/div>\n\t\t<\/div>\n\t\t\t\t\t<\/div>\n\t\t<\/section>\n\t\t\t\t<\/div>\n\t\t","protected":false},"excerpt":{"rendered":"<p>Essa \u00e9 uma ferramenta estrat\u00e9gica para melhorar o relacionamento com a imprensa e atrair mais visibilidade para a sua marca.<\/p>\n","protected":false},"author":3,"featured_media":570,"comment_status":"open","ping_status":"open","sticky":false,"template":"elementor_canvas","format":"standard","meta":{"_joinchat":[],"footnotes":""},"categories":[3],"tags":[],"class_list":["post-583","post","type-post","status-publish","format-standard","has-post-thumbnail","hentry","category-imprensa"],"yoast_head":"<!-- This site is optimized with the Yoast SEO plugin v20.8 - https:\/\/yoast.com\/wordpress\/plugins\/seo\/ -->\n<title>O que \u00e9 press kit? Para que serve? Por que fazer um?<\/title>\n<meta name=\"description\" content=\"Essa \u00e9 uma ferramenta estrat\u00e9gica para melhorar o relacionamento com a imprensa e atrair mais visibilidade para a sua marca.\" \/>\n<meta name=\"robots\" content=\"index, follow, max-snippet:-1, max-image-preview:large, max-video-preview:-1\" \/>\n<link rel=\"canonical\" href=\"https:\/\/publikaai.com.br\/?p=583\" \/>\n<meta property=\"og:locale\" content=\"pt_BR\" \/>\n<meta property=\"og:type\" content=\"article\" \/>\n<meta property=\"og:title\" content=\"O que \u00e9 press kit? Para que serve? Por que fazer um?\" \/>\n<meta property=\"og:description\" content=\"Essa \u00e9 uma ferramenta estrat\u00e9gica para melhorar o relacionamento com a imprensa e atrair mais visibilidade para a sua marca.\" \/>\n<meta property=\"og:url\" content=\"https:\/\/publikaai.com.br\/?p=583\" \/>\n<meta property=\"og:site_name\" content=\"Publika.a\u00ed Comunica\u00e7\u00e3o\" \/>\n<meta property=\"article:published_time\" content=\"2021-08-05T15:01:53+00:00\" \/>\n<meta property=\"article:modified_time\" content=\"2023-03-10T16:29:08+00:00\" \/>\n<meta property=\"og:image\" content=\"https:\/\/publikaai.com.br\/wp-content\/uploads\/2021\/08\/o-que-e-press-kit-.jpg\" \/>\n\t<meta property=\"og:image:width\" content=\"800\" \/>\n\t<meta property=\"og:image:height\" content=\"400\" \/>\n\t<meta property=\"og:image:type\" content=\"image\/jpeg\" \/>\n<meta name=\"author\" content=\"Ludmila Baldoni\" \/>\n<meta name=\"twitter:card\" content=\"summary_large_image\" \/>\n<meta name=\"twitter:label1\" content=\"Escrito por\" \/>\n\t<meta name=\"twitter:data1\" content=\"Ludmila Baldoni\" \/>\n\t<meta name=\"twitter:label2\" content=\"Est. tempo de leitura\" \/>\n\t<meta name=\"twitter:data2\" content=\"12 minutos\" \/>\n<script type=\"application\/ld+json\" class=\"yoast-schema-graph\">{\"@context\":\"https:\/\/schema.org\",\"@graph\":[{\"@type\":\"Article\",\"@id\":\"https:\/\/publikaai.com.br\/?p=583#article\",\"isPartOf\":{\"@id\":\"https:\/\/publikaai.com.br\/?p=583\"},\"author\":{\"name\":\"Ludmila Baldoni\",\"@id\":\"https:\/\/publikaai.com.br\/#\/schema\/person\/2a77ee012024d58d7df0e1f5e29da70a\"},\"headline\":\"O que \u00e9 press kit?\",\"datePublished\":\"2021-08-05T15:01:53+00:00\",\"dateModified\":\"2023-03-10T16:29:08+00:00\",\"mainEntityOfPage\":{\"@id\":\"https:\/\/publikaai.com.br\/?p=583\"},\"wordCount\":1217,\"commentCount\":0,\"publisher\":{\"@id\":\"https:\/\/publikaai.com.br\/#organization\"},\"articleSection\":[\"Imprensa\"],\"inLanguage\":\"pt-BR\",\"potentialAction\":[{\"@type\":\"CommentAction\",\"name\":\"Comment\",\"target\":[\"https:\/\/publikaai.com.br\/?p=583#respond\"]}]},{\"@type\":\"WebPage\",\"@id\":\"https:\/\/publikaai.com.br\/?p=583\",\"url\":\"https:\/\/publikaai.com.br\/?p=583\",\"name\":\"O que \u00e9 press kit? Para que serve? Por que fazer um?\",\"isPartOf\":{\"@id\":\"https:\/\/publikaai.com.br\/#website\"},\"datePublished\":\"2021-08-05T15:01:53+00:00\",\"dateModified\":\"2023-03-10T16:29:08+00:00\",\"description\":\"Essa \u00e9 uma ferramenta estrat\u00e9gica para melhorar o relacionamento com a imprensa e atrair mais visibilidade para a sua marca.\",\"breadcrumb\":{\"@id\":\"https:\/\/publikaai.com.br\/?p=583#breadcrumb\"},\"inLanguage\":\"pt-BR\",\"potentialAction\":[{\"@type\":\"ReadAction\",\"target\":[\"https:\/\/publikaai.com.br\/?p=583\"]}]},{\"@type\":\"BreadcrumbList\",\"@id\":\"https:\/\/publikaai.com.br\/?p=583#breadcrumb\",\"itemListElement\":[{\"@type\":\"ListItem\",\"position\":1,\"name\":\"In\u00edcio\",\"item\":\"https:\/\/publikaai.com.br\/\"},{\"@type\":\"ListItem\",\"position\":2,\"name\":\"O que \u00e9 press kit?\"}]},{\"@type\":\"WebSite\",\"@id\":\"https:\/\/publikaai.com.br\/#website\",\"url\":\"https:\/\/publikaai.com.br\/\",\"name\":\"Publika.a\u00ed Comunica\u00e7\u00e3o e Marketing\",\"description\":\"Uma ag\u00eancia com foco em resultado, n\u00e3o segmentada e que transita com facilidade em todos os canais e ve\u00edculos de comunica\u00e7\u00e3o.\",\"publisher\":{\"@id\":\"https:\/\/publikaai.com.br\/#organization\"},\"potentialAction\":[{\"@type\":\"SearchAction\",\"target\":{\"@type\":\"EntryPoint\",\"urlTemplate\":\"https:\/\/publikaai.com.br\/?s={search_term_string}\"},\"query-input\":\"required name=search_term_string\"}],\"inLanguage\":\"pt-BR\"},{\"@type\":\"Organization\",\"@id\":\"https:\/\/publikaai.com.br\/#organization\",\"name\":\"Publika.a\u00ed Comunica\u00e7\u00e3o e Marketing\",\"url\":\"https:\/\/publikaai.com.br\/\",\"logo\":{\"@type\":\"ImageObject\",\"inLanguage\":\"pt-BR\",\"@id\":\"https:\/\/publikaai.com.br\/#\/schema\/logo\/image\/\",\"url\":\"https:\/\/publikaai.com.br\/wp-content\/uploads\/2023\/03\/cropped-publika_ai.webp\",\"contentUrl\":\"https:\/\/publikaai.com.br\/wp-content\/uploads\/2023\/03\/cropped-publika_ai.webp\",\"width\":1350,\"height\":352,\"caption\":\"Publika.a\u00ed Comunica\u00e7\u00e3o e Marketing\"},\"image\":{\"@id\":\"https:\/\/publikaai.com.br\/#\/schema\/logo\/image\/\"},\"sameAs\":[\"https:\/\/www.instagram.com\/publika.ai\"]},{\"@type\":\"Person\",\"@id\":\"https:\/\/publikaai.com.br\/#\/schema\/person\/2a77ee012024d58d7df0e1f5e29da70a\",\"name\":\"Ludmila Baldoni\",\"image\":{\"@type\":\"ImageObject\",\"inLanguage\":\"pt-BR\",\"@id\":\"https:\/\/publikaai.com.br\/#\/schema\/person\/image\/\",\"url\":\"https:\/\/secure.gravatar.com\/avatar\/729ce976da06ee45293a97cfb2794a36?s=96&d=mm&r=g\",\"contentUrl\":\"https:\/\/secure.gravatar.com\/avatar\/729ce976da06ee45293a97cfb2794a36?s=96&d=mm&r=g\",\"caption\":\"Ludmila Baldoni\"},\"description\":\"Comunicativa por natureza ingressou na faculdade de jornalismo ciente do que queria para a sua trajet\u00f3ria profissional e desde ent\u00e3o, a assessoria de imprensa se tornou sua grande paix\u00e3o. Com mais de quinze anos de experi\u00eancia, j\u00e1 atuou como consultora em projetos de comunica\u00e7\u00e3o, coordenou e liderou equipes de jornalistas, organizou feiras e eventos, gerenciou a\u00e7\u00f5es de marketing em todo o pa\u00eds. Durante seis foi anos foi s\u00f3cia de uma assessoria de imprensa e recentemente decidiu buscar v\u00f4os mais altos e fundou a Publika\u00ed, uma ag\u00eancia que tem como miss\u00e3o encontrar solu\u00e7\u00f5es de comunica\u00e7\u00e3o atrav\u00e9s de modelos multissetorias.\",\"url\":\"https:\/\/publikaai.com.br\/?author=3\"}]}<\/script>\n<!-- \/ Yoast SEO plugin. -->","yoast_head_json":{"title":"O que \u00e9 press kit? Para que serve? Por que fazer um?","description":"Essa \u00e9 uma ferramenta estrat\u00e9gica para melhorar o relacionamento com a imprensa e atrair mais visibilidade para a sua marca.","robots":{"index":"index","follow":"follow","max-snippet":"max-snippet:-1","max-image-preview":"max-image-preview:large","max-video-preview":"max-video-preview:-1"},"canonical":"https:\/\/publikaai.com.br\/?p=583","og_locale":"pt_BR","og_type":"article","og_title":"O que \u00e9 press kit? Para que serve? Por que fazer um?","og_description":"Essa \u00e9 uma ferramenta estrat\u00e9gica para melhorar o relacionamento com a imprensa e atrair mais visibilidade para a sua marca.","og_url":"https:\/\/publikaai.com.br\/?p=583","og_site_name":"Publika.a\u00ed Comunica\u00e7\u00e3o","article_published_time":"2021-08-05T15:01:53+00:00","article_modified_time":"2023-03-10T16:29:08+00:00","og_image":[{"width":800,"height":400,"url":"https:\/\/publikaai.com.br\/wp-content\/uploads\/2021\/08\/o-que-e-press-kit-.jpg","type":"image\/jpeg"}],"author":"Ludmila Baldoni","twitter_card":"summary_large_image","twitter_misc":{"Escrito por":"Ludmila Baldoni","Est. tempo de leitura":"12 minutos"},"schema":{"@context":"https:\/\/schema.org","@graph":[{"@type":"Article","@id":"https:\/\/publikaai.com.br\/?p=583#article","isPartOf":{"@id":"https:\/\/publikaai.com.br\/?p=583"},"author":{"name":"Ludmila Baldoni","@id":"https:\/\/publikaai.com.br\/#\/schema\/person\/2a77ee012024d58d7df0e1f5e29da70a"},"headline":"O que \u00e9 press kit?","datePublished":"2021-08-05T15:01:53+00:00","dateModified":"2023-03-10T16:29:08+00:00","mainEntityOfPage":{"@id":"https:\/\/publikaai.com.br\/?p=583"},"wordCount":1217,"commentCount":0,"publisher":{"@id":"https:\/\/publikaai.com.br\/#organization"},"articleSection":["Imprensa"],"inLanguage":"pt-BR","potentialAction":[{"@type":"CommentAction","name":"Comment","target":["https:\/\/publikaai.com.br\/?p=583#respond"]}]},{"@type":"WebPage","@id":"https:\/\/publikaai.com.br\/?p=583","url":"https:\/\/publikaai.com.br\/?p=583","name":"O que \u00e9 press kit? Para que serve? Por que fazer um?","isPartOf":{"@id":"https:\/\/publikaai.com.br\/#website"},"datePublished":"2021-08-05T15:01:53+00:00","dateModified":"2023-03-10T16:29:08+00:00","description":"Essa \u00e9 uma ferramenta estrat\u00e9gica para melhorar o relacionamento com a imprensa e atrair mais visibilidade para a sua marca.","breadcrumb":{"@id":"https:\/\/publikaai.com.br\/?p=583#breadcrumb"},"inLanguage":"pt-BR","potentialAction":[{"@type":"ReadAction","target":["https:\/\/publikaai.com.br\/?p=583"]}]},{"@type":"BreadcrumbList","@id":"https:\/\/publikaai.com.br\/?p=583#breadcrumb","itemListElement":[{"@type":"ListItem","position":1,"name":"In\u00edcio","item":"https:\/\/publikaai.com.br\/"},{"@type":"ListItem","position":2,"name":"O que \u00e9 press kit?"}]},{"@type":"WebSite","@id":"https:\/\/publikaai.com.br\/#website","url":"https:\/\/publikaai.com.br\/","name":"Publika.a\u00ed Comunica\u00e7\u00e3o e Marketing","description":"Uma ag\u00eancia com foco em resultado, n\u00e3o segmentada e que transita com facilidade em todos os canais e ve\u00edculos de comunica\u00e7\u00e3o.","publisher":{"@id":"https:\/\/publikaai.com.br\/#organization"},"potentialAction":[{"@type":"SearchAction","target":{"@type":"EntryPoint","urlTemplate":"https:\/\/publikaai.com.br\/?s={search_term_string}"},"query-input":"required name=search_term_string"}],"inLanguage":"pt-BR"},{"@type":"Organization","@id":"https:\/\/publikaai.com.br\/#organization","name":"Publika.a\u00ed Comunica\u00e7\u00e3o e Marketing","url":"https:\/\/publikaai.com.br\/","logo":{"@type":"ImageObject","inLanguage":"pt-BR","@id":"https:\/\/publikaai.com.br\/#\/schema\/logo\/image\/","url":"https:\/\/publikaai.com.br\/wp-content\/uploads\/2023\/03\/cropped-publika_ai.webp","contentUrl":"https:\/\/publikaai.com.br\/wp-content\/uploads\/2023\/03\/cropped-publika_ai.webp","width":1350,"height":352,"caption":"Publika.a\u00ed Comunica\u00e7\u00e3o e Marketing"},"image":{"@id":"https:\/\/publikaai.com.br\/#\/schema\/logo\/image\/"},"sameAs":["https:\/\/www.instagram.com\/publika.ai"]},{"@type":"Person","@id":"https:\/\/publikaai.com.br\/#\/schema\/person\/2a77ee012024d58d7df0e1f5e29da70a","name":"Ludmila Baldoni","image":{"@type":"ImageObject","inLanguage":"pt-BR","@id":"https:\/\/publikaai.com.br\/#\/schema\/person\/image\/","url":"https:\/\/secure.gravatar.com\/avatar\/729ce976da06ee45293a97cfb2794a36?s=96&d=mm&r=g","contentUrl":"https:\/\/secure.gravatar.com\/avatar\/729ce976da06ee45293a97cfb2794a36?s=96&d=mm&r=g","caption":"Ludmila Baldoni"},"description":"Comunicativa por natureza ingressou na faculdade de jornalismo ciente do que queria para a sua trajet\u00f3ria profissional e desde ent\u00e3o, a assessoria de imprensa se tornou sua grande paix\u00e3o. Com mais de quinze anos de experi\u00eancia, j\u00e1 atuou como consultora em projetos de comunica\u00e7\u00e3o, coordenou e liderou equipes de jornalistas, organizou feiras e eventos, gerenciou a\u00e7\u00f5es de marketing em todo o pa\u00eds. Durante seis foi anos foi s\u00f3cia de uma assessoria de imprensa e recentemente decidiu buscar v\u00f4os mais altos e fundou a Publika\u00ed, uma ag\u00eancia que tem como miss\u00e3o encontrar solu\u00e7\u00f5es de comunica\u00e7\u00e3o atrav\u00e9s de modelos multissetorias.","url":"https:\/\/publikaai.com.br\/?author=3"}]}},"_links":{"self":[{"href":"https:\/\/publikaai.com.br\/index.php?rest_route=\/wp\/v2\/posts\/583","targetHints":{"allow":["GET"]}}],"collection":[{"href":"https:\/\/publikaai.com.br\/index.php?rest_route=\/wp\/v2\/posts"}],"about":[{"href":"https:\/\/publikaai.com.br\/index.php?rest_route=\/wp\/v2\/types\/post"}],"author":[{"embeddable":true,"href":"https:\/\/publikaai.com.br\/index.php?rest_route=\/wp\/v2\/users\/3"}],"replies":[{"embeddable":true,"href":"https:\/\/publikaai.com.br\/index.php?rest_route=%2Fwp%2Fv2%2Fcomments&post=583"}],"version-history":[{"count":14,"href":"https:\/\/publikaai.com.br\/index.php?rest_route=\/wp\/v2\/posts\/583\/revisions"}],"predecessor-version":[{"id":1081,"href":"https:\/\/publikaai.com.br\/index.php?rest_route=\/wp\/v2\/posts\/583\/revisions\/1081"}],"wp:featuredmedia":[{"embeddable":true,"href":"https:\/\/publikaai.com.br\/index.php?rest_route=\/wp\/v2\/media\/570"}],"wp:attachment":[{"href":"https:\/\/publikaai.com.br\/index.php?rest_route=%2Fwp%2Fv2%2Fmedia&parent=583"}],"wp:term":[{"taxonomy":"category","embeddable":true,"href":"https:\/\/publikaai.com.br\/index.php?rest_route=%2Fwp%2Fv2%2Fcategories&post=583"},{"taxonomy":"post_tag","embeddable":true,"href":"https:\/\/publikaai.com.br\/index.php?rest_route=%2Fwp%2Fv2%2Ftags&post=583"}],"curies":[{"name":"wp","href":"https:\/\/api.w.org\/{rel}","templated":true}]}}