{"id":622,"date":"2021-09-27T20:38:42","date_gmt":"2021-09-27T23:38:42","guid":{"rendered":"https:\/\/publikaai.com.br\/?p=622"},"modified":"2023-03-10T18:13:12","modified_gmt":"2023-03-10T21:13:12","slug":"estrategias-comunicacao-empresarial","status":"publish","type":"post","link":"https:\/\/publikaai.com.br\/?p=622","title":{"rendered":"Principais estrat\u00e9gias de comunica\u00e7\u00e3o empresarial"},"content":{"rendered":"\t\t<div data-elementor-type=\"wp-post\" data-elementor-id=\"622\" class=\"elementor elementor-622\" data-elementor-post-type=\"post\">\n\t\t\t\t\t\t<section class=\"elementor-section elementor-top-section elementor-element elementor-element-439ec952 elementor-section-boxed elementor-section-height-default elementor-section-height-default\" data-id=\"439ec952\" data-element_type=\"section\" data-settings=\"{&quot;background_background&quot;:&quot;classic&quot;}\">\n\t\t\t\t\t\t\t<div class=\"elementor-background-overlay\"><\/div>\n\t\t\t\t\t\t\t<div class=\"elementor-container elementor-column-gap-default\">\n\t\t\t\t\t<div class=\"elementor-column elementor-col-100 elementor-top-column elementor-element elementor-element-23b803f1\" data-id=\"23b803f1\" data-element_type=\"column\">\n\t\t\t<div class=\"elementor-widget-wrap elementor-element-populated\">\n\t\t\t\t\t\t<div class=\"elementor-element elementor-element-1e5b4e02 elementor-invisible elementor-widget elementor-widget-heading\" data-id=\"1e5b4e02\" data-element_type=\"widget\" data-settings=\"{&quot;_animation&quot;:&quot;fadeInUp&quot;}\" data-widget_type=\"heading.default\">\n\t\t\t\t<div class=\"elementor-widget-container\">\n\t\t\t\t\t<h6 class=\"elementor-heading-title elementor-size-default\"><a href=\"https:\/\/publikaai.com.br\/?cat=5\" rel=\"tag\">Comunica\u00e7\u00e3o<\/a><\/h6>\t\t\t\t<\/div>\n\t\t\t\t<\/div>\n\t\t\t\t<div class=\"elementor-element elementor-element-cdd71c6 elementor-invisible elementor-widget elementor-widget-theme-post-title elementor-page-title elementor-widget-heading\" data-id=\"cdd71c6\" data-element_type=\"widget\" data-settings=\"{&quot;_animation&quot;:&quot;fadeInRight&quot;}\" data-widget_type=\"theme-post-title.default\">\n\t\t\t\t<div class=\"elementor-widget-container\">\n\t\t\t\t\t<h1 class=\"elementor-heading-title elementor-size-default\">Principais estrat\u00e9gias de comunica\u00e7\u00e3o empresarial<\/h1>\t\t\t\t<\/div>\n\t\t\t\t<\/div>\n\t\t\t\t<div class=\"elementor-element elementor-element-32c3ba90 elementor-invisible elementor-widget elementor-widget-post-info\" data-id=\"32c3ba90\" data-element_type=\"widget\" data-settings=\"{&quot;_animation&quot;:&quot;fadeInDown&quot;}\" data-widget_type=\"post-info.default\">\n\t\t\t\t<div class=\"elementor-widget-container\">\n\t\t\t\t\t\t\t<ul class=\"elementor-inline-items elementor-icon-list-items elementor-post-info\">\n\t\t\t\t\t\t\t\t<li class=\"elementor-icon-list-item elementor-repeater-item-78f1a26 elementor-inline-item\" itemprop=\"author\">\n\t\t\t\t\t\t<a href=\"https:\/\/publikaai.com.br\/?author=3\">\n\t\t\t\t\t\t\t\t\t\t\t<span class=\"elementor-icon-list-icon\">\n\t\t\t\t\t\t\t\t<i aria-hidden=\"true\" class=\"material-icons md-verified\" data-md-icon=\"verified\"><\/i>\t\t\t\t\t\t\t<\/span>\n\t\t\t\t\t\t\t\t\t<span class=\"elementor-icon-list-text elementor-post-info__item elementor-post-info__item--type-author\">\n\t\t\t\t\t\t\t\t\t\tLudmila Baldoni\t\t\t\t\t<\/span>\n\t\t\t\t\t\t\t\t\t<\/a>\n\t\t\t\t<\/li>\n\t\t\t\t<li class=\"elementor-icon-list-item elementor-repeater-item-34fd165 elementor-inline-item\" itemprop=\"datePublished\">\n\t\t\t\t\t\t<a href=\"https:\/\/publikaai.com.br\/?m=20210927\">\n\t\t\t\t\t\t\t\t\t\t\t<span class=\"elementor-icon-list-icon\">\n\t\t\t\t\t\t\t\t<i aria-hidden=\"true\" class=\"material-icons md-calendar_today\" data-md-icon=\"calendar_today\"><\/i>\t\t\t\t\t\t\t<\/span>\n\t\t\t\t\t\t\t\t\t<span class=\"elementor-icon-list-text elementor-post-info__item elementor-post-info__item--type-date\">\n\t\t\t\t\t\t\t\t\t\t<time>setembro 27, 2021<\/time>\t\t\t\t\t<\/span>\n\t\t\t\t\t\t\t\t\t<\/a>\n\t\t\t\t<\/li>\n\t\t\t\t<\/ul>\n\t\t\t\t\t\t<\/div>\n\t\t\t\t<\/div>\n\t\t\t\t\t<\/div>\n\t\t<\/div>\n\t\t\t\t\t<\/div>\n\t\t<\/section>\n\t\t\t\t<section class=\"elementor-section elementor-top-section elementor-element elementor-element-66ac4e7c elementor-section-boxed elementor-section-height-default elementor-section-height-default\" data-id=\"66ac4e7c\" data-element_type=\"section\">\n\t\t\t\t\t\t<div class=\"elementor-container elementor-column-gap-default\">\n\t\t\t\t\t<div class=\"elementor-column elementor-col-66 elementor-top-column elementor-element elementor-element-80c5bc9 animated-fast elementor-invisible\" data-id=\"80c5bc9\" data-element_type=\"column\" data-settings=\"{&quot;background_background&quot;:&quot;classic&quot;,&quot;animation&quot;:&quot;fadeInUp&quot;}\">\n\t\t\t<div class=\"elementor-widget-wrap elementor-element-populated\">\n\t\t\t\t\t\t<div class=\"elementor-element elementor-element-5706d079 elementor-widget elementor-widget-theme-post-featured-image elementor-widget-image\" data-id=\"5706d079\" data-element_type=\"widget\" data-widget_type=\"theme-post-featured-image.default\">\n\t\t\t\t<div class=\"elementor-widget-container\">\n\t\t\t\t\t\t\t\t\t\t\t\t\t\t\t<img fetchpriority=\"high\" decoding=\"async\" width=\"800\" height=\"400\" src=\"https:\/\/publikaai.com.br\/wp-content\/uploads\/2021\/09\/Principais-estrategias-de-comunicacao-empresarial.webp\" class=\"attachment-full size-full wp-image-1308\" alt=\"\" srcset=\"https:\/\/publikaai.com.br\/wp-content\/uploads\/2021\/09\/Principais-estrategias-de-comunicacao-empresarial.webp 800w, https:\/\/publikaai.com.br\/wp-content\/uploads\/2021\/09\/Principais-estrategias-de-comunicacao-empresarial-300x150.webp 300w, https:\/\/publikaai.com.br\/wp-content\/uploads\/2021\/09\/Principais-estrategias-de-comunicacao-empresarial-768x384.webp 768w\" sizes=\"(max-width: 800px) 100vw, 800px\" \/>\t\t\t\t\t\t\t\t\t\t\t\t\t\t\t<\/div>\n\t\t\t\t<\/div>\n\t\t\t\t<div class=\"elementor-element elementor-element-6d0a1d9 elementor-widget elementor-widget-text-editor\" data-id=\"6d0a1d9\" data-element_type=\"widget\" data-widget_type=\"text-editor.default\">\n\t\t\t\t<div class=\"elementor-widget-container\">\n\t\t\t\t\t\t\t\t\t<p>Seja voc\u00ea um pequeno empreendedor ou um empres\u00e1rio de sucesso, independente do porte da sua empresa, \u00e9 importante conhecer e saber usar as\u00a0<strong>principais estrat\u00e9gias de comunica\u00e7\u00e3o empresarial<\/strong>.<\/p><p>Elas ajudam a manter o time organizado, focado nos objetivos principais do neg\u00f3cio e v\u00e3o nortear a forma como os profissionais lidam com o p\u00fablico externo. O objetivo \u00e9 melhorar a imagem da empresa, al\u00e9m de otimizar o fluxo comunicacional interno.<\/p><p>Outro dia, eu abordei aqui no site\u00a0<a href=\"https:\/\/publikai.com.br\/comunicacao\/ruidos-comunicacao-empresarial\/\">uma s\u00e9rie de dicas para evitar os ru\u00eddos de comunica\u00e7\u00e3o dentro das empresas<\/a>. Se voc\u00ea ainda n\u00e3o leu, vale a pena dedicar um tempo no artigo.<\/p><p>Muitos pequenos neg\u00f3cios, como s\u00e3o os casos de cl\u00ednicas, escrit\u00f3rios de advocacia e de arquitetura, dentre outros, negligenciam a import\u00e2ncia desse tema e n\u00e3o conseguem compreender as raz\u00f5es pelas quais o time acaba batendo cabe\u00e7a em situa\u00e7\u00f5es simples.<\/p><p>Por isso, \u00e9 importante conhecer quais s\u00e3o as\u00a0<strong>principais estrat\u00e9gias de comunica\u00e7\u00e3o empresarial<\/strong>, adapt\u00e1-las \u00e0 sua realidade, com procedimentos para o p\u00fablico interno e externo, de uma forma que cada a\u00e7\u00e3o colabore para aumentar a credibilidade do seu neg\u00f3cio e o entrosamento da equipe.<\/p><p><strong>Uma comunica\u00e7\u00e3o empresarial bem feita \u00e9 capaz de alavancar resultados e, consequentemente, impulsionar os lucros<\/strong>. Fique atento!<\/p><h2>Quais s\u00e3o os benef\u00edcios da comunica\u00e7\u00e3o empresarial bem feita?<\/h2><p>Este \u00e9 um tipo de trabalho que precisa ser desenvolvido pela gest\u00e3o do neg\u00f3cio e que facilita para deixar os funcion\u00e1rios atuando de forma coesa, integrados e elevar a produtividade.<\/p><p>Atrav\u00e9s da implementa\u00e7\u00e3o de estrat\u00e9gias de comunica\u00e7\u00e3o empresarial, a i<strong>dentidade corporativa \u00e9 fortalecida,\u00a0<\/strong>al\u00e9m de fazer com que as equipes desenvolvam suas tarefas de maneira mais assertiva.<\/p><p>Ou seja, entre os benef\u00edcios das principais estrat\u00e9gias de comunica\u00e7\u00e3o empresarial, posso citar:\u00a0<\/p><ul><li>Construir a reputa\u00e7\u00e3o da organiza\u00e7\u00e3o;<\/li><li>Cultivar e desenvolver a identidade corporativa;<\/li><li>Otimizar o fluxo de comunica\u00e7\u00e3o interna;<\/li><li>Aumentar a esfera de influ\u00eancia interna.<\/li><\/ul><p>Por exemplo, quantas vezes um funcion\u00e1rio foi demitido ou pediu para sair e\u00a0<strong>levou com ele todo o conhecimento adquirido<\/strong>, sem que isso estivesse documentado para que outro pudesse fazer a mesma coisa? Este \u00e9 um problema muito comum nos diversos portes de empresas, inclusive naquelas que t\u00eam menos de cinco empregados.<\/p><p>Para que seu neg\u00f3cio n\u00e3o sofra com isso, eu tenho algumas sugest\u00f5es abaixo. Continue a leitura!<\/p><h2>Tipos de comunica\u00e7\u00e3o empresarial<\/h2><p>A efici\u00eancia da comunica\u00e7\u00e3o se d\u00e1 quando\u00a0<strong>s\u00e3o identificados os receptores da mensagem<\/strong>. Assim, \u00e9 poss\u00edvel adotar o melhor formato a ser aplicado e medir se ele est\u00e1 sendo eficaz em seus prop\u00f3sitos.<\/p><h3>Comunica\u00e7\u00e3o escrita<\/h3><p>Trata-se da\u00a0<strong>forma de comunica\u00e7\u00e3o mais usual dentro de uma empresa<\/strong>\u00a0e \u00e9 constitu\u00edda por tudo que \u00e9 escrito. Ou seja, reda\u00e7\u00e3o de e-mails, murais, jornais internos, agendas, redes sociais, intranet, cartazes, entre outras.<\/p><p>Ainda dentro deste tipo de estrat\u00e9gia, algumas empresas adotam o uso de\u00a0<a href=\"https:\/\/publikai.com.br\/marketing\/blog-corporativo\/\">blog corporativo<\/a>, como \u00e9 esse aqui da\u00a0<a href=\"https:\/\/publikai.com.br\/assessoria-imprensa\/\">assessoria de imprensa Publika\u00ed<\/a>. Este modelo de a\u00e7\u00e3o permite, al\u00e9m de divulgar a marca, educar o seu p\u00fablico sobre o seu segmento.<\/p><h3>Comunica\u00e7\u00e3o verbal<\/h3><p>Forma de comunica\u00e7\u00e3o usada nos discursos, como reuni\u00f5es, confraterniza\u00e7\u00f5es e palestras. Para que n\u00e3o haja ru\u00eddos, \u00e9 importante que as informa\u00e7\u00f5es sejam bem planejadas e estruturadas, facilitando a compreens\u00e3o da mensagem.<\/p><p>Este \u00e9 um dos modelos mais comuns em pequenas empresas, j\u00e1 que o gestor lida diretamente com o funcion\u00e1rio.\u00a0<strong>Por\u00e9m, \u00e9 preciso avaliar se o trabalhador est\u00e1 compreendendo as orienta\u00e7\u00f5es passadas\u00a0<\/strong>e para isso, n\u00e3o adianta apenas repassar a informa\u00e7\u00e3o, \u00e9 preciso mensur\u00e1-la.\u00a0<\/p><h3>Comunica\u00e7\u00e3o interna<\/h3><p>O tipo de comunica\u00e7\u00e3o \u00e9 voltado para funcion\u00e1rios e colaboradores, principalmente em empresas maiores, com v\u00e1rios departamentos e unidades.<\/p><p><strong>A transmiss\u00e3o das informa\u00e7\u00f5es melhora o clima organizacional<\/strong>, pois os receptores t\u00eam no\u00e7\u00e3o do que est\u00e1 acontecendo na empresa, sem ru\u00eddos. Dentro desta estrat\u00e9gia de comunica\u00e7\u00e3o empresarial, temos:<\/p><ul><li>Comunica\u00e7\u00e3o ascendente: informa\u00e7\u00e3o do colaborador para o gestor;<\/li><li>Comunica\u00e7\u00e3o descendente: informa\u00e7\u00e3o do gestor para o colaborador.<\/li><\/ul><p><a href=\"https:\/\/publikai.com.br\/comunicacao\/principais-problemas-comunicacao-empresas\/\">Eu listei aqui, neste artigo, uma s\u00e9rie de problemas de comunica\u00e7\u00e3o que afetam a produtividade de um neg\u00f3cio<\/a>.<\/p><h3>Comunica\u00e7\u00e3o externa<\/h3><p>Esta \u00e9 a modalidade de comunica\u00e7\u00e3o na qual as informa\u00e7\u00f5es s\u00e3o disseminadas para o p\u00fablico externo, no intuito de melhorar a imagem e percep\u00e7\u00e3o da empresa para clientes, fornecedores, parceiros e imprensa.\u00a0<\/p><p>Ela pode ser feita por publicidade, por\u00a0<a href=\"https:\/\/publikai.com.br\/comunicacao\/nota-de-esclarecimento\/\">nota de esclarecimento<\/a>, por\u00a0<a href=\"https:\/\/publikai.com.br\/marketing\/o-que-e-publipost\/\">publipost<\/a>\u00a0ou v\u00e1rias outras formas.<\/p><h2>Principais estrat\u00e9gias de comunica\u00e7\u00e3o empresarial<\/h2><p>Acima voc\u00ea teve a oportunidade de entender melhor a import\u00e2ncia desse assunto e alguns tipos de a\u00e7\u00f5es sobre a comunica\u00e7\u00e3o empresarial. Agora, quero te ajudar a elaborar uma estrat\u00e9gia efetiva dentro dos seus objetivos e do tamanho da sua empresa.<\/p><h3>Defina a sua persona<\/h3><p>O primeiro passo \u00e9 compreender qual \u00e9 o p\u00fablico da sua mensagem e, a partir da\u00ed, entend\u00ea-lo\u00a0<strong>para saber como vai falar com ele<\/strong>.<\/p><h3>Escolha os canais de comunica\u00e7\u00e3o<\/h3><p>Ao definir a persona, fica mais f\u00e1cil\u00a0<strong>compreender quais canais de comunica\u00e7\u00e3o s\u00e3o mais consumidos<\/strong>\u00a0por cada perfil. Por vezes, a empresa j\u00e1 tem ferramentas utilizadas, como Facebook, Instagram, e-mail, entre outras.<\/p><p>Ent\u00e3o, \u00e9 interessante analisar a efic\u00e1cia de cada uma, consultando m\u00e9tricas e retornos do investimento. Depois, avaliar a possibilidade de incrementar estes canais. Os mais utilizados para comunica\u00e7\u00e3o empresarial s\u00e3o:<\/p><ul><li><strong>Redes sociais<\/strong>: usadas nas estrat\u00e9gias de comunica\u00e7\u00e3o empresarial para se aproximar do p\u00fablico interno e externo. Como s\u00e3o muitas op\u00e7\u00f5es, a dica \u00e9 escolher duas que sejam adequadas ao perfil do cliente, criando calend\u00e1rios editoriais que impulsionem a intera\u00e7\u00e3o e engajamento;<\/li><li><strong>E-mail marketing<\/strong>: outro canal importante para angariar clientes. Ao contr\u00e1rio do que muitos dizem, ele permanece ativo, desde que traga t\u00edtulos atraentes, design bem feito, layouts responsivos e uma base de dados limpa e atualizada (dentro das leis da LGPD);<\/li><li><strong>M\u00eddia indoor<\/strong>: veiculada em espa\u00e7os fechados, essa m\u00eddia vem sob o formato de pain\u00e9is, an\u00fancios em TV LED ou banners;<\/li><li><strong>SMS ou WhatsApp marketing<\/strong>: se aproveita do uso massivo do celular, informando e engajando os clientes, desde que respeitando o envio e a Lei Geral de Prote\u00e7\u00e3o de Dados.<\/li><\/ul><p>Ao escolher o canal, defina mensagens coerentes, mesmo que se utilize de v\u00e1rios deles. O objetivo \u00e9 transmitir os valores e pr\u00e1ticas da sua empresa.E claro, sempre manter a mesma linha editorial.\u00a0<\/p><h3>Acerte o or\u00e7amento dispon\u00edvel<\/h3><p>A implanta\u00e7\u00e3o dos canais de comunica\u00e7\u00e3o empresarial\u00a0<strong>devem ser encarados como investimento<\/strong>, n\u00e3o uma despesa.<\/p><p>Ainda assim, \u00e9 importante avaliar o or\u00e7amento que a empresa tem e direcion\u00e1-lo para o canal mais adequado aos seus objetivos. Al\u00e9m disso, \u00e9 importante monitorar os resultados, estabelecer m\u00e9tricas e entender quais a\u00e7\u00f5es t\u00eam melhor performance.<\/p><h3>Tenha parcerias<\/h3><p>Nenhuma empresa \u00e9 uma ilha, ou seja, todas as estrat\u00e9gias devem contar com parcerias.\u00a0<\/p><p>Por isso, \u00e9 imprescind\u00edvel que o gestor da informa\u00e7\u00e3o tenha conhecimento de mercado e networking. Deste modo,\u00a0<a href=\"https:\/\/publikai.com.br\/imprensa\/empresa-precisa-assessor-de-imprensa\/\">n<strong>\u00e3o deixe de investir em assessorias de imprensa e comunica\u00e7\u00e3o<\/strong><\/a>, publicit\u00e1rios e marketing, sempre que poss\u00edvel.<\/p><p>As\u00a0<strong>estrat\u00e9gias de comunica\u00e7\u00e3o empresarial<\/strong>\u00a0s\u00e3o muitas, mas n\u00e3o un\u00e2nimes. Avalie quais s\u00e3o as demandas de seu neg\u00f3cio, o p\u00fablico-alvo e as necessidades para escolher aquela que melhor se adequa \u00e0 sua realidade. Assim, o uso da estrat\u00e9gia ser\u00e1 mais eficaz e os resultados ser\u00e3o maiores.<\/p><p>Aqui na Publiaka\u00ed, trabalhamos com diversos portes de empresas e at\u00e9 com profissionais liberais para ampliar a exposi\u00e7\u00e3o deles na m\u00eddia. Neste contexto, sempre alinhamos as apari\u00e7\u00f5es (interna e externa) com os objetivos estrat\u00e9gicos de cada neg\u00f3cio.<\/p><p>Entendemos que o trabalho da assessoria de imprensa \u00e9 uma parte das estrat\u00e9gias de comunica\u00e7\u00e3o empresarial para tornar neg\u00f3cios mais conhecidos, aumentar a credibilidade e conquistar a confian\u00e7a do p\u00fablico interno e externo.<\/p><p>Como voc\u00ea tem trabalhado a exposi\u00e7\u00e3o da sua marca atualmente? Vamos conversar e melhorar essa divulga\u00e7\u00e3o?<\/p><p>Depois de ler aqui algumas das principais estrat\u00e9gias de comunica\u00e7\u00e3o empresarial, conhe\u00e7a tamb\u00e9m:<\/p><p><a href=\"https:\/\/publikai.com.br\/marketing\/monitoramento-de-marca\/\">O que \u00e9 monitoramento de marca<\/a>?<\/p><p><a href=\"https:\/\/publikai.com.br\/imprensa\/como-funciona-assessoria-imprensa\/\">Como funciona o trabalho de uma assessoria de imprensa<\/a>?<\/p>\t\t\t\t\t\t\t\t<\/div>\n\t\t\t\t<\/div>\n\t\t\t\t<div class=\"elementor-element elementor-element-2836197b elementor-share-buttons--skin-flat elementor-share-buttons--shape-circle elementor-grid-5 elementor-grid-mobile-2 elementor-share-buttons--view-icon-text elementor-share-buttons--color-official elementor-widget elementor-widget-share-buttons\" data-id=\"2836197b\" data-element_type=\"widget\" data-widget_type=\"share-buttons.default\">\n\t\t\t\t<div class=\"elementor-widget-container\">\n\t\t\t\t\t\t\t<div class=\"elementor-grid\" role=\"list\">\n\t\t\t\t\t\t\t\t<div class=\"elementor-grid-item\" role=\"listitem\">\n\t\t\t\t\t\t<div class=\"elementor-share-btn elementor-share-btn_facebook\" role=\"button\" tabindex=\"0\" aria-label=\"Share on facebook\">\n\t\t\t\t\t\t\t\t\t\t\t\t\t\t\t<span class=\"elementor-share-btn__icon\">\n\t\t\t\t\t\t\t\t<i class=\"fab fa-facebook\" aria-hidden=\"true\"><\/i>\t\t\t\t\t\t\t<\/span>\n\t\t\t\t\t\t\t\t\t\t\t\t\t\t\t\t\t\t\t\t\t\t<div class=\"elementor-share-btn__text\">\n\t\t\t\t\t\t\t\t\t\t\t\t\t\t\t\t\t\t\t<span class=\"elementor-share-btn__title\">\n\t\t\t\t\t\t\t\t\t\tFacebook\t\t\t\t\t\t\t\t\t<\/span>\n\t\t\t\t\t\t\t\t\t\t\t\t\t\t\t\t\t<\/div>\n\t\t\t\t\t\t\t\t\t\t\t\t\t<\/div>\n\t\t\t\t\t<\/div>\n\t\t\t\t\t\t\t\t\t<div class=\"elementor-grid-item\" role=\"listitem\">\n\t\t\t\t\t\t<div class=\"elementor-share-btn elementor-share-btn_pinterest\" role=\"button\" tabindex=\"0\" aria-label=\"Share on pinterest\">\n\t\t\t\t\t\t\t\t\t\t\t\t\t\t\t<span class=\"elementor-share-btn__icon\">\n\t\t\t\t\t\t\t\t<i class=\"fab fa-pinterest\" aria-hidden=\"true\"><\/i>\t\t\t\t\t\t\t<\/span>\n\t\t\t\t\t\t\t\t\t\t\t\t\t\t\t\t\t\t\t\t\t\t<div class=\"elementor-share-btn__text\">\n\t\t\t\t\t\t\t\t\t\t\t\t\t\t\t\t\t\t\t<span class=\"elementor-share-btn__title\">\n\t\t\t\t\t\t\t\t\t\tPinterest\t\t\t\t\t\t\t\t\t<\/span>\n\t\t\t\t\t\t\t\t\t\t\t\t\t\t\t\t\t<\/div>\n\t\t\t\t\t\t\t\t\t\t\t\t\t<\/div>\n\t\t\t\t\t<\/div>\n\t\t\t\t\t\t\t\t\t<div class=\"elementor-grid-item\" role=\"listitem\">\n\t\t\t\t\t\t<div class=\"elementor-share-btn elementor-share-btn_twitter\" role=\"button\" tabindex=\"0\" aria-label=\"Share on twitter\">\n\t\t\t\t\t\t\t\t\t\t\t\t\t\t\t<span class=\"elementor-share-btn__icon\">\n\t\t\t\t\t\t\t\t<i class=\"fab fa-twitter\" aria-hidden=\"true\"><\/i>\t\t\t\t\t\t\t<\/span>\n\t\t\t\t\t\t\t\t\t\t\t\t\t\t\t\t\t\t\t\t\t\t<div class=\"elementor-share-btn__text\">\n\t\t\t\t\t\t\t\t\t\t\t\t\t\t\t\t\t\t\t<span class=\"elementor-share-btn__title\">\n\t\t\t\t\t\t\t\t\t\tTwitter\t\t\t\t\t\t\t\t\t<\/span>\n\t\t\t\t\t\t\t\t\t\t\t\t\t\t\t\t\t<\/div>\n\t\t\t\t\t\t\t\t\t\t\t\t\t<\/div>\n\t\t\t\t\t<\/div>\n\t\t\t\t\t\t\t\t\t<div class=\"elementor-grid-item\" role=\"listitem\">\n\t\t\t\t\t\t<div class=\"elementor-share-btn elementor-share-btn_linkedin\" role=\"button\" tabindex=\"0\" aria-label=\"Share on linkedin\">\n\t\t\t\t\t\t\t\t\t\t\t\t\t\t\t<span class=\"elementor-share-btn__icon\">\n\t\t\t\t\t\t\t\t<i class=\"fab fa-linkedin\" aria-hidden=\"true\"><\/i>\t\t\t\t\t\t\t<\/span>\n\t\t\t\t\t\t\t\t\t\t\t\t\t\t\t\t\t\t\t\t\t\t<div class=\"elementor-share-btn__text\">\n\t\t\t\t\t\t\t\t\t\t\t\t\t\t\t\t\t\t\t<span class=\"elementor-share-btn__title\">\n\t\t\t\t\t\t\t\t\t\tLinkedIn\t\t\t\t\t\t\t\t\t<\/span>\n\t\t\t\t\t\t\t\t\t\t\t\t\t\t\t\t\t<\/div>\n\t\t\t\t\t\t\t\t\t\t\t\t\t<\/div>\n\t\t\t\t\t<\/div>\n\t\t\t\t\t\t\t\t\t<div class=\"elementor-grid-item\" role=\"listitem\">\n\t\t\t\t\t\t<div class=\"elementor-share-btn elementor-share-btn_whatsapp\" role=\"button\" tabindex=\"0\" aria-label=\"Share on whatsapp\">\n\t\t\t\t\t\t\t\t\t\t\t\t\t\t\t<span class=\"elementor-share-btn__icon\">\n\t\t\t\t\t\t\t\t<i class=\"fab fa-whatsapp\" aria-hidden=\"true\"><\/i>\t\t\t\t\t\t\t<\/span>\n\t\t\t\t\t\t\t\t\t\t\t\t\t\t\t\t\t\t\t\t\t\t<div class=\"elementor-share-btn__text\">\n\t\t\t\t\t\t\t\t\t\t\t\t\t\t\t\t\t\t\t<span class=\"elementor-share-btn__title\">\n\t\t\t\t\t\t\t\t\t\tWhatsApp\t\t\t\t\t\t\t\t\t<\/span>\n\t\t\t\t\t\t\t\t\t\t\t\t\t\t\t\t\t<\/div>\n\t\t\t\t\t\t\t\t\t\t\t\t\t<\/div>\n\t\t\t\t\t<\/div>\n\t\t\t\t\t\t<\/div>\n\t\t\t\t\t\t<\/div>\n\t\t\t\t<\/div>\n\t\t\t\t\t<\/div>\n\t\t<\/div>\n\t\t\t\t<div class=\"elementor-column elementor-col-33 elementor-top-column elementor-element elementor-element-44fd321\" data-id=\"44fd321\" data-element_type=\"column\">\n\t\t\t<div class=\"elementor-widget-wrap elementor-element-populated\">\n\t\t\t\t\t\t<section class=\"elementor-section elementor-inner-section elementor-element elementor-element-6e2aeee5 elementor-section-boxed elementor-section-height-default elementor-section-height-default\" data-id=\"6e2aeee5\" data-element_type=\"section\">\n\t\t\t\t\t\t<div class=\"elementor-container elementor-column-gap-default\">\n\t\t\t\t\t<div class=\"elementor-column elementor-col-100 elementor-inner-column elementor-element elementor-element-06bdf95 elementor-invisible\" data-id=\"06bdf95\" data-element_type=\"column\" data-settings=\"{&quot;background_background&quot;:&quot;classic&quot;,&quot;animation&quot;:&quot;fadeInRight&quot;}\">\n\t\t\t<div class=\"elementor-widget-wrap elementor-element-populated\">\n\t\t\t\t\t\t<div class=\"elementor-element elementor-element-50c855d elementor-widget elementor-widget-heading\" data-id=\"50c855d\" data-element_type=\"widget\" data-widget_type=\"heading.default\">\n\t\t\t\t<div class=\"elementor-widget-container\">\n\t\t\t\t\t<h3 class=\"elementor-heading-title elementor-size-default\">Autora<\/h3>\t\t\t\t<\/div>\n\t\t\t\t<\/div>\n\t\t\t\t<div class=\"elementor-element elementor-element-2ac432f elementor-author-box--layout-image-above elementor-author-box--align-left elementor-widget elementor-widget-author-box\" data-id=\"2ac432f\" data-element_type=\"widget\" data-widget_type=\"author-box.default\">\n\t\t\t\t<div class=\"elementor-widget-container\">\n\t\t\t\t\t\t\t<div class=\"elementor-author-box\">\n\t\t\t\t\t\t\t<div  class=\"elementor-author-box__avatar\">\n\t\t\t\t\t<img decoding=\"async\" src=\"https:\/\/publikaai.com.br\/wp-content\/uploads\/2023\/03\/lud-250x300.webp\" alt=\"Picture of Ludmila Baldoni\" loading=\"lazy\">\n\t\t\t\t<\/div>\n\t\t\t\n\t\t\t<div class=\"elementor-author-box__text\">\n\t\t\t\t\t\t\t\t\t<div >\n\t\t\t\t\t\t<h5 class=\"elementor-author-box__name\">\n\t\t\t\t\t\t\tLudmila Baldoni\t\t\t\t\t\t<\/h5>\n\t\t\t\t\t<\/div>\n\t\t\t\t\n\t\t\t\t\t\t\t\t\t<div class=\"elementor-author-box__bio\">\n\t\t\t\t\t\t<p>SEO Publika.ai<\/p>\n<p>Comunicativa por natureza ingressou na faculdade de jornalismo ciente do que queria para a sua trajet\u00f3ria profissional e desde ent\u00e3o, a assessoria de imprensa se tornou sua grande paix\u00e3o.<\/p>\n<p>Com mais de quinze anos de experi\u00eancia, j\u00e1 atuou como consultora em projetos de comunica\u00e7\u00e3o, coordenou e liderou equipes de jornalistas, organizou feiras e eventos, gerenciou a\u00e7\u00f5es de marketing em todo o pa\u00eds. <\/p>\n<p>Durante seis foi anos foi s\u00f3cia de uma assessoria de imprensa e recentemente decidiu buscar v\u00f4os mais altos e fundou a Publika\u00ed, uma ag\u00eancia que tem como miss\u00e3o encontrar solu\u00e7\u00f5es de comunica\u00e7\u00e3o atrav\u00e9s de modelos multissetorias.<\/p>\n\t\t\t\t\t<\/div>\n\t\t\t\t\n\t\t\t\t\t\t\t<\/div>\n\t\t<\/div>\n\t\t\t\t\t\t<\/div>\n\t\t\t\t<\/div>\n\t\t\t\t<div class=\"elementor-element elementor-element-dc746f4 elementor-widget elementor-widget-heading\" data-id=\"dc746f4\" data-element_type=\"widget\" data-widget_type=\"heading.default\">\n\t\t\t\t<div class=\"elementor-widget-container\">\n\t\t\t\t\t<h3 class=\"elementor-heading-title elementor-size-default\">\u00daltimos Posts<\/h3>\t\t\t\t<\/div>\n\t\t\t\t<\/div>\n\t\t\t\t<div class=\"elementor-element elementor-element-21101da elementor-grid-1 elementor-posts--thumbnail-left elementor-grid-tablet-2 elementor-grid-mobile-1 elementor-widget elementor-widget-posts\" data-id=\"21101da\" data-element_type=\"widget\" data-settings=\"{&quot;classic_columns&quot;:&quot;1&quot;,&quot;classic_row_gap&quot;:{&quot;unit&quot;:&quot;px&quot;,&quot;size&quot;:14,&quot;sizes&quot;:[]},&quot;classic_columns_tablet&quot;:&quot;2&quot;,&quot;classic_columns_mobile&quot;:&quot;1&quot;,&quot;classic_row_gap_tablet&quot;:{&quot;unit&quot;:&quot;px&quot;,&quot;size&quot;:&quot;&quot;,&quot;sizes&quot;:[]},&quot;classic_row_gap_mobile&quot;:{&quot;unit&quot;:&quot;px&quot;,&quot;size&quot;:&quot;&quot;,&quot;sizes&quot;:[]}}\" data-widget_type=\"posts.classic\">\n\t\t\t\t<div class=\"elementor-widget-container\">\n\t\t\t\t\t\t\t<div class=\"elementor-posts-container elementor-posts elementor-posts--skin-classic elementor-grid\">\n\t\t\t\t<article class=\"elementor-post elementor-grid-item post-627 post type-post status-publish format-standard has-post-thumbnail hentry category-marketing\">\n\t\t\t\t<a class=\"elementor-post__thumbnail__link\" href=\"https:\/\/publikaai.com.br\/?p=627\" tabindex=\"-1\" >\n\t\t\t<div class=\"elementor-post__thumbnail\"><img decoding=\"async\" width=\"800\" height=\"400\" src=\"https:\/\/publikaai.com.br\/wp-content\/uploads\/2021\/09\/Como-aumentar-a-credibilidade-da-sua-empresa.webp\" class=\"attachment-full size-full wp-image-1306\" alt=\"\" srcset=\"https:\/\/publikaai.com.br\/wp-content\/uploads\/2021\/09\/Como-aumentar-a-credibilidade-da-sua-empresa.webp 800w, https:\/\/publikaai.com.br\/wp-content\/uploads\/2021\/09\/Como-aumentar-a-credibilidade-da-sua-empresa-300x150.webp 300w, https:\/\/publikaai.com.br\/wp-content\/uploads\/2021\/09\/Como-aumentar-a-credibilidade-da-sua-empresa-768x384.webp 768w\" sizes=\"(max-width: 800px) 100vw, 800px\" \/><\/div>\n\t\t<\/a>\n\t\t\t\t<div class=\"elementor-post__text\">\n\t\t\t\t<h3 class=\"elementor-post__title\">\n\t\t\t<a href=\"https:\/\/publikaai.com.br\/?p=627\" >\n\t\t\t\tComo aumentar a credibilidade da sua empresa?\t\t\t<\/a>\n\t\t<\/h3>\n\t\t\t\t<div class=\"elementor-post__meta-data\">\n\t\t\t\t\t<span class=\"elementor-post-author\">\n\t\t\tLudmila Baldoni\t\t<\/span>\n\t\t\t\t<\/div>\n\t\t\n\t\t<a class=\"elementor-post__read-more\" href=\"https:\/\/publikaai.com.br\/?p=627\" aria-label=\"Read more about Como aumentar a credibilidade da sua empresa?\" tabindex=\"-1\" >\n\t\t\tSaiba mais \u00bb\t\t<\/a>\n\n\t\t\t\t<\/div>\n\t\t\t\t<\/article>\n\t\t\t\t<article class=\"elementor-post elementor-grid-item post-622 post type-post status-publish format-standard has-post-thumbnail hentry category-comunicacao\">\n\t\t\t\t<a class=\"elementor-post__thumbnail__link\" href=\"https:\/\/publikaai.com.br\/?p=622\" tabindex=\"-1\" >\n\t\t\t<div class=\"elementor-post__thumbnail\"><img fetchpriority=\"high\" decoding=\"async\" width=\"800\" height=\"400\" src=\"https:\/\/publikaai.com.br\/wp-content\/uploads\/2021\/09\/Principais-estrategias-de-comunicacao-empresarial.webp\" class=\"attachment-full size-full wp-image-1308\" alt=\"\" srcset=\"https:\/\/publikaai.com.br\/wp-content\/uploads\/2021\/09\/Principais-estrategias-de-comunicacao-empresarial.webp 800w, https:\/\/publikaai.com.br\/wp-content\/uploads\/2021\/09\/Principais-estrategias-de-comunicacao-empresarial-300x150.webp 300w, https:\/\/publikaai.com.br\/wp-content\/uploads\/2021\/09\/Principais-estrategias-de-comunicacao-empresarial-768x384.webp 768w\" sizes=\"(max-width: 800px) 100vw, 800px\" \/><\/div>\n\t\t<\/a>\n\t\t\t\t<div class=\"elementor-post__text\">\n\t\t\t\t<h3 class=\"elementor-post__title\">\n\t\t\t<a href=\"https:\/\/publikaai.com.br\/?p=622\" >\n\t\t\t\tPrincipais estrat\u00e9gias de comunica\u00e7\u00e3o empresarial\t\t\t<\/a>\n\t\t<\/h3>\n\t\t\t\t<div class=\"elementor-post__meta-data\">\n\t\t\t\t\t<span class=\"elementor-post-author\">\n\t\t\tLudmila Baldoni\t\t<\/span>\n\t\t\t\t<\/div>\n\t\t\n\t\t<a class=\"elementor-post__read-more\" href=\"https:\/\/publikaai.com.br\/?p=622\" aria-label=\"Read more about Principais estrat\u00e9gias de comunica\u00e7\u00e3o empresarial\" tabindex=\"-1\" >\n\t\t\tSaiba mais \u00bb\t\t<\/a>\n\n\t\t\t\t<\/div>\n\t\t\t\t<\/article>\n\t\t\t\t<article class=\"elementor-post elementor-grid-item post-617 post type-post status-publish format-standard has-post-thumbnail hentry category-comunicacao\">\n\t\t\t\t<a class=\"elementor-post__thumbnail__link\" href=\"https:\/\/publikaai.com.br\/?p=617\" tabindex=\"-1\" >\n\t\t\t<div class=\"elementor-post__thumbnail\"><img decoding=\"async\" width=\"800\" height=\"400\" src=\"https:\/\/publikaai.com.br\/wp-content\/uploads\/2021\/08\/agentes-da-comunicacao-interna.webp\" class=\"attachment-full size-full wp-image-1310\" alt=\"\" srcset=\"https:\/\/publikaai.com.br\/wp-content\/uploads\/2021\/08\/agentes-da-comunicacao-interna.webp 800w, https:\/\/publikaai.com.br\/wp-content\/uploads\/2021\/08\/agentes-da-comunicacao-interna-300x150.webp 300w, https:\/\/publikaai.com.br\/wp-content\/uploads\/2021\/08\/agentes-da-comunicacao-interna-768x384.webp 768w\" sizes=\"(max-width: 800px) 100vw, 800px\" \/><\/div>\n\t\t<\/a>\n\t\t\t\t<div class=\"elementor-post__text\">\n\t\t\t\t<h3 class=\"elementor-post__title\">\n\t\t\t<a href=\"https:\/\/publikaai.com.br\/?p=617\" >\n\t\t\t\tQuais s\u00e3o os agentes da comunica\u00e7\u00e3o interna nas empresas?\t\t\t<\/a>\n\t\t<\/h3>\n\t\t\t\t<div class=\"elementor-post__meta-data\">\n\t\t\t\t\t<span class=\"elementor-post-author\">\n\t\t\tLudmila Baldoni\t\t<\/span>\n\t\t\t\t<\/div>\n\t\t\n\t\t<a class=\"elementor-post__read-more\" href=\"https:\/\/publikaai.com.br\/?p=617\" aria-label=\"Read more about Quais s\u00e3o os agentes da comunica\u00e7\u00e3o interna nas empresas?\" tabindex=\"-1\" >\n\t\t\tSaiba mais \u00bb\t\t<\/a>\n\n\t\t\t\t<\/div>\n\t\t\t\t<\/article>\n\t\t\t\t<article class=\"elementor-post elementor-grid-item post-614 post type-post status-publish format-standard has-post-thumbnail hentry category-imprensa\">\n\t\t\t\t<a class=\"elementor-post__thumbnail__link\" href=\"https:\/\/publikaai.com.br\/?p=614\" tabindex=\"-1\" >\n\t\t\t<div class=\"elementor-post__thumbnail\"><img loading=\"lazy\" decoding=\"async\" width=\"800\" height=\"400\" src=\"https:\/\/publikaai.com.br\/wp-content\/uploads\/2021\/08\/assessoria-de-imprensa-para-arquitetos.webp\" class=\"attachment-full size-full wp-image-1312\" alt=\"\" srcset=\"https:\/\/publikaai.com.br\/wp-content\/uploads\/2021\/08\/assessoria-de-imprensa-para-arquitetos.webp 800w, https:\/\/publikaai.com.br\/wp-content\/uploads\/2021\/08\/assessoria-de-imprensa-para-arquitetos-300x150.webp 300w, https:\/\/publikaai.com.br\/wp-content\/uploads\/2021\/08\/assessoria-de-imprensa-para-arquitetos-768x384.webp 768w\" sizes=\"(max-width: 800px) 100vw, 800px\" \/><\/div>\n\t\t<\/a>\n\t\t\t\t<div class=\"elementor-post__text\">\n\t\t\t\t<h3 class=\"elementor-post__title\">\n\t\t\t<a href=\"https:\/\/publikaai.com.br\/?p=614\" >\n\t\t\t\tQual \u00e9 a import\u00e2ncia da assessoria de imprensa para arquitetos?\t\t\t<\/a>\n\t\t<\/h3>\n\t\t\t\t<div class=\"elementor-post__meta-data\">\n\t\t\t\t\t<span class=\"elementor-post-author\">\n\t\t\tLudmila Baldoni\t\t<\/span>\n\t\t\t\t<\/div>\n\t\t\n\t\t<a class=\"elementor-post__read-more\" href=\"https:\/\/publikaai.com.br\/?p=614\" aria-label=\"Read more about Qual \u00e9 a import\u00e2ncia da assessoria de imprensa para arquitetos?\" tabindex=\"-1\" >\n\t\t\tSaiba mais \u00bb\t\t<\/a>\n\n\t\t\t\t<\/div>\n\t\t\t\t<\/article>\n\t\t\t\t<article class=\"elementor-post elementor-grid-item post-611 post type-post status-publish format-standard has-post-thumbnail hentry category-marketing\">\n\t\t\t\t<a class=\"elementor-post__thumbnail__link\" href=\"https:\/\/publikaai.com.br\/?p=611\" tabindex=\"-1\" >\n\t\t\t<div class=\"elementor-post__thumbnail\"><img loading=\"lazy\" decoding=\"async\" width=\"800\" height=\"400\" src=\"https:\/\/publikaai.com.br\/wp-content\/uploads\/2021\/08\/O-que-e-pauta-jornalistica-1.jpg\" class=\"attachment-full size-full wp-image-603\" alt=\"Estrat\u00e9gias de comunica\u00e7\u00e3o em crise de imagem\" srcset=\"https:\/\/publikaai.com.br\/wp-content\/uploads\/2021\/08\/O-que-e-pauta-jornalistica-1.jpg 800w, https:\/\/publikaai.com.br\/wp-content\/uploads\/2021\/08\/O-que-e-pauta-jornalistica-1-300x150.jpg 300w, https:\/\/publikaai.com.br\/wp-content\/uploads\/2021\/08\/O-que-e-pauta-jornalistica-1-768x384.jpg 768w, https:\/\/publikaai.com.br\/wp-content\/uploads\/2021\/08\/O-que-e-pauta-jornalistica-1-260x130.jpg 260w, https:\/\/publikaai.com.br\/wp-content\/uploads\/2021\/08\/O-que-e-pauta-jornalistica-1-50x25.jpg 50w, https:\/\/publikaai.com.br\/wp-content\/uploads\/2021\/08\/O-que-e-pauta-jornalistica-1-150x75.jpg 150w\" sizes=\"(max-width: 800px) 100vw, 800px\" \/><\/div>\n\t\t<\/a>\n\t\t\t\t<div class=\"elementor-post__text\">\n\t\t\t\t<h3 class=\"elementor-post__title\">\n\t\t\t<a href=\"https:\/\/publikaai.com.br\/?p=611\" >\n\t\t\t\tEstrat\u00e9gias de comunica\u00e7\u00e3o em crise de imagem\t\t\t<\/a>\n\t\t<\/h3>\n\t\t\t\t<div class=\"elementor-post__meta-data\">\n\t\t\t\t\t<span class=\"elementor-post-author\">\n\t\t\tLudmila Baldoni\t\t<\/span>\n\t\t\t\t<\/div>\n\t\t\n\t\t<a class=\"elementor-post__read-more\" href=\"https:\/\/publikaai.com.br\/?p=611\" aria-label=\"Read more about Estrat\u00e9gias de comunica\u00e7\u00e3o em crise de imagem\" tabindex=\"-1\" >\n\t\t\tSaiba mais \u00bb\t\t<\/a>\n\n\t\t\t\t<\/div>\n\t\t\t\t<\/article>\n\t\t\t\t<article class=\"elementor-post elementor-grid-item post-608 post type-post status-publish format-standard has-post-thumbnail hentry category-comunicacao\">\n\t\t\t\t<a class=\"elementor-post__thumbnail__link\" href=\"https:\/\/publikaai.com.br\/?p=608\" tabindex=\"-1\" >\n\t\t\t<div class=\"elementor-post__thumbnail\"><img loading=\"lazy\" decoding=\"async\" width=\"800\" height=\"400\" src=\"https:\/\/publikaai.com.br\/wp-content\/uploads\/2021\/08\/Como-fazer-sugestao-de-pauta-1.jpg\" class=\"attachment-full size-full wp-image-602\" alt=\"Para que serve uma nota de esclarecimento?\" srcset=\"https:\/\/publikaai.com.br\/wp-content\/uploads\/2021\/08\/Como-fazer-sugestao-de-pauta-1.jpg 800w, https:\/\/publikaai.com.br\/wp-content\/uploads\/2021\/08\/Como-fazer-sugestao-de-pauta-1-300x150.jpg 300w, https:\/\/publikaai.com.br\/wp-content\/uploads\/2021\/08\/Como-fazer-sugestao-de-pauta-1-768x384.jpg 768w, https:\/\/publikaai.com.br\/wp-content\/uploads\/2021\/08\/Como-fazer-sugestao-de-pauta-1-260x130.jpg 260w, https:\/\/publikaai.com.br\/wp-content\/uploads\/2021\/08\/Como-fazer-sugestao-de-pauta-1-50x25.jpg 50w, https:\/\/publikaai.com.br\/wp-content\/uploads\/2021\/08\/Como-fazer-sugestao-de-pauta-1-150x75.jpg 150w\" sizes=\"(max-width: 800px) 100vw, 800px\" \/><\/div>\n\t\t<\/a>\n\t\t\t\t<div class=\"elementor-post__text\">\n\t\t\t\t<h3 class=\"elementor-post__title\">\n\t\t\t<a href=\"https:\/\/publikaai.com.br\/?p=608\" >\n\t\t\t\tPara que serve uma nota de esclarecimento?\t\t\t<\/a>\n\t\t<\/h3>\n\t\t\t\t<div class=\"elementor-post__meta-data\">\n\t\t\t\t\t<span class=\"elementor-post-author\">\n\t\t\tLudmila Baldoni\t\t<\/span>\n\t\t\t\t<\/div>\n\t\t\n\t\t<a class=\"elementor-post__read-more\" href=\"https:\/\/publikaai.com.br\/?p=608\" aria-label=\"Read more about Para que serve uma nota de esclarecimento?\" tabindex=\"-1\" >\n\t\t\tSaiba mais \u00bb\t\t<\/a>\n\n\t\t\t\t<\/div>\n\t\t\t\t<\/article>\n\t\t\t\t<article class=\"elementor-post elementor-grid-item post-605 post type-post status-publish format-standard has-post-thumbnail hentry category-imprensa\">\n\t\t\t\t<a class=\"elementor-post__thumbnail__link\" href=\"https:\/\/publikaai.com.br\/?p=605\" tabindex=\"-1\" >\n\t\t\t<div class=\"elementor-post__thumbnail\"><img loading=\"lazy\" decoding=\"async\" width=\"800\" height=\"400\" src=\"https:\/\/publikaai.com.br\/wp-content\/uploads\/2021\/08\/O-que-e-press-kit-1-1.jpg\" class=\"attachment-full size-full wp-image-600\" alt=\"Por que sua empresa precisa de um assessor de imprensa?\" srcset=\"https:\/\/publikaai.com.br\/wp-content\/uploads\/2021\/08\/O-que-e-press-kit-1-1.jpg 800w, https:\/\/publikaai.com.br\/wp-content\/uploads\/2021\/08\/O-que-e-press-kit-1-1-300x150.jpg 300w, https:\/\/publikaai.com.br\/wp-content\/uploads\/2021\/08\/O-que-e-press-kit-1-1-768x384.jpg 768w, https:\/\/publikaai.com.br\/wp-content\/uploads\/2021\/08\/O-que-e-press-kit-1-1-260x130.jpg 260w, https:\/\/publikaai.com.br\/wp-content\/uploads\/2021\/08\/O-que-e-press-kit-1-1-50x25.jpg 50w, https:\/\/publikaai.com.br\/wp-content\/uploads\/2021\/08\/O-que-e-press-kit-1-1-150x75.jpg 150w\" sizes=\"(max-width: 800px) 100vw, 800px\" \/><\/div>\n\t\t<\/a>\n\t\t\t\t<div class=\"elementor-post__text\">\n\t\t\t\t<h3 class=\"elementor-post__title\">\n\t\t\t<a href=\"https:\/\/publikaai.com.br\/?p=605\" >\n\t\t\t\tPor que sua empresa precisa de um assessor de imprensa?\t\t\t<\/a>\n\t\t<\/h3>\n\t\t\t\t<div class=\"elementor-post__meta-data\">\n\t\t\t\t\t<span class=\"elementor-post-author\">\n\t\t\tLudmila Baldoni\t\t<\/span>\n\t\t\t\t<\/div>\n\t\t\n\t\t<a class=\"elementor-post__read-more\" href=\"https:\/\/publikaai.com.br\/?p=605\" aria-label=\"Read more about Por que sua empresa precisa de um assessor de imprensa?\" tabindex=\"-1\" >\n\t\t\tSaiba mais \u00bb\t\t<\/a>\n\n\t\t\t\t<\/div>\n\t\t\t\t<\/article>\n\t\t\t\t<article class=\"elementor-post elementor-grid-item post-583 post type-post status-publish format-standard has-post-thumbnail hentry category-imprensa\">\n\t\t\t\t<a class=\"elementor-post__thumbnail__link\" href=\"https:\/\/publikaai.com.br\/?p=583\" tabindex=\"-1\" >\n\t\t\t<div class=\"elementor-post__thumbnail\"><img loading=\"lazy\" decoding=\"async\" width=\"800\" height=\"400\" src=\"https:\/\/publikaai.com.br\/wp-content\/uploads\/2021\/08\/o-que-e-press-kit-.jpg\" class=\"attachment-full size-full wp-image-570\" alt=\"O que \u00e9 press kit? Para que serve? Por que fazer um?\" srcset=\"https:\/\/publikaai.com.br\/wp-content\/uploads\/2021\/08\/o-que-e-press-kit-.jpg 800w, https:\/\/publikaai.com.br\/wp-content\/uploads\/2021\/08\/o-que-e-press-kit--300x150.jpg 300w, https:\/\/publikaai.com.br\/wp-content\/uploads\/2021\/08\/o-que-e-press-kit--768x384.jpg 768w, https:\/\/publikaai.com.br\/wp-content\/uploads\/2021\/08\/o-que-e-press-kit--260x130.jpg 260w, https:\/\/publikaai.com.br\/wp-content\/uploads\/2021\/08\/o-que-e-press-kit--50x25.jpg 50w, https:\/\/publikaai.com.br\/wp-content\/uploads\/2021\/08\/o-que-e-press-kit--150x75.jpg 150w\" sizes=\"(max-width: 800px) 100vw, 800px\" \/><\/div>\n\t\t<\/a>\n\t\t\t\t<div class=\"elementor-post__text\">\n\t\t\t\t<h3 class=\"elementor-post__title\">\n\t\t\t<a href=\"https:\/\/publikaai.com.br\/?p=583\" >\n\t\t\t\tO que \u00e9 press kit?\t\t\t<\/a>\n\t\t<\/h3>\n\t\t\t\t<div class=\"elementor-post__meta-data\">\n\t\t\t\t\t<span class=\"elementor-post-author\">\n\t\t\tLudmila Baldoni\t\t<\/span>\n\t\t\t\t<\/div>\n\t\t\n\t\t<a class=\"elementor-post__read-more\" href=\"https:\/\/publikaai.com.br\/?p=583\" aria-label=\"Read more about O que \u00e9 press kit?\" tabindex=\"-1\" >\n\t\t\tSaiba mais \u00bb\t\t<\/a>\n\n\t\t\t\t<\/div>\n\t\t\t\t<\/article>\n\t\t\t\t<article class=\"elementor-post elementor-grid-item post-580 post type-post status-publish format-standard has-post-thumbnail hentry category-imprensa\">\n\t\t\t\t<a class=\"elementor-post__thumbnail__link\" href=\"https:\/\/publikaai.com.br\/?p=580\" tabindex=\"-1\" >\n\t\t\t<div class=\"elementor-post__thumbnail\"><img loading=\"lazy\" decoding=\"async\" width=\"800\" height=\"400\" src=\"https:\/\/publikaai.com.br\/wp-content\/uploads\/2021\/08\/Como-fazer-sugestao-de-pauta.jpg\" class=\"attachment-full size-full wp-image-571\" alt=\"Como fazer sugest\u00e3o de pauta?\" srcset=\"https:\/\/publikaai.com.br\/wp-content\/uploads\/2021\/08\/Como-fazer-sugestao-de-pauta.jpg 800w, https:\/\/publikaai.com.br\/wp-content\/uploads\/2021\/08\/Como-fazer-sugestao-de-pauta-300x150.jpg 300w, https:\/\/publikaai.com.br\/wp-content\/uploads\/2021\/08\/Como-fazer-sugestao-de-pauta-768x384.jpg 768w, https:\/\/publikaai.com.br\/wp-content\/uploads\/2021\/08\/Como-fazer-sugestao-de-pauta-260x130.jpg 260w, https:\/\/publikaai.com.br\/wp-content\/uploads\/2021\/08\/Como-fazer-sugestao-de-pauta-50x25.jpg 50w, https:\/\/publikaai.com.br\/wp-content\/uploads\/2021\/08\/Como-fazer-sugestao-de-pauta-150x75.jpg 150w\" sizes=\"(max-width: 800px) 100vw, 800px\" \/><\/div>\n\t\t<\/a>\n\t\t\t\t<div class=\"elementor-post__text\">\n\t\t\t\t<h3 class=\"elementor-post__title\">\n\t\t\t<a href=\"https:\/\/publikaai.com.br\/?p=580\" >\n\t\t\t\tComo fazer sugest\u00e3o de pauta?\t\t\t<\/a>\n\t\t<\/h3>\n\t\t\t\t<div class=\"elementor-post__meta-data\">\n\t\t\t\t\t<span class=\"elementor-post-author\">\n\t\t\tLudmila Baldoni\t\t<\/span>\n\t\t\t\t<\/div>\n\t\t\n\t\t<a class=\"elementor-post__read-more\" href=\"https:\/\/publikaai.com.br\/?p=580\" aria-label=\"Read more about Como fazer sugest\u00e3o de pauta?\" tabindex=\"-1\" >\n\t\t\tSaiba mais \u00bb\t\t<\/a>\n\n\t\t\t\t<\/div>\n\t\t\t\t<\/article>\n\t\t\t\t<article class=\"elementor-post elementor-grid-item post-578 post type-post status-publish format-standard has-post-thumbnail hentry category-imprensa\">\n\t\t\t\t<a class=\"elementor-post__thumbnail__link\" href=\"https:\/\/publikaai.com.br\/?p=578\" tabindex=\"-1\" >\n\t\t\t<div class=\"elementor-post__thumbnail\"><img loading=\"lazy\" decoding=\"async\" width=\"800\" height=\"400\" src=\"https:\/\/publikaai.com.br\/wp-content\/uploads\/2021\/08\/O-que-e-pauta-jornalistica.jpg\" class=\"attachment-full size-full wp-image-572\" alt=\"O que \u00e9 pauta jornal\u00edstica\" srcset=\"https:\/\/publikaai.com.br\/wp-content\/uploads\/2021\/08\/O-que-e-pauta-jornalistica.jpg 800w, https:\/\/publikaai.com.br\/wp-content\/uploads\/2021\/08\/O-que-e-pauta-jornalistica-300x150.jpg 300w, https:\/\/publikaai.com.br\/wp-content\/uploads\/2021\/08\/O-que-e-pauta-jornalistica-768x384.jpg 768w, https:\/\/publikaai.com.br\/wp-content\/uploads\/2021\/08\/O-que-e-pauta-jornalistica-260x130.jpg 260w, https:\/\/publikaai.com.br\/wp-content\/uploads\/2021\/08\/O-que-e-pauta-jornalistica-50x25.jpg 50w, https:\/\/publikaai.com.br\/wp-content\/uploads\/2021\/08\/O-que-e-pauta-jornalistica-150x75.jpg 150w\" sizes=\"(max-width: 800px) 100vw, 800px\" \/><\/div>\n\t\t<\/a>\n\t\t\t\t<div class=\"elementor-post__text\">\n\t\t\t\t<h3 class=\"elementor-post__title\">\n\t\t\t<a href=\"https:\/\/publikaai.com.br\/?p=578\" >\n\t\t\t\tO que \u00e9 pauta jornal\u00edstica? Sua empresa precisa dela?\t\t\t<\/a>\n\t\t<\/h3>\n\t\t\t\t<div class=\"elementor-post__meta-data\">\n\t\t\t\t\t<span class=\"elementor-post-author\">\n\t\t\tLudmila Baldoni\t\t<\/span>\n\t\t\t\t<\/div>\n\t\t\n\t\t<a class=\"elementor-post__read-more\" href=\"https:\/\/publikaai.com.br\/?p=578\" aria-label=\"Read more about O que \u00e9 pauta jornal\u00edstica? Sua empresa precisa dela?\" tabindex=\"-1\" >\n\t\t\tSaiba mais \u00bb\t\t<\/a>\n\n\t\t\t\t<\/div>\n\t\t\t\t<\/article>\n\t\t\t\t<article class=\"elementor-post elementor-grid-item post-574 post type-post status-publish format-standard has-post-thumbnail hentry category-imprensa\">\n\t\t\t\t<a class=\"elementor-post__thumbnail__link\" href=\"https:\/\/publikaai.com.br\/?p=574\" tabindex=\"-1\" >\n\t\t\t<div class=\"elementor-post__thumbnail\"><img loading=\"lazy\" decoding=\"async\" width=\"800\" height=\"400\" src=\"https:\/\/publikaai.com.br\/wp-content\/uploads\/2021\/08\/O-que-e-mailing-de-imprensa.jpg\" class=\"attachment-full size-full wp-image-573\" alt=\"O que \u00e9 mailing de imprensa\" srcset=\"https:\/\/publikaai.com.br\/wp-content\/uploads\/2021\/08\/O-que-e-mailing-de-imprensa.jpg 800w, https:\/\/publikaai.com.br\/wp-content\/uploads\/2021\/08\/O-que-e-mailing-de-imprensa-300x150.jpg 300w, https:\/\/publikaai.com.br\/wp-content\/uploads\/2021\/08\/O-que-e-mailing-de-imprensa-768x384.jpg 768w, https:\/\/publikaai.com.br\/wp-content\/uploads\/2021\/08\/O-que-e-mailing-de-imprensa-260x130.jpg 260w, https:\/\/publikaai.com.br\/wp-content\/uploads\/2021\/08\/O-que-e-mailing-de-imprensa-50x25.jpg 50w, https:\/\/publikaai.com.br\/wp-content\/uploads\/2021\/08\/O-que-e-mailing-de-imprensa-150x75.jpg 150w\" sizes=\"(max-width: 800px) 100vw, 800px\" \/><\/div>\n\t\t<\/a>\n\t\t\t\t<div class=\"elementor-post__text\">\n\t\t\t\t<h3 class=\"elementor-post__title\">\n\t\t\t<a href=\"https:\/\/publikaai.com.br\/?p=574\" >\n\t\t\t\tO que \u00e9 mailing de imprensa? Para que serve?\t\t\t<\/a>\n\t\t<\/h3>\n\t\t\t\t<div class=\"elementor-post__meta-data\">\n\t\t\t\t\t<span class=\"elementor-post-author\">\n\t\t\tLudmila Baldoni\t\t<\/span>\n\t\t\t\t<\/div>\n\t\t\n\t\t<a class=\"elementor-post__read-more\" href=\"https:\/\/publikaai.com.br\/?p=574\" aria-label=\"Read more about O que \u00e9 mailing de imprensa? Para que serve?\" tabindex=\"-1\" >\n\t\t\tSaiba mais \u00bb\t\t<\/a>\n\n\t\t\t\t<\/div>\n\t\t\t\t<\/article>\n\t\t\t\t<article class=\"elementor-post elementor-grid-item post-442 post type-post status-publish format-standard has-post-thumbnail hentry category-comunicacao\">\n\t\t\t\t<a class=\"elementor-post__thumbnail__link\" href=\"https:\/\/publikaai.com.br\/?p=442\" tabindex=\"-1\" >\n\t\t\t<div class=\"elementor-post__thumbnail\"><img loading=\"lazy\" decoding=\"async\" width=\"800\" height=\"400\" src=\"https:\/\/publikaai.com.br\/wp-content\/uploads\/2021\/05\/Principais-problemas-de-comunicacao-nas-empresas.jpg\" class=\"attachment-full size-full wp-image-430\" alt=\"Principais problemas de comunica\u00e7\u00e3o nas empresas\" srcset=\"https:\/\/publikaai.com.br\/wp-content\/uploads\/2021\/05\/Principais-problemas-de-comunicacao-nas-empresas.jpg 800w, https:\/\/publikaai.com.br\/wp-content\/uploads\/2021\/05\/Principais-problemas-de-comunicacao-nas-empresas-300x150.jpg 300w, https:\/\/publikaai.com.br\/wp-content\/uploads\/2021\/05\/Principais-problemas-de-comunicacao-nas-empresas-768x384.jpg 768w, https:\/\/publikaai.com.br\/wp-content\/uploads\/2021\/05\/Principais-problemas-de-comunicacao-nas-empresas-260x130.jpg 260w, https:\/\/publikaai.com.br\/wp-content\/uploads\/2021\/05\/Principais-problemas-de-comunicacao-nas-empresas-50x25.jpg 50w, https:\/\/publikaai.com.br\/wp-content\/uploads\/2021\/05\/Principais-problemas-de-comunicacao-nas-empresas-150x75.jpg 150w\" sizes=\"(max-width: 800px) 100vw, 800px\" \/><\/div>\n\t\t<\/a>\n\t\t\t\t<div class=\"elementor-post__text\">\n\t\t\t\t<h3 class=\"elementor-post__title\">\n\t\t\t<a href=\"https:\/\/publikaai.com.br\/?p=442\" >\n\t\t\t\tPrincipais problemas de comunica\u00e7\u00e3o nas empresas\t\t\t<\/a>\n\t\t<\/h3>\n\t\t\t\t<div class=\"elementor-post__meta-data\">\n\t\t\t\t\t<span class=\"elementor-post-author\">\n\t\t\tLudmila Baldoni\t\t<\/span>\n\t\t\t\t<\/div>\n\t\t\n\t\t<a class=\"elementor-post__read-more\" href=\"https:\/\/publikaai.com.br\/?p=442\" aria-label=\"Read more about Principais problemas de comunica\u00e7\u00e3o nas empresas\" tabindex=\"-1\" >\n\t\t\tSaiba mais \u00bb\t\t<\/a>\n\n\t\t\t\t<\/div>\n\t\t\t\t<\/article>\n\t\t\t\t<article class=\"elementor-post elementor-grid-item post-439 post type-post status-publish format-standard has-post-thumbnail hentry category-imprensa\">\n\t\t\t\t<a class=\"elementor-post__thumbnail__link\" href=\"https:\/\/publikaai.com.br\/?p=439\" tabindex=\"-1\" >\n\t\t\t<div class=\"elementor-post__thumbnail\"><img loading=\"lazy\" decoding=\"async\" width=\"800\" height=\"400\" src=\"https:\/\/publikaai.com.br\/wp-content\/uploads\/2021\/05\/Como-funciona-uma-assessoria-de-imprensa.jpg\" class=\"attachment-full size-full wp-image-431\" alt=\"Como funciona uma assessoria de imprensa?\" srcset=\"https:\/\/publikaai.com.br\/wp-content\/uploads\/2021\/05\/Como-funciona-uma-assessoria-de-imprensa.jpg 800w, https:\/\/publikaai.com.br\/wp-content\/uploads\/2021\/05\/Como-funciona-uma-assessoria-de-imprensa-300x150.jpg 300w, https:\/\/publikaai.com.br\/wp-content\/uploads\/2021\/05\/Como-funciona-uma-assessoria-de-imprensa-768x384.jpg 768w, https:\/\/publikaai.com.br\/wp-content\/uploads\/2021\/05\/Como-funciona-uma-assessoria-de-imprensa-260x130.jpg 260w, https:\/\/publikaai.com.br\/wp-content\/uploads\/2021\/05\/Como-funciona-uma-assessoria-de-imprensa-50x25.jpg 50w, https:\/\/publikaai.com.br\/wp-content\/uploads\/2021\/05\/Como-funciona-uma-assessoria-de-imprensa-150x75.jpg 150w\" sizes=\"(max-width: 800px) 100vw, 800px\" \/><\/div>\n\t\t<\/a>\n\t\t\t\t<div class=\"elementor-post__text\">\n\t\t\t\t<h3 class=\"elementor-post__title\">\n\t\t\t<a href=\"https:\/\/publikaai.com.br\/?p=439\" >\n\t\t\t\tComo funciona uma assessoria de imprensa?\t\t\t<\/a>\n\t\t<\/h3>\n\t\t\t\t<div class=\"elementor-post__meta-data\">\n\t\t\t\t\t<span class=\"elementor-post-author\">\n\t\t\tLudmila Baldoni\t\t<\/span>\n\t\t\t\t<\/div>\n\t\t\n\t\t<a class=\"elementor-post__read-more\" href=\"https:\/\/publikaai.com.br\/?p=439\" aria-label=\"Read more about Como funciona uma assessoria de imprensa?\" tabindex=\"-1\" >\n\t\t\tSaiba mais \u00bb\t\t<\/a>\n\n\t\t\t\t<\/div>\n\t\t\t\t<\/article>\n\t\t\t\t<article class=\"elementor-post elementor-grid-item post-436 post type-post status-publish format-standard has-post-thumbnail hentry category-marketing\">\n\t\t\t\t<a class=\"elementor-post__thumbnail__link\" href=\"https:\/\/publikaai.com.br\/?p=436\" tabindex=\"-1\" >\n\t\t\t<div class=\"elementor-post__thumbnail\"><img loading=\"lazy\" decoding=\"async\" width=\"800\" height=\"400\" src=\"https:\/\/publikaai.com.br\/wp-content\/uploads\/2021\/05\/gatilhos-mentais-poderosos-para-influenciar-pessoas.jpg\" class=\"attachment-full size-full wp-image-432\" alt=\"gatilhos mentais poderosos para influenciar pessoas\" srcset=\"https:\/\/publikaai.com.br\/wp-content\/uploads\/2021\/05\/gatilhos-mentais-poderosos-para-influenciar-pessoas.jpg 800w, https:\/\/publikaai.com.br\/wp-content\/uploads\/2021\/05\/gatilhos-mentais-poderosos-para-influenciar-pessoas-300x150.jpg 300w, https:\/\/publikaai.com.br\/wp-content\/uploads\/2021\/05\/gatilhos-mentais-poderosos-para-influenciar-pessoas-768x384.jpg 768w, https:\/\/publikaai.com.br\/wp-content\/uploads\/2021\/05\/gatilhos-mentais-poderosos-para-influenciar-pessoas-260x130.jpg 260w, https:\/\/publikaai.com.br\/wp-content\/uploads\/2021\/05\/gatilhos-mentais-poderosos-para-influenciar-pessoas-50x25.jpg 50w, https:\/\/publikaai.com.br\/wp-content\/uploads\/2021\/05\/gatilhos-mentais-poderosos-para-influenciar-pessoas-150x75.jpg 150w\" sizes=\"(max-width: 800px) 100vw, 800px\" \/><\/div>\n\t\t<\/a>\n\t\t\t\t<div class=\"elementor-post__text\">\n\t\t\t\t<h3 class=\"elementor-post__title\">\n\t\t\t<a href=\"https:\/\/publikaai.com.br\/?p=436\" >\n\t\t\t\t7 gatilhos mentais poderosos para influenciar pessoas\t\t\t<\/a>\n\t\t<\/h3>\n\t\t\t\t<div class=\"elementor-post__meta-data\">\n\t\t\t\t\t<span class=\"elementor-post-author\">\n\t\t\tLudmila Baldoni\t\t<\/span>\n\t\t\t\t<\/div>\n\t\t\n\t\t<a class=\"elementor-post__read-more\" href=\"https:\/\/publikaai.com.br\/?p=436\" aria-label=\"Read more about 7 gatilhos mentais poderosos para influenciar pessoas\" tabindex=\"-1\" >\n\t\t\tSaiba mais \u00bb\t\t<\/a>\n\n\t\t\t\t<\/div>\n\t\t\t\t<\/article>\n\t\t\t\t<article class=\"elementor-post elementor-grid-item post-434 post type-post status-publish format-standard has-post-thumbnail hentry category-comunicacao\">\n\t\t\t\t<a class=\"elementor-post__thumbnail__link\" href=\"https:\/\/publikaai.com.br\/?p=434\" tabindex=\"-1\" >\n\t\t\t<div class=\"elementor-post__thumbnail\"><img loading=\"lazy\" decoding=\"async\" width=\"800\" height=\"400\" src=\"https:\/\/publikaai.com.br\/wp-content\/uploads\/2021\/05\/O-que-e-editorial.jpg\" class=\"attachment-full size-full wp-image-433\" alt=\"O que \u00e9 editorial\" srcset=\"https:\/\/publikaai.com.br\/wp-content\/uploads\/2021\/05\/O-que-e-editorial.jpg 800w, https:\/\/publikaai.com.br\/wp-content\/uploads\/2021\/05\/O-que-e-editorial-300x150.jpg 300w, https:\/\/publikaai.com.br\/wp-content\/uploads\/2021\/05\/O-que-e-editorial-768x384.jpg 768w, https:\/\/publikaai.com.br\/wp-content\/uploads\/2021\/05\/O-que-e-editorial-260x130.jpg 260w, https:\/\/publikaai.com.br\/wp-content\/uploads\/2021\/05\/O-que-e-editorial-50x25.jpg 50w, https:\/\/publikaai.com.br\/wp-content\/uploads\/2021\/05\/O-que-e-editorial-150x75.jpg 150w\" sizes=\"(max-width: 800px) 100vw, 800px\" \/><\/div>\n\t\t<\/a>\n\t\t\t\t<div class=\"elementor-post__text\">\n\t\t\t\t<h3 class=\"elementor-post__title\">\n\t\t\t<a href=\"https:\/\/publikaai.com.br\/?p=434\" >\n\t\t\t\tO que \u00e9 um editorial?\t\t\t<\/a>\n\t\t<\/h3>\n\t\t\t\t<div class=\"elementor-post__meta-data\">\n\t\t\t\t\t<span class=\"elementor-post-author\">\n\t\t\tLudmila Baldoni\t\t<\/span>\n\t\t\t\t<\/div>\n\t\t\n\t\t<a class=\"elementor-post__read-more\" href=\"https:\/\/publikaai.com.br\/?p=434\" aria-label=\"Read more about O que \u00e9 um editorial?\" tabindex=\"-1\" >\n\t\t\tSaiba mais \u00bb\t\t<\/a>\n\n\t\t\t\t<\/div>\n\t\t\t\t<\/article>\n\t\t\t\t<article class=\"elementor-post elementor-grid-item post-427 post type-post status-publish format-standard has-post-thumbnail hentry category-comunicacao\">\n\t\t\t\t<a class=\"elementor-post__thumbnail__link\" href=\"https:\/\/publikaai.com.br\/?p=427\" tabindex=\"-1\" >\n\t\t\t<div class=\"elementor-post__thumbnail\"><img loading=\"lazy\" decoding=\"async\" width=\"800\" height=\"400\" src=\"https:\/\/publikaai.com.br\/wp-content\/uploads\/2021\/05\/o-que-e-rp.jpg\" class=\"attachment-full size-full wp-image-426\" alt=\"o que \u00e9 rp\" srcset=\"https:\/\/publikaai.com.br\/wp-content\/uploads\/2021\/05\/o-que-e-rp.jpg 800w, https:\/\/publikaai.com.br\/wp-content\/uploads\/2021\/05\/o-que-e-rp-300x150.jpg 300w, https:\/\/publikaai.com.br\/wp-content\/uploads\/2021\/05\/o-que-e-rp-768x384.jpg 768w, https:\/\/publikaai.com.br\/wp-content\/uploads\/2021\/05\/o-que-e-rp-260x130.jpg 260w, https:\/\/publikaai.com.br\/wp-content\/uploads\/2021\/05\/o-que-e-rp-50x25.jpg 50w, https:\/\/publikaai.com.br\/wp-content\/uploads\/2021\/05\/o-que-e-rp-150x75.jpg 150w\" sizes=\"(max-width: 800px) 100vw, 800px\" \/><\/div>\n\t\t<\/a>\n\t\t\t\t<div class=\"elementor-post__text\">\n\t\t\t\t<h3 class=\"elementor-post__title\">\n\t\t\t<a href=\"https:\/\/publikaai.com.br\/?p=427\" >\n\t\t\t\tO que \u00e9 RP ou PR? Entenda o significado e atividades desse profissional\t\t\t<\/a>\n\t\t<\/h3>\n\t\t\t\t<div class=\"elementor-post__meta-data\">\n\t\t\t\t\t<span class=\"elementor-post-author\">\n\t\t\tLudmila Baldoni\t\t<\/span>\n\t\t\t\t<\/div>\n\t\t\n\t\t<a class=\"elementor-post__read-more\" href=\"https:\/\/publikaai.com.br\/?p=427\" aria-label=\"Read more about O que \u00e9 RP ou PR? Entenda o significado e atividades desse profissional\" tabindex=\"-1\" >\n\t\t\tSaiba mais \u00bb\t\t<\/a>\n\n\t\t\t\t<\/div>\n\t\t\t\t<\/article>\n\t\t\t\t<\/div>\n\t\t\n\t\t\t\t\t\t<\/div>\n\t\t\t\t<\/div>\n\t\t\t\t\t<\/div>\n\t\t<\/div>\n\t\t\t\t\t<\/div>\n\t\t<\/section>\n\t\t\t\t\t<\/div>\n\t\t<\/div>\n\t\t\t\t\t<\/div>\n\t\t<\/section>\n\t\t\t\t<\/div>\n\t\t","protected":false},"excerpt":{"rendered":"<p>Saber os canais corretos para construir uma imagem s\u00f3lida e se aproximar dos seu p\u00fablico-alvo exige alguns cuidados. \u00c9 necess\u00e1rio &#8230;<\/p>\n","protected":false},"author":3,"featured_media":1308,"comment_status":"open","ping_status":"open","sticky":false,"template":"elementor_canvas","format":"standard","meta":{"_joinchat":[],"footnotes":""},"categories":[5],"tags":[],"class_list":["post-622","post","type-post","status-publish","format-standard","has-post-thumbnail","hentry","category-comunicacao"],"yoast_head":"<!-- This site is optimized with the Yoast SEO plugin v20.8 - https:\/\/yoast.com\/wordpress\/plugins\/seo\/ -->\n<title>Principais estrat\u00e9gias de comunica\u00e7\u00e3o empresarial | Persona, Parcerias<\/title>\n<meta name=\"description\" content=\"Saber os canais corretos para construir uma imagem s\u00f3lida e se aproximar dos seu p\u00fablico-alvo exige alguns cuidados. \u00c9 necess\u00e1rio ...\" \/>\n<meta name=\"robots\" content=\"index, follow, max-snippet:-1, max-image-preview:large, max-video-preview:-1\" \/>\n<link rel=\"canonical\" href=\"https:\/\/publikaai.com.br\/?p=622\" \/>\n<meta property=\"og:locale\" content=\"pt_BR\" \/>\n<meta property=\"og:type\" content=\"article\" \/>\n<meta property=\"og:title\" content=\"Principais estrat\u00e9gias de comunica\u00e7\u00e3o empresarial | Persona, Parcerias\" \/>\n<meta property=\"og:description\" content=\"Saber os canais corretos para construir uma imagem s\u00f3lida e se aproximar dos seu p\u00fablico-alvo exige alguns cuidados. \u00c9 necess\u00e1rio ...\" \/>\n<meta property=\"og:url\" content=\"https:\/\/publikaai.com.br\/?p=622\" \/>\n<meta property=\"og:site_name\" content=\"Publika.a\u00ed Comunica\u00e7\u00e3o\" \/>\n<meta property=\"article:published_time\" content=\"2021-09-27T23:38:42+00:00\" \/>\n<meta property=\"article:modified_time\" content=\"2023-03-10T21:13:12+00:00\" \/>\n<meta property=\"og:image\" content=\"https:\/\/publikaai.com.br\/wp-content\/uploads\/2021\/09\/Principais-estrategias-de-comunicacao-empresarial.webp\" \/>\n\t<meta property=\"og:image:width\" content=\"800\" \/>\n\t<meta property=\"og:image:height\" content=\"400\" \/>\n\t<meta property=\"og:image:type\" content=\"image\/webp\" \/>\n<meta name=\"author\" content=\"Ludmila Baldoni\" \/>\n<meta name=\"twitter:card\" content=\"summary_large_image\" \/>\n<meta name=\"twitter:label1\" content=\"Escrito por\" \/>\n\t<meta name=\"twitter:data1\" content=\"Ludmila Baldoni\" \/>\n\t<meta name=\"twitter:label2\" content=\"Est. tempo de leitura\" \/>\n\t<meta name=\"twitter:data2\" content=\"8 minutos\" \/>\n<script type=\"application\/ld+json\" class=\"yoast-schema-graph\">{\"@context\":\"https:\/\/schema.org\",\"@graph\":[{\"@type\":\"Article\",\"@id\":\"https:\/\/publikaai.com.br\/?p=622#article\",\"isPartOf\":{\"@id\":\"https:\/\/publikaai.com.br\/?p=622\"},\"author\":{\"name\":\"Ludmila Baldoni\",\"@id\":\"https:\/\/publikaai.com.br\/#\/schema\/person\/2a77ee012024d58d7df0e1f5e29da70a\"},\"headline\":\"Principais estrat\u00e9gias de comunica\u00e7\u00e3o empresarial\",\"datePublished\":\"2021-09-27T23:38:42+00:00\",\"dateModified\":\"2023-03-10T21:13:12+00:00\",\"mainEntityOfPage\":{\"@id\":\"https:\/\/publikaai.com.br\/?p=622\"},\"wordCount\":1456,\"commentCount\":0,\"publisher\":{\"@id\":\"https:\/\/publikaai.com.br\/#organization\"},\"articleSection\":[\"Comunica\u00e7\u00e3o\"],\"inLanguage\":\"pt-BR\",\"potentialAction\":[{\"@type\":\"CommentAction\",\"name\":\"Comment\",\"target\":[\"https:\/\/publikaai.com.br\/?p=622#respond\"]}]},{\"@type\":\"WebPage\",\"@id\":\"https:\/\/publikaai.com.br\/?p=622\",\"url\":\"https:\/\/publikaai.com.br\/?p=622\",\"name\":\"Principais estrat\u00e9gias de comunica\u00e7\u00e3o empresarial | Persona, Parcerias\",\"isPartOf\":{\"@id\":\"https:\/\/publikaai.com.br\/#website\"},\"datePublished\":\"2021-09-27T23:38:42+00:00\",\"dateModified\":\"2023-03-10T21:13:12+00:00\",\"description\":\"Saber os canais corretos para construir uma imagem s\u00f3lida e se aproximar dos seu p\u00fablico-alvo exige alguns cuidados. \u00c9 necess\u00e1rio ...\",\"breadcrumb\":{\"@id\":\"https:\/\/publikaai.com.br\/?p=622#breadcrumb\"},\"inLanguage\":\"pt-BR\",\"potentialAction\":[{\"@type\":\"ReadAction\",\"target\":[\"https:\/\/publikaai.com.br\/?p=622\"]}]},{\"@type\":\"BreadcrumbList\",\"@id\":\"https:\/\/publikaai.com.br\/?p=622#breadcrumb\",\"itemListElement\":[{\"@type\":\"ListItem\",\"position\":1,\"name\":\"In\u00edcio\",\"item\":\"https:\/\/publikaai.com.br\/\"},{\"@type\":\"ListItem\",\"position\":2,\"name\":\"Principais estrat\u00e9gias de comunica\u00e7\u00e3o empresarial\"}]},{\"@type\":\"WebSite\",\"@id\":\"https:\/\/publikaai.com.br\/#website\",\"url\":\"https:\/\/publikaai.com.br\/\",\"name\":\"Publika.a\u00ed Comunica\u00e7\u00e3o e Marketing\",\"description\":\"Uma ag\u00eancia com foco em resultado, n\u00e3o segmentada e que transita com facilidade em todos os canais e ve\u00edculos de comunica\u00e7\u00e3o.\",\"publisher\":{\"@id\":\"https:\/\/publikaai.com.br\/#organization\"},\"potentialAction\":[{\"@type\":\"SearchAction\",\"target\":{\"@type\":\"EntryPoint\",\"urlTemplate\":\"https:\/\/publikaai.com.br\/?s={search_term_string}\"},\"query-input\":\"required name=search_term_string\"}],\"inLanguage\":\"pt-BR\"},{\"@type\":\"Organization\",\"@id\":\"https:\/\/publikaai.com.br\/#organization\",\"name\":\"Publika.a\u00ed Comunica\u00e7\u00e3o e Marketing\",\"url\":\"https:\/\/publikaai.com.br\/\",\"logo\":{\"@type\":\"ImageObject\",\"inLanguage\":\"pt-BR\",\"@id\":\"https:\/\/publikaai.com.br\/#\/schema\/logo\/image\/\",\"url\":\"https:\/\/publikaai.com.br\/wp-content\/uploads\/2023\/03\/cropped-publika_ai.webp\",\"contentUrl\":\"https:\/\/publikaai.com.br\/wp-content\/uploads\/2023\/03\/cropped-publika_ai.webp\",\"width\":1350,\"height\":352,\"caption\":\"Publika.a\u00ed Comunica\u00e7\u00e3o e Marketing\"},\"image\":{\"@id\":\"https:\/\/publikaai.com.br\/#\/schema\/logo\/image\/\"},\"sameAs\":[\"https:\/\/www.instagram.com\/publika.ai\"]},{\"@type\":\"Person\",\"@id\":\"https:\/\/publikaai.com.br\/#\/schema\/person\/2a77ee012024d58d7df0e1f5e29da70a\",\"name\":\"Ludmila Baldoni\",\"image\":{\"@type\":\"ImageObject\",\"inLanguage\":\"pt-BR\",\"@id\":\"https:\/\/publikaai.com.br\/#\/schema\/person\/image\/\",\"url\":\"https:\/\/secure.gravatar.com\/avatar\/729ce976da06ee45293a97cfb2794a36?s=96&d=mm&r=g\",\"contentUrl\":\"https:\/\/secure.gravatar.com\/avatar\/729ce976da06ee45293a97cfb2794a36?s=96&d=mm&r=g\",\"caption\":\"Ludmila Baldoni\"},\"description\":\"Comunicativa por natureza ingressou na faculdade de jornalismo ciente do que queria para a sua trajet\u00f3ria profissional e desde ent\u00e3o, a assessoria de imprensa se tornou sua grande paix\u00e3o. Com mais de quinze anos de experi\u00eancia, j\u00e1 atuou como consultora em projetos de comunica\u00e7\u00e3o, coordenou e liderou equipes de jornalistas, organizou feiras e eventos, gerenciou a\u00e7\u00f5es de marketing em todo o pa\u00eds. Durante seis foi anos foi s\u00f3cia de uma assessoria de imprensa e recentemente decidiu buscar v\u00f4os mais altos e fundou a Publika\u00ed, uma ag\u00eancia que tem como miss\u00e3o encontrar solu\u00e7\u00f5es de comunica\u00e7\u00e3o atrav\u00e9s de modelos multissetorias.\",\"url\":\"https:\/\/publikaai.com.br\/?author=3\"}]}<\/script>\n<!-- \/ Yoast SEO plugin. -->","yoast_head_json":{"title":"Principais estrat\u00e9gias de comunica\u00e7\u00e3o empresarial | Persona, Parcerias","description":"Saber os canais corretos para construir uma imagem s\u00f3lida e se aproximar dos seu p\u00fablico-alvo exige alguns cuidados. \u00c9 necess\u00e1rio ...","robots":{"index":"index","follow":"follow","max-snippet":"max-snippet:-1","max-image-preview":"max-image-preview:large","max-video-preview":"max-video-preview:-1"},"canonical":"https:\/\/publikaai.com.br\/?p=622","og_locale":"pt_BR","og_type":"article","og_title":"Principais estrat\u00e9gias de comunica\u00e7\u00e3o empresarial | Persona, Parcerias","og_description":"Saber os canais corretos para construir uma imagem s\u00f3lida e se aproximar dos seu p\u00fablico-alvo exige alguns cuidados. \u00c9 necess\u00e1rio ...","og_url":"https:\/\/publikaai.com.br\/?p=622","og_site_name":"Publika.a\u00ed Comunica\u00e7\u00e3o","article_published_time":"2021-09-27T23:38:42+00:00","article_modified_time":"2023-03-10T21:13:12+00:00","og_image":[{"width":800,"height":400,"url":"https:\/\/publikaai.com.br\/wp-content\/uploads\/2021\/09\/Principais-estrategias-de-comunicacao-empresarial.webp","type":"image\/webp"}],"author":"Ludmila Baldoni","twitter_card":"summary_large_image","twitter_misc":{"Escrito por":"Ludmila Baldoni","Est. tempo de leitura":"8 minutos"},"schema":{"@context":"https:\/\/schema.org","@graph":[{"@type":"Article","@id":"https:\/\/publikaai.com.br\/?p=622#article","isPartOf":{"@id":"https:\/\/publikaai.com.br\/?p=622"},"author":{"name":"Ludmila Baldoni","@id":"https:\/\/publikaai.com.br\/#\/schema\/person\/2a77ee012024d58d7df0e1f5e29da70a"},"headline":"Principais estrat\u00e9gias de comunica\u00e7\u00e3o empresarial","datePublished":"2021-09-27T23:38:42+00:00","dateModified":"2023-03-10T21:13:12+00:00","mainEntityOfPage":{"@id":"https:\/\/publikaai.com.br\/?p=622"},"wordCount":1456,"commentCount":0,"publisher":{"@id":"https:\/\/publikaai.com.br\/#organization"},"articleSection":["Comunica\u00e7\u00e3o"],"inLanguage":"pt-BR","potentialAction":[{"@type":"CommentAction","name":"Comment","target":["https:\/\/publikaai.com.br\/?p=622#respond"]}]},{"@type":"WebPage","@id":"https:\/\/publikaai.com.br\/?p=622","url":"https:\/\/publikaai.com.br\/?p=622","name":"Principais estrat\u00e9gias de comunica\u00e7\u00e3o empresarial | Persona, Parcerias","isPartOf":{"@id":"https:\/\/publikaai.com.br\/#website"},"datePublished":"2021-09-27T23:38:42+00:00","dateModified":"2023-03-10T21:13:12+00:00","description":"Saber os canais corretos para construir uma imagem s\u00f3lida e se aproximar dos seu p\u00fablico-alvo exige alguns cuidados. \u00c9 necess\u00e1rio ...","breadcrumb":{"@id":"https:\/\/publikaai.com.br\/?p=622#breadcrumb"},"inLanguage":"pt-BR","potentialAction":[{"@type":"ReadAction","target":["https:\/\/publikaai.com.br\/?p=622"]}]},{"@type":"BreadcrumbList","@id":"https:\/\/publikaai.com.br\/?p=622#breadcrumb","itemListElement":[{"@type":"ListItem","position":1,"name":"In\u00edcio","item":"https:\/\/publikaai.com.br\/"},{"@type":"ListItem","position":2,"name":"Principais estrat\u00e9gias de comunica\u00e7\u00e3o empresarial"}]},{"@type":"WebSite","@id":"https:\/\/publikaai.com.br\/#website","url":"https:\/\/publikaai.com.br\/","name":"Publika.a\u00ed Comunica\u00e7\u00e3o e Marketing","description":"Uma ag\u00eancia com foco em resultado, n\u00e3o segmentada e que transita com facilidade em todos os canais e ve\u00edculos de comunica\u00e7\u00e3o.","publisher":{"@id":"https:\/\/publikaai.com.br\/#organization"},"potentialAction":[{"@type":"SearchAction","target":{"@type":"EntryPoint","urlTemplate":"https:\/\/publikaai.com.br\/?s={search_term_string}"},"query-input":"required name=search_term_string"}],"inLanguage":"pt-BR"},{"@type":"Organization","@id":"https:\/\/publikaai.com.br\/#organization","name":"Publika.a\u00ed Comunica\u00e7\u00e3o e Marketing","url":"https:\/\/publikaai.com.br\/","logo":{"@type":"ImageObject","inLanguage":"pt-BR","@id":"https:\/\/publikaai.com.br\/#\/schema\/logo\/image\/","url":"https:\/\/publikaai.com.br\/wp-content\/uploads\/2023\/03\/cropped-publika_ai.webp","contentUrl":"https:\/\/publikaai.com.br\/wp-content\/uploads\/2023\/03\/cropped-publika_ai.webp","width":1350,"height":352,"caption":"Publika.a\u00ed Comunica\u00e7\u00e3o e Marketing"},"image":{"@id":"https:\/\/publikaai.com.br\/#\/schema\/logo\/image\/"},"sameAs":["https:\/\/www.instagram.com\/publika.ai"]},{"@type":"Person","@id":"https:\/\/publikaai.com.br\/#\/schema\/person\/2a77ee012024d58d7df0e1f5e29da70a","name":"Ludmila Baldoni","image":{"@type":"ImageObject","inLanguage":"pt-BR","@id":"https:\/\/publikaai.com.br\/#\/schema\/person\/image\/","url":"https:\/\/secure.gravatar.com\/avatar\/729ce976da06ee45293a97cfb2794a36?s=96&d=mm&r=g","contentUrl":"https:\/\/secure.gravatar.com\/avatar\/729ce976da06ee45293a97cfb2794a36?s=96&d=mm&r=g","caption":"Ludmila Baldoni"},"description":"Comunicativa por natureza ingressou na faculdade de jornalismo ciente do que queria para a sua trajet\u00f3ria profissional e desde ent\u00e3o, a assessoria de imprensa se tornou sua grande paix\u00e3o. Com mais de quinze anos de experi\u00eancia, j\u00e1 atuou como consultora em projetos de comunica\u00e7\u00e3o, coordenou e liderou equipes de jornalistas, organizou feiras e eventos, gerenciou a\u00e7\u00f5es de marketing em todo o pa\u00eds. Durante seis foi anos foi s\u00f3cia de uma assessoria de imprensa e recentemente decidiu buscar v\u00f4os mais altos e fundou a Publika\u00ed, uma ag\u00eancia que tem como miss\u00e3o encontrar solu\u00e7\u00f5es de comunica\u00e7\u00e3o atrav\u00e9s de modelos multissetorias.","url":"https:\/\/publikaai.com.br\/?author=3"}]}},"_links":{"self":[{"href":"https:\/\/publikaai.com.br\/index.php?rest_route=\/wp\/v2\/posts\/622","targetHints":{"allow":["GET"]}}],"collection":[{"href":"https:\/\/publikaai.com.br\/index.php?rest_route=\/wp\/v2\/posts"}],"about":[{"href":"https:\/\/publikaai.com.br\/index.php?rest_route=\/wp\/v2\/types\/post"}],"author":[{"embeddable":true,"href":"https:\/\/publikaai.com.br\/index.php?rest_route=\/wp\/v2\/users\/3"}],"replies":[{"embeddable":true,"href":"https:\/\/publikaai.com.br\/index.php?rest_route=%2Fwp%2Fv2%2Fcomments&post=622"}],"version-history":[{"count":21,"href":"https:\/\/publikaai.com.br\/index.php?rest_route=\/wp\/v2\/posts\/622\/revisions"}],"predecessor-version":[{"id":1309,"href":"https:\/\/publikaai.com.br\/index.php?rest_route=\/wp\/v2\/posts\/622\/revisions\/1309"}],"wp:featuredmedia":[{"embeddable":true,"href":"https:\/\/publikaai.com.br\/index.php?rest_route=\/wp\/v2\/media\/1308"}],"wp:attachment":[{"href":"https:\/\/publikaai.com.br\/index.php?rest_route=%2Fwp%2Fv2%2Fmedia&parent=622"}],"wp:term":[{"taxonomy":"category","embeddable":true,"href":"https:\/\/publikaai.com.br\/index.php?rest_route=%2Fwp%2Fv2%2Fcategories&post=622"},{"taxonomy":"post_tag","embeddable":true,"href":"https:\/\/publikaai.com.br\/index.php?rest_route=%2Fwp%2Fv2%2Ftags&post=622"}],"curies":[{"name":"wp","href":"https:\/\/api.w.org\/{rel}","templated":true}]}}